{"id":121159,"date":"2025-08-18T11:30:49","date_gmt":"2025-08-18T11:30:49","guid":{"rendered":"https:\/\/rdnews.al\/?p=121159"},"modified":"2025-08-18T11:30:49","modified_gmt":"2025-08-18T11:30:49","slug":"demet-nga-zjarret-berisha-qytetaret-meritojne-zhdemtimin-maksimal-per-kete-krim-shteteror","status":"publish","type":"post","link":"https:\/\/rdnews.al\/index.php\/2025\/08\/18\/demet-nga-zjarret-berisha-qytetaret-meritojne-zhdemtimin-maksimal-per-kete-krim-shteteror\/","title":{"rendered":"D\u00ebmet nga zjarret\/ Berisha: Qytetar\u00ebt meritojn\u00eb zhd\u00ebmtimin maksimal p\u00ebr k\u00ebt\u00eb krim shtet\u00ebror!"},"content":{"rendered":"<p>Kryetari i PD, Sali Berisha, gjat\u00eb nj\u00eb konference me gazetar\u00ebt, duke folur p\u00ebr d\u00ebmet nga zjarret tha se, q\u00ebllimi im \u00ebsht\u00eb q\u00eb t\u00eb nd\u00ebrgjegj\u00ebsoj qytetar\u00ebt se meritojn\u00eb zhd\u00ebmtimin maksimal p\u00ebr k\u00ebt\u00eb krim shtet\u00ebror.<\/p>\n<p>\u201cCili \u00ebsht\u00eb q\u00ebllimi im sot para jush?<\/p>\n<p>\u00cbsht\u00eb t\u00eb mbroj interesat e qytetar\u00ebve t\u00eb d\u00ebnuar, sepse duke i njohur si nj\u00eb krim shtet\u00ebror, qeveria ka detyrimin ligjor dhe kushtetues p\u00ebr zhd\u00ebmtime maksimale, urgjente t\u00eb t\u00eb gjitha d\u00ebmit t\u00eb b\u00ebr\u00eb, n\u00eb banesa, n\u00eb bah\u00e7e, ullishte, bag\u00ebti dhe \u00e7do gj\u00eb tjet\u00ebr qindra e qindra fermer\u00ebve t\u00eb d\u00ebmtuar.<\/p>\n<p>Pra, sigurisht q\u00eb, Edi Rama \u00ebsht\u00eb p\u00ebrgjegj\u00ebs kryesor dhe e them edhe nj\u00ebher\u00eb, \u00ebsht\u00eb autori kryesor i k\u00ebtij krimi shtet\u00ebror.<\/p>\n<p>Por nuk \u00ebsht\u00eb ky q\u00ebllimi im kryesor, akuza n\u00eb k\u00ebt\u00eb rast, q\u00ebllimi im kryesor \u00ebsht\u00eb t\u00eb nd\u00ebrgjegj\u00ebsoj qytetar\u00ebt e d\u00ebmtuar se n\u00eb p\u00ebrputhje me ligjin dhe Kushtetut\u00ebn, njohja e p\u00ebrgjegj\u00ebsis\u00eb nga qeveria p\u00ebr krimin shtet\u00ebror, p\u00ebrb\u00ebn detyrim madhor p\u00ebr t\u2019iu p\u00ebrgjigjur zhd\u00ebmtimit maksimal t\u00eb \u00e7do fermeri, p\u00ebr \u00e7do d\u00ebmtim n\u00eb banes\u00eb, p\u00ebr \u00e7do d\u00ebmtim fizik, p\u00ebr viktimat q\u00eb u varros\u00ebn nga djegiet, p\u00ebr t\u00eb plagosurit, p\u00ebr bag\u00ebtit\u00eb, p\u00ebr rr\u00ebnj\u00ebt e ullinjve, p\u00ebr pyjet, p\u00ebr blet\u00ebt dhe \u00e7do gj\u00eb tjet\u00ebr.<\/p>\n<p>Pra, kjo ishte nj\u00eb ver\u00eb e nj\u00eb krimi monstruoz shtet\u00ebror\u201d, tha Berisha.<\/p>\n","protected":false},"excerpt":{"rendered":"<p>Kryetari i PD, Sali Berisha, gjat\u00eb nj\u00eb konference me gazetar\u00ebt, duke folur p\u00ebr d\u00ebmet nga zjarret tha se, q\u00ebllimi im \u00ebsht\u00eb q\u00eb t\u00eb nd\u00ebrgjegj\u00ebsoj qytetar\u00ebt se meritojn\u00eb zhd\u00ebmtimin maksimal p\u00ebr k\u00ebt\u00eb krim shtet\u00ebror. \u201cCili \u00ebsht\u00eb q\u00ebllimi im sot para jush? \u00cbsht\u00eb t\u00eb mbroj interesat e qytetar\u00ebve t\u00eb d\u00ebnuar, sepse duke i njohur si nj\u00eb krim &hellip;<\/p>\n","protected":false},"author":4,"featured_media":121160,"comment_status":"closed","ping_status":"closed","sticky":false,"template":"","format":"standard","meta":{"footnotes":""},"categories":[37],"tags":[],"class_list":["post-121159","post","type-post","status-publish","format-standard","has-post-thumbnail","","category-politike"],"_links":{"self":[{"href":"https:\/\/rdnews.al\/index.php\/wp-json\/wp\/v2\/posts\/121159","targetHints":{"allow":["GET"]}}],"collection":[{"href":"https:\/\/rdnews.al\/index.php\/wp-json\/wp\/v2\/posts"}],"about":[{"href":"https:\/\/rdnews.al\/index.php\/wp-json\/wp\/v2\/types\/post"}],"author":[{"embeddable":true,"href":"https:\/\/rdnews.al\/index.php\/wp-json\/wp\/v2\/users\/4"}],"replies":[{"embeddable":true,"href":"https:\/\/rdnews.al\/index.php\/wp-json\/wp\/v2\/comments?post=121159"}],"version-history":[{"count":1,"href":"https:\/\/rdnews.al\/index.php\/wp-json\/wp\/v2\/posts\/121159\/revisions"}],"predecessor-version":[{"id":121161,"href":"https:\/\/rdnews.al\/index.php\/wp-json\/wp\/v2\/posts\/121159\/revisions\/121161"}],"wp:featuredmedia":[{"embeddable":true,"href":"https:\/\/rdnews.al\/index.php\/wp-json\/wp\/v2\/media\/121160"}],"wp:attachment":[{"href":"https:\/\/rdnews.al\/index.php\/wp-json\/wp\/v2\/media?parent=121159"}],"wp:term":[{"taxonomy":"category","embeddable":true,"href":"https:\/\/rdnews.al\/index.php\/wp-json\/wp\/v2\/categories?post=121159"},{"taxonomy":"post_tag","embeddable":true,"href":"https:\/\/rdnews.al\/index.php\/wp-json\/wp\/v2\/tags?post=121159"}],"curies":[{"name":"wp","href":"https:\/\/api.w.org\/{rel}","templated":true}]}}