{"id":121162,"date":"2025-08-18T11:35:36","date_gmt":"2025-08-18T11:35:36","guid":{"rendered":"https:\/\/rdnews.al\/?p=121162"},"modified":"2025-08-18T11:35:36","modified_gmt":"2025-08-18T11:35:36","slug":"berisha-europa-po-bindet-se-cfare-narkoshteti-i-rrezikshem-eshte-shqiperia-edi-rama-eshte-miliarderi-i-fshehte-me-i-madh-i-droges","status":"publish","type":"post","link":"https:\/\/rdnews.al\/index.php\/2025\/08\/18\/berisha-europa-po-bindet-se-cfare-narkoshteti-i-rrezikshem-eshte-shqiperia-edi-rama-eshte-miliarderi-i-fshehte-me-i-madh-i-droges\/","title":{"rendered":"Berisha: Europa po bindet se \u00e7far\u00eb narkoshteti i rreziksh\u00ebm \u00ebsht\u00eb Shqip\u00ebria! Edi Rama \u00ebsht\u00eb miliarderi i fsheht\u00eb m\u00eb i madh i drog\u00ebs!"},"content":{"rendered":"<p>Lideri i opozit\u00ebs, Sali Berisha, n\u00eb nj\u00eb konferenc\u00eb p\u00ebr gazetar\u00ebt komentoi artikullin e gazet\u00ebs britanike Telegraph, duke theksuar se Europa po bindet p\u00ebr natyr\u00ebn e rrezikshme t\u00eb narkoshtetit shqiptar.<br \/>\nAi vuri n\u00eb dukje se mediat serioze europiane si BBC, Financial Times, Guardian dhe Independent kan\u00eb dh\u00ebn\u00eb alarmin p\u00ebr lidhjet e qeveris\u00eb me krimin e organizuar.<br \/>\nBerisha akuzoi kryeministrin Edi Rama si kryetar t\u00eb nj\u00eb organizate kriminale dhe \u201cmiliarderin e fsheht\u00eb m\u00eb t\u00eb madh t\u00eb drog\u00ebs n\u00eb Europ\u00eb\u201d.<br \/>\n\u201cS\u00eb pari, e p\u00ebrsh\u00ebndes artikullin e gazet\u00ebs \u2018Telegraph\u2019.<br \/>\nS\u00eb dyti, gradualisht Europa po bindet se \u00e7far\u00eb narkoshteti i rreziksh\u00ebm \u00ebsht\u00eb Shqip\u00ebria.<br \/>\nN\u00eb fakt \u00ebsht\u00eb n\u00eb merit\u00ebn e disa prej medieve m\u00eb serioze t\u00eb Europ\u00ebs, p\u00ebrfshi k\u00ebtu edhe mediat britanike si BBC, Financial Times, Guardian, Independent, q\u00eb kan\u00eb dh\u00ebn\u00eb alarmin p\u00ebr narkoshtetin shqiptar.<br \/>\nPor, zhvillimet e fundit po nxjerrin n\u00eb pah at\u00eb q\u00eb kemi th\u00ebn\u00eb.<br \/>\nKur ne deklaronim se kartelet e drog\u00ebs n\u00eb Shqip\u00ebri jan\u00eb m\u00eb t\u00eb fuqishmet n\u00eb Europ\u00eb, t\u00eb tjer\u00ebt rrudhnin buz\u00ebt.<br \/>\nPor t\u00eb dh\u00ebnat e fundit d\u00ebshmojn\u00eb se, ata jan\u00eb, si\u00e7 thot\u00eb edhe artikulli, fuqia m\u00eb e madhe e krimit n\u00eb Europ\u00eb, q\u00eb dikton tregun e kokain\u00ebs, \u00e7mimin e kokain\u00ebs.<br \/>\nKur ne deklaronim se n\u00ebn mbrojtjen e Edi Ram\u00ebs, p\u00ebr t\u00eb lar\u00eb parat\u00eb n\u00eb Shqip\u00ebri, kartelet groposnin n\u00eb dhe miliarda euro me kontejner\u00eb apo m\u00ebnyra t\u00eb ndryshme, t\u00eb tjer\u00ebt nuk e besonin.<br \/>\nPor tani, del nga telefonatat se \u00c7ela porosit q\u00eb t\u00eb vendosen n\u00eb rr\u00ebnj\u00ebt e ullinjve 180 \u00e7anta. Po kjo \u00ebsht\u00eb nj\u00eb bised\u00eb dhe kjo nuk \u00ebsht\u00eb e sotmja, kjo \u00ebsht\u00eb e vitit 2020-2021.<br \/>\nPra, Europa po e kupton se pse Edi Rama donte me \u00e7do kusht amnistin\u00eb fiskale gjoja p\u00ebr diaspor\u00ebn.<br \/>\nEdi Rama \u00ebsht\u00eb kryetar i organizat\u00ebs kriminale m\u00eb t\u00eb rrezikshme n\u00eb Europ\u00eb, q\u00eb \u00ebsht\u00eb qeveria e tij, e lidhur kok\u00eb e k\u00ebmb\u00eb me kartelet, e mbrojtur nga Altin Troplini.<br \/>\nI mbrojtur n\u00eb \u00e7do afer\u00eb. I mbrojtur n\u00eb dosjen McGonigal. Ka nj\u00eb d\u00ebnim n\u00eb SHBA.<br \/>\nN\u00eb at\u00eb dosje, 14 her\u00eb citohet emri i Edi Ram\u00ebs. E mbron Troplini. E mbron Troplini!<br \/>\nA e d\u00ebgjuat ju q\u00eb 250 krer\u00eb dhe an\u00ebtar\u00eb t\u00eb organizatave kriminale me mandat arresti nd\u00ebrkomb\u00ebtar jan\u00eb t\u00eb lir\u00eb sepse Skapi dhe vart\u00ebsia e tij, edhe policia- nuk mund t\u00eb them, i njoftojn\u00eb p\u00ebrpara arrestimit dhe ata jan\u00eb t\u00eb lir\u00eb.<br \/>\nPra, p\u00ebr ta mbyllur, k\u00ebto miliarda q\u00eb investohen n\u00eb nd\u00ebrtime dhe turiz\u00ebm, jan\u00eb t\u00eb gjitha firma t\u00eb Edi Ram\u00ebs, autorizime dhe leje t\u00eb Edi Ram\u00ebs, me dijeni t\u00eb plot\u00eb se \u00e7far\u00eb p\u00ebrfaq\u00ebsojn\u00eb, dhe q\u00eb n\u00eb m\u00ebnyr\u00eb absolute ky e b\u00ebn kundrejt aksioneve t\u00eb tij n\u00eb t\u00eb gjitha ato.<br \/>\nEdi Rama \u00ebsht\u00eb sot, bazuar n\u00eb k\u00ebto t\u00eb dh\u00ebna, n\u00eb k\u00ebto flukse t\u00eb tmerrshme t\u00eb drog\u00ebs, miliarderi i fsheht\u00eb m\u00eb i madh i Europ\u00ebs ndoshta. Nga droga. Se k\u00ebto favore ai nuk ua b\u00ebn pa aksione. Nuk mund t\u00eb b\u00ebhen pa aksione\u201d, u shpreh Berisha.<\/p>\n","protected":false},"excerpt":{"rendered":"<p>Lideri i opozit\u00ebs, Sali Berisha, n\u00eb nj\u00eb konferenc\u00eb p\u00ebr gazetar\u00ebt komentoi artikullin e gazet\u00ebs britanike Telegraph, duke theksuar se Europa po bindet p\u00ebr natyr\u00ebn e rrezikshme t\u00eb narkoshtetit shqiptar. Ai vuri n\u00eb dukje se mediat serioze europiane si BBC, Financial Times, Guardian dhe Independent kan\u00eb dh\u00ebn\u00eb alarmin p\u00ebr lidhjet e qeveris\u00eb me krimin e organizuar. &hellip;<\/p>\n","protected":false},"author":4,"featured_media":48764,"comment_status":"closed","ping_status":"closed","sticky":false,"template":"","format":"standard","meta":{"footnotes":""},"categories":[37],"tags":[],"class_list":["post-121162","post","type-post","status-publish","format-standard","has-post-thumbnail","","category-politike"],"_links":{"self":[{"href":"https:\/\/rdnews.al\/index.php\/wp-json\/wp\/v2\/posts\/121162","targetHints":{"allow":["GET"]}}],"collection":[{"href":"https:\/\/rdnews.al\/index.php\/wp-json\/wp\/v2\/posts"}],"about":[{"href":"https:\/\/rdnews.al\/index.php\/wp-json\/wp\/v2\/types\/post"}],"author":[{"embeddable":true,"href":"https:\/\/rdnews.al\/index.php\/wp-json\/wp\/v2\/users\/4"}],"replies":[{"embeddable":true,"href":"https:\/\/rdnews.al\/index.php\/wp-json\/wp\/v2\/comments?post=121162"}],"version-history":[{"count":1,"href":"https:\/\/rdnews.al\/index.php\/wp-json\/wp\/v2\/posts\/121162\/revisions"}],"predecessor-version":[{"id":121163,"href":"https:\/\/rdnews.al\/index.php\/wp-json\/wp\/v2\/posts\/121162\/revisions\/121163"}],"wp:featuredmedia":[{"embeddable":true,"href":"https:\/\/rdnews.al\/index.php\/wp-json\/wp\/v2\/media\/48764"}],"wp:attachment":[{"href":"https:\/\/rdnews.al\/index.php\/wp-json\/wp\/v2\/media?parent=121162"}],"wp:term":[{"taxonomy":"category","embeddable":true,"href":"https:\/\/rdnews.al\/index.php\/wp-json\/wp\/v2\/categories?post=121162"},{"taxonomy":"post_tag","embeddable":true,"href":"https:\/\/rdnews.al\/index.php\/wp-json\/wp\/v2\/tags?post=121162"}],"curies":[{"name":"wp","href":"https:\/\/api.w.org\/{rel}","templated":true}]}}