{"id":121180,"date":"2025-08-18T12:54:19","date_gmt":"2025-08-18T12:54:19","guid":{"rendered":"https:\/\/rdnews.al\/?p=121180"},"modified":"2025-08-18T12:54:32","modified_gmt":"2025-08-18T12:54:32","slug":"250-kriminele-te-rrezikshem-me-mandat-arresti-nderkombetar-nuk-arrestohen-por-lihen-te-lire","status":"publish","type":"post","link":"https:\/\/rdnews.al\/index.php\/2025\/08\/18\/250-kriminele-te-rrezikshem-me-mandat-arresti-nderkombetar-nuk-arrestohen-por-lihen-te-lire\/","title":{"rendered":"250 kriminel\u00eb t\u00eb rreziksh\u00ebm me mandat arresti nd\u00ebrkomb\u00ebtar nuk arrestohen!"},"content":{"rendered":"<p><strong>Sali BERISHA<\/strong><\/p>\n<p>Sot un\u00eb lash\u00eb k\u00ebt\u00eb sh\u00ebnim: Altin Troplini, se \u00e7far\u00eb gjeta un\u00eb aty, aty ishte Elvis Do\u00e7i. Elvis Do\u00e7i, po i varte n\u00eb qaf\u00eb nj\u00eb pllakat\u00eb Altin Troplinit, n\u00eb t\u00eb cil\u00ebn e shpallte president i nderit i kartelit Troplini p\u00ebr shkall\u00ebn m\u00eb t\u00eb lart\u00eb t\u00eb bashk\u00ebpunimit dhe mb\u00ebshtetjes q\u00eb ai i dha k\u00ebtij karteli.<\/p>\n<p>Por shqiptar\u00ebt duhet ta din\u00eb se ky institucion, n\u00eb t\u00eb cilin pa diskutim ka njer\u00ebz t\u00eb ndersh\u00ebm, ka burra, gra, vajza dhe djem t\u00eb ndersh\u00ebm, por ka kriminel\u00eb m\u00eb t\u00eb posht\u00ebr, m\u00eb t\u00eb rreziksh\u00ebm se Troplin\u00ebt, se \u00c7el\u00ebt dhe se shum\u00eb t\u00eb tjer\u00eb.<\/p>\n<p>Nga bilanci i nj\u00eb gazetari kurajoz, investigativ, del se bashk\u00ebpun\u00ebtor\u00ebt e krimit n\u00eb k\u00ebt\u00eb institucion, si d\u00ebshmi e k\u00ebtij bashk\u00ebpunimi, 250 urdh\u00ebr arreste nd\u00ebrkomb\u00ebtare dhe komb\u00ebtare nuk jan\u00eb ekzekutuar sepse si n\u00eb rastin e Elvis Do\u00e7it, jan\u00eb mbajtur, jan\u00eb informuar krer\u00ebt e karteleve dhe de facto asnj\u00eb prej tyre nuk \u00ebsht\u00eb n\u00eb burg n\u00eb Shqip\u00ebri.<\/p>\n<p>\u00cbsht\u00eb nj\u00eb bashk\u00ebpunim i shkall\u00ebs m\u00eb t\u00eb lart\u00eb me krimin.<\/p>\n<p>N\u00eb qoft\u00eb se prokuroria e krimeve t\u00eb r\u00ebnda kishte nj\u00eb ekzekutim t\u00eb mandateve t\u00eb arrestit sipas statistik\u00ebs s\u00eb sakt\u00eb, q\u00eb shkonte n\u00eb 85-90 p\u00ebrqind, Altin Troplini dhe pasardh\u00ebsi i tij, ish-xhelati i policis\u00eb sekrete t\u00eb Enver Hoxh\u00ebs, kan\u00eb nj\u00eb ekzekutim q\u00eb p\u00ebr bos\u00ebt nuk shkon as n\u00eb 10 p\u00ebrqind.<\/p>\n<p>Dhe un\u00eb u b\u00ebj thirrje gazetar\u00ebve, q\u00eb un\u00eb kam respekt p\u00ebr ta, q\u00eb merren me informacionet e k\u00ebtij institucioni, t\u00eb mos bien viktim\u00eb e mashtrimeve dhe trillimeve t\u00eb tyre.<\/p>\n<p>Informuan se jan\u00eb kapur 17 tonelata drog\u00eb.<\/p>\n<p>Tani d\u00ebgjoni, dy jav\u00ebt e fundit, lajmet nd\u00ebrkomb\u00ebtare t\u00eb v\u00ebrtetuara jan\u00eb se n\u00eb duart e karteleve shqiptare t\u00eb \u00c7elajt dhe Ndreut apo atij Hoxhosmanit, kan\u00eb qarkulluar 34 ton\u00eb kokain\u00eb, e barabart\u00eb me 6.5 miliard\u00eb euro.<\/p>\n<p>Asnj\u00eb gram nuk \u00ebsht\u00eb kapur n\u00eb Shqip\u00ebri dhe dezinformojn\u00eb, mashtrojn\u00eb se u kap\u00ebn 17 tonelata.<\/p>\n<p>Pra, pse e theksova k\u00ebt\u00eb moment, e theksova se n\u00eb qoft\u00eb se Altin Troplinin e dekoroi sot, aty po e dekoronte Elvis Do\u00e7i, e shpalli president nderi t\u00eb kartelit Troplini pik\u00ebrisht p\u00ebr k\u00ebt\u00eb bashj\u00ebpunim kriminal t\u00eb ngusht\u00eb q\u00eb \u00ebsht\u00eb vendosur mes personave t\u00eb ngusht\u00eb k\u00ebtu.<\/p>\n<p>Nuk p\u00ebrjashtohet, nj\u00eb pjes\u00eb \u00ebsht\u00eb edhe policia pa diskutim, por rastet jan\u00eb flagrante, q\u00eb akuzohen vet\u00eb k\u00ebta prokuror\u00eb dhe kjo p\u00ebrb\u00ebn nj\u00eb problem madhor p\u00ebr rendin dhe sigurin\u00eb, pasi un\u00eb u them ju q\u00eb sot padrinot jan\u00eb t\u00eb lir\u00eb, jan\u00eb n\u00eb Xhafzotaj, jetojn\u00eb n\u00eb nj\u00eb territor ku nuk futet policia dhe askush dhe vazhdojn\u00eb t\u00eb qet\u00eb nj\u00ebsoj si Suel \u00c7ela, i cili n\u00eb nj\u00eb koh\u00eb kur b\u00ebnte terror n\u00eb Elbasan p\u00ebr zgjedhjet, Altin Troplini dizinformonte t\u00eb huajt se ai \u00ebsht\u00eb n\u00eb Dubai apo n\u00eb dhera t\u00eb tjera.<\/p>\n<p>S\u00eb dyti, ju e pat\u00eb, Edi Rama sulmoi me eg\u00ebrsin\u00eb m\u00eb t\u00eb madhe nj\u00eb prokurore me mbiemrin Gjeli, e cila n\u00eb m\u00ebnyr\u00eb absolute kishte zbatuar pik\u00eb p\u00ebr pik\u00eb at\u00eb q\u00eb k\u00ebrkohej n\u00eb raportin e policis\u00eb s\u00eb Shkodr\u00ebs.<\/p>\n<p>Dhe pas prokurores Gjeli q\u00eb nuk la turfullim pa b\u00ebr\u00eb kund\u00ebr saj, iu v\u00ebrsul nj\u00eb gjykat\u00ebsi tjet\u00ebr, n\u00eb mos gabohem, Balliu mbiem\u00ebr, p\u00ebr fajin e vet\u00ebm q\u00eb ky gjykat\u00ebs me karakter p\u00ebr ligjin, kishte zbatuar pik\u00eb p\u00ebr pik\u00eb vendimin e qeveris\u00eb.<\/p>\n<p>Ky gjykat\u00ebs, n\u00eb p\u00ebrputhje me vendimin, i cili i njihte shkel\u00ebsit e ligjit t\u00eb drejt\u00ebn e parablerjes me firm\u00eb t\u00eb Edi Ram\u00ebs, kishte vendosur mas\u00ebn e siguris\u00eb, sepse Edi Rama pavar\u00ebsisht nga pafytyr\u00ebsia e tij, k\u00ebrkonte q\u00eb gjykat\u00ebsi t\u00eb mbaj\u00eb dy standarde, nj\u00ebher\u00eb ta zbatoj\u00eb dhe nj\u00ebher\u00eb t\u00eb mos e zbatoj\u00eb.<\/p>\n<p>Tani ky, i v\u00ebrsulet gjykat\u00ebsit, nj\u00eb djal\u00eb i ri ai, me fjal\u00ebt e nj\u00eb ordineri, jo t\u00eb nj\u00eb kryeministri, jo i pacip\u00eb, jo k\u00ebto e ato.<\/p>\n<p>A d\u00ebgjuat ju, dy sulme t\u00eb egra, a d\u00ebgjuat ju nj\u00eb fjal\u00eb t\u00eb vetme nga dy institucionet kryesore t\u00eb drejt\u00ebsis\u00eb, t\u00eb cilat detyrimisht duhet t\u00eb merrnin n\u00eb mbrojtje k\u00ebto individ\u00eb sepse kishin zbatuar ligjin.<\/p>\n<p>Asnj\u00eb fjal\u00eb, heshtje varri.<\/p>\n<p>Nd\u00ebrkoh\u00eb q\u00eb kur un\u00eb denoncoja lidhjet me krimin t\u00eb Altin Troplinit, ata l\u00ebshonin kilometra deklarata n\u00eb mbrojtje t\u00eb Gjok\u00ebs apo Troplinit.<\/p>\n<p>Nd\u00ebrkoh\u00eb KLGJ e Llagamit mbron Irena Gjok\u00ebn me tre vepra penale, e cila e ka vendin, ku \u00ebsht\u00eb nj\u00eb shkel\u00ebse ordinere ligji, e cila \u00ebsht\u00eb e d\u00ebnueshme p\u00ebr mashtrimin q\u00eb ka b\u00ebr\u00eb n\u00eb formularin e deklarimit t\u00eb pasurive, ka mashtruar n\u00eb veting p\u00ebr pasurit\u00eb e saj.<\/p>\n<p>A mund t\u00eb imagjinoni ju si e justifikuar Irena me 5 mbiemra pasurin\u00eb?<\/p>\n<p>N\u00eb p\u00ebrputhje me nenin 830 t\u00eb kodit civil, mora k\u00ebt\u00eb hua nga ish-bashk\u00ebshortja e burrit tim. Mir\u00ebpo neni 830 \u00ebsht\u00eb nen i vitit 2015. Huaja \u00ebsht\u00eb marr\u00eb n\u00eb vitin 1996.<\/p>\n<p>Pra, para k\u00ebtij mashtrimi trashanik, KLGJ n\u00eb vend se t\u00eb marr\u00eb vendimin menj\u00ebher\u00eb, nuk merr asnj\u00eb vendim, dhe e d\u00ebnuar me burg, de facto ajo nuk \u00ebsht\u00eb gjykat\u00ebse. De facto ajo \u00ebsht\u00eb gjykat\u00ebse ekstraligjore. De facto dhe de jure asnj\u00eb vendim i saj nuk ka vler\u00eb.<\/p>\n<p>Ajo vazhdon dhe ka hapur \u00e7\u00ebshtje penale.<\/p>\n<p>Ky Troplini q\u00eb u dekorua sot nga Elvis Do\u00e7i ka hapur \u00e7\u00ebshtje penale pa em\u00ebr p\u00ebr ta mbrojtur at\u00eb.<\/p>\n<p>Po \u00e7far\u00eb mungon aty kur dokumentet qart\u00ebsojn\u00eb se ajo i \u00ebsht\u00eb referuar nenit 830 t\u00eb kodit civil t\u00eb vitit 2015 p\u00ebr nj\u00eb kontrat\u00eb t\u00eb vitit 1996? P\u00ebr t\u00eb gjith\u00eb bot\u00ebn, p\u00ebrve\u00e7 Altin Troplinit, ky \u00ebsht\u00eb mashtrim.<\/p>\n<p>\u00c7far\u00eb ka kur gjykata e Janin\u00ebs, me vule apostile pohon se \u00ebsht\u00eb e d\u00ebnuar m\u00eb 3 muaj burg, me em\u00ebr dhe mbiem\u00ebr Irena me 3 mbiemra dhe Altin Troplini thot\u00eb m\u00eb duhen dokumente. Vula apostile p\u00ebr \u00e7do njeri, p\u00ebrve\u00e7se p\u00ebr Altin Troplinin, \u00ebsht\u00eb nj\u00eb dokument ligjor, zyrtar. Por do ta mbroj\u00eb me \u00e7do kusht af\u00ebrmendshi.<\/p>\n<p>Do ta mbroj\u00eb se jan\u00eb bashk\u00ebpun\u00ebtor\u00eb n\u00eb krim.<\/p>\n<p>Ky \u00ebsht\u00eb nj\u00eb akt i turpsh\u00ebm, kjo \u00ebsht\u00eb fytyra e v\u00ebrtet\u00eb e k\u00ebtij sistemi.<\/p>\n<p>&nbsp;<\/p>\n","protected":false},"excerpt":{"rendered":"<p>Sali BERISHA Sot un\u00eb lash\u00eb k\u00ebt\u00eb sh\u00ebnim: Altin Troplini, se \u00e7far\u00eb gjeta un\u00eb aty, aty ishte Elvis Do\u00e7i. Elvis Do\u00e7i, po i varte n\u00eb qaf\u00eb nj\u00eb pllakat\u00eb Altin Troplinit, n\u00eb t\u00eb cil\u00ebn e shpallte president i nderit i kartelit Troplini p\u00ebr shkall\u00ebn m\u00eb t\u00eb lart\u00eb t\u00eb bashk\u00ebpunimit dhe mb\u00ebshtetjes q\u00eb ai i dha k\u00ebtij karteli. &hellip;<\/p>\n","protected":false},"author":3,"featured_media":121182,"comment_status":"closed","ping_status":"closed","sticky":false,"template":"","format":"standard","meta":{"footnotes":""},"categories":[37],"tags":[],"class_list":["post-121180","post","type-post","status-publish","format-standard","has-post-thumbnail","","category-politike"],"_links":{"self":[{"href":"https:\/\/rdnews.al\/index.php\/wp-json\/wp\/v2\/posts\/121180","targetHints":{"allow":["GET"]}}],"collection":[{"href":"https:\/\/rdnews.al\/index.php\/wp-json\/wp\/v2\/posts"}],"about":[{"href":"https:\/\/rdnews.al\/index.php\/wp-json\/wp\/v2\/types\/post"}],"author":[{"embeddable":true,"href":"https:\/\/rdnews.al\/index.php\/wp-json\/wp\/v2\/users\/3"}],"replies":[{"embeddable":true,"href":"https:\/\/rdnews.al\/index.php\/wp-json\/wp\/v2\/comments?post=121180"}],"version-history":[{"count":2,"href":"https:\/\/rdnews.al\/index.php\/wp-json\/wp\/v2\/posts\/121180\/revisions"}],"predecessor-version":[{"id":121184,"href":"https:\/\/rdnews.al\/index.php\/wp-json\/wp\/v2\/posts\/121180\/revisions\/121184"}],"wp:featuredmedia":[{"embeddable":true,"href":"https:\/\/rdnews.al\/index.php\/wp-json\/wp\/v2\/media\/121182"}],"wp:attachment":[{"href":"https:\/\/rdnews.al\/index.php\/wp-json\/wp\/v2\/media?parent=121180"}],"wp:term":[{"taxonomy":"category","embeddable":true,"href":"https:\/\/rdnews.al\/index.php\/wp-json\/wp\/v2\/categories?post=121180"},{"taxonomy":"post_tag","embeddable":true,"href":"https:\/\/rdnews.al\/index.php\/wp-json\/wp\/v2\/tags?post=121180"}],"curies":[{"name":"wp","href":"https:\/\/api.w.org\/{rel}","templated":true}]}}