{"id":121185,"date":"2025-08-18T12:57:27","date_gmt":"2025-08-18T12:57:27","guid":{"rendered":"https:\/\/rdnews.al\/?p=121185"},"modified":"2025-08-18T12:57:27","modified_gmt":"2025-08-18T12:57:27","slug":"skandali-rama-ka-vendosur-nen-pergjim-gjyqtaret-me-dumanin","status":"publish","type":"post","link":"https:\/\/rdnews.al\/index.php\/2025\/08\/18\/skandali-rama-ka-vendosur-nen-pergjim-gjyqtaret-me-dumanin\/","title":{"rendered":"Skandali\/ Rama ka vendosur n\u00ebn p\u00ebrgjim gjyqtar\u00ebt me Dumanin"},"content":{"rendered":"<p><strong>Arsen Rusta, MCN TV: Nj\u00eb lum akuzash, por \u00e7far\u00eb do t\u00eb ndryshoj\u00eb p\u00ebr procesin n\u00eb shtator sepse ka nj\u00eb vendimmarrje ku k\u00ebrkesa e avokatit tuaj p\u00ebr p\u00ebrjashtim t\u00eb trupit gjykues, nuk \u00ebsht\u00eb pranuar.<\/strong><\/p>\n<p><strong>Sali Berisha:<\/strong>\u00a0Ajo \u00ebsht\u00eb procedur\u00eb. Besoj se e ke t\u00eb qart\u00eb.<\/p>\n<p><strong>Arsen Rusta, MCN TV: Do ta vazhdoni gjykimin?<\/strong><\/p>\n<p><strong>Sali Berisha:<\/strong>\u00a0Pa diskutim. Ajo \u00ebsht\u00eb procedur\u00eb. E thash\u00eb k\u00ebtu edhe para dy jav\u00ebsh q\u00eb ajo nuk ka t\u00eb b\u00ebj\u00eb me individ\u00ebt. Jo, nuk ka asnj\u00eb \u00e7\u00ebshtje me individ\u00ebt.<\/p>\n<p>Aty \u00ebsht\u00eb \u00e7\u00ebshtje parimi. Sepse nj\u00eb njeri, Edi Rama, q\u00eb ta dini ju, pas largimit t\u00eb PD nga parlamenti, ka vendosur n\u00eb ligje nj\u00eb nen antikushtetues.<\/p>\n<p>Nen q\u00eb i lejon, autorizon, kreun e Skapit t\u00eb regjistroj\u00eb telefonat e gjykat\u00ebsve q\u00eb ky d\u00ebrgon dosjet.<\/p>\n<p>De facto ata tre gjykat\u00ebs, dhe jo vet\u00ebm ata, por t\u00eb gjith\u00eb gjykat\u00ebsit e gjykat\u00ebs speciale n\u00eb t\u00eb dy nivelet, jan\u00eb n\u00eb kontrollin e plot\u00eb t\u00eb Altin Troplinit. Kjo \u00ebsht\u00eb e gjith\u00eb puna dhe kjo nuk ndodh n\u00eb bot\u00eb.<\/p>\n<p>P\u00ebrpjekja ime \u00ebsht\u00eb p\u00ebr rivendosjen e atyre standardeve nd\u00ebrkomb\u00ebtare t\u00eb drejt\u00ebsis\u00eb. Natyrisht ai vendim p\u00ebr shkak t\u00eb k\u00ebrkesave t\u00eb ligjit nd\u00ebrkomb\u00ebtar do ndjek\u00eb rrug\u00ebn e vet.<\/p>\n<p>Dhe pastaj do t\u00eb apelohet atje.<\/p>\n<p>Por nuk mund t\u00eb pranohet kurr\u00eb se nj\u00eb gj\u00eb e till\u00eb nuk mund t\u00eb pranohet. Nuk mund t\u00eb pranohet q\u00eb prokurori t\u00eb regjistroj\u00eb telefonin e gjykat\u00ebsit q\u00eb i \u00e7on dosjen. Nuk ekziston nj\u00eb parim i till\u00eb. Prandaj thot\u00eb af\u00ebrmendshi ashtu. Le se i kemi t\u00eb zgjidhura problemet.<\/p>\n<p>&nbsp;<\/p>\n","protected":false},"excerpt":{"rendered":"<p>Arsen Rusta, MCN TV: Nj\u00eb lum akuzash, por \u00e7far\u00eb do t\u00eb ndryshoj\u00eb p\u00ebr procesin n\u00eb shtator sepse ka nj\u00eb vendimmarrje ku k\u00ebrkesa e avokatit tuaj p\u00ebr p\u00ebrjashtim t\u00eb trupit gjykues, nuk \u00ebsht\u00eb pranuar. Sali Berisha:\u00a0Ajo \u00ebsht\u00eb procedur\u00eb. Besoj se e ke t\u00eb qart\u00eb. Arsen Rusta, MCN TV: Do ta vazhdoni gjykimin? Sali Berisha:\u00a0Pa diskutim. Ajo &hellip;<\/p>\n","protected":false},"author":3,"featured_media":69661,"comment_status":"closed","ping_status":"closed","sticky":false,"template":"","format":"standard","meta":{"footnotes":""},"categories":[37],"tags":[],"class_list":["post-121185","post","type-post","status-publish","format-standard","has-post-thumbnail","","category-politike"],"_links":{"self":[{"href":"https:\/\/rdnews.al\/index.php\/wp-json\/wp\/v2\/posts\/121185","targetHints":{"allow":["GET"]}}],"collection":[{"href":"https:\/\/rdnews.al\/index.php\/wp-json\/wp\/v2\/posts"}],"about":[{"href":"https:\/\/rdnews.al\/index.php\/wp-json\/wp\/v2\/types\/post"}],"author":[{"embeddable":true,"href":"https:\/\/rdnews.al\/index.php\/wp-json\/wp\/v2\/users\/3"}],"replies":[{"embeddable":true,"href":"https:\/\/rdnews.al\/index.php\/wp-json\/wp\/v2\/comments?post=121185"}],"version-history":[{"count":1,"href":"https:\/\/rdnews.al\/index.php\/wp-json\/wp\/v2\/posts\/121185\/revisions"}],"predecessor-version":[{"id":121187,"href":"https:\/\/rdnews.al\/index.php\/wp-json\/wp\/v2\/posts\/121185\/revisions\/121187"}],"wp:featuredmedia":[{"embeddable":true,"href":"https:\/\/rdnews.al\/index.php\/wp-json\/wp\/v2\/media\/69661"}],"wp:attachment":[{"href":"https:\/\/rdnews.al\/index.php\/wp-json\/wp\/v2\/media?parent=121185"}],"wp:term":[{"taxonomy":"category","embeddable":true,"href":"https:\/\/rdnews.al\/index.php\/wp-json\/wp\/v2\/categories?post=121185"},{"taxonomy":"post_tag","embeddable":true,"href":"https:\/\/rdnews.al\/index.php\/wp-json\/wp\/v2\/tags?post=121185"}],"curies":[{"name":"wp","href":"https:\/\/api.w.org\/{rel}","templated":true}]}}