{"id":121191,"date":"2025-08-18T14:03:59","date_gmt":"2025-08-18T14:03:59","guid":{"rendered":"https:\/\/rdnews.al\/?p=121191"},"modified":"2025-08-18T14:04:18","modified_gmt":"2025-08-18T14:04:18","slug":"kush-eshte-njeriu-qe-rama-i-dhuron-tregtine-e-armeve-dhe-roli-i-besuar-tek-financat-personale","status":"publish","type":"post","link":"https:\/\/rdnews.al\/index.php\/2025\/08\/18\/kush-eshte-njeriu-qe-rama-i-dhuron-tregtine-e-armeve-dhe-roli-i-besuar-tek-financat-personale\/","title":{"rendered":"Kush \u00ebsht\u00eb njeriu qe Rama i dhuron tregtin\u00eb e arm\u00ebve dhe roli i besuar tek financat personale"},"content":{"rendered":"<div class=\"col-md-1 col-sm-1\">\n<div class=\"article-sharing-options\">\n<p>N\u00eb 17 qershor ndodhi nj\u00eb transaksion i \u00e7uditsh\u00ebm biznesi. Timak, nj\u00eb kompani q\u00eb merret me prodhimin, konvertimin dhe montimin e konstruksioneve metalike dhe atyre plastike n\u00eb automjete shiti 49 p\u00ebr qind t\u00eb aksioneve t\u00eb saj.<\/p>\n<\/div>\n<\/div>\n<div class=\"col-md-10 col-sm-10 article-text\">\n<p>Timak \u00ebsht\u00eb nj\u00eb kompani e promovuar shum\u00eb fort nga qeveria koh\u00ebt e fundit. Pronarja e saj, Arjeta Puca \u00ebsht\u00eb ftuar n\u00eb podcastin e kryeministrit Edi Rama, nd\u00ebrsa ambientet e kompanis\u00eb n\u00eb Kashar jan\u00eb vizituar disa her\u00eb nga ministra t\u00eb qeveris\u00eb.<\/p>\n<div id=\"taboola-sponsored-mid-article\" class=\"trc_related_container tbl-trecs-container trc_spotlight_widget trc_elastic trc_elastic_sc-ma-balkanweb\" data-placement-name=\"Sponsored Mid Article\">\n<div class=\"trc_rbox_container\">\n<div>\n<div id=\"trc_wrapper_1094438589\" class=\"trc_rbox sc-ma-balkanweb trc-content-sponsored\"><\/div>\n<\/div>\n<\/div>\n<\/div>\n<figure id=\"attachment_2787635\" class=\"wp-caption alignnone\" aria-describedby=\"caption-attachment-2787635\"><a href=\"https:\/\/www.balkanweb.com\/wp-content\/uploads\/2025\/08\/900-0-1755521113xpuca-304-600x339.jpg\" rel=\"lightbox noopener\" target=\"_blank\"><img loading=\"lazy\" decoding=\"async\" class=\"size-large wp-image-2787635\" src=\"https:\/\/www.balkanweb.com\/wp-content\/uploads\/2025\/08\/900-0-1755521113xpuca-304-600x339.jpg\" sizes=\"auto, (max-width: 600px) 100vw, 600px\" srcset=\"https:\/\/www.balkanweb.com\/wp-content\/uploads\/2025\/08\/900-0-1755521113xpuca-304-600x339.jpg 600w, https:\/\/www.balkanweb.com\/wp-content\/uploads\/2025\/08\/900-0-1755521113xpuca-304-400x226.jpg 400w, https:\/\/www.balkanweb.com\/wp-content\/uploads\/2025\/08\/900-0-1755521113xpuca-304-768x433.jpg 768w, https:\/\/www.balkanweb.com\/wp-content\/uploads\/2025\/08\/900-0-1755521113xpuca-304-370x209.jpg 370w, https:\/\/www.balkanweb.com\/wp-content\/uploads\/2025\/08\/900-0-1755521113xpuca-304-113x64.jpg 113w, https:\/\/www.balkanweb.com\/wp-content\/uploads\/2025\/08\/900-0-1755521113xpuca-304-770x435.jpg 770w, https:\/\/www.balkanweb.com\/wp-content\/uploads\/2025\/08\/900-0-1755521113xpuca-304.jpg 900w\" alt=\" 900 0 1755521113xpuca 304\" width=\"600\" height=\"339\" \/><\/a><\/figure>\n<p><strong>Edi Rama dhe Arjeta Puca<\/strong><\/p>\n<p>Megjithat\u00eb zonja Puca vendosi t\u00eb shes\u00eb 49 p\u00ebr qind t\u00eb aksioneve t\u00eb kompanis\u00eb s\u00eb saj flamur, t\u00eb trumbetuar aq shum\u00eb nga qeveria, p\u00ebr nj\u00eb \u00e7mim prej vet\u00ebm 490 eurosh. Bler\u00ebsi ishte Ron Yeffet, nj\u00eb izraelit me n\u00ebnshtet\u00ebsi shqiptare dhe n\u00ebn rrogoz shum\u00eb i af\u00ebrt me Edi Ram\u00ebn.<\/p>\n<p>&nbsp;<\/p>\n<div id=\"beacon_b12ed10c6e\"><img loading=\"lazy\" decoding=\"async\" src=\"https:\/\/ads.balkanweb.com\/www\/delivery\/lg.php?bannerid=0&amp;campaignid=0&amp;zoneid=629&amp;loc=https%3A%2F%2Fwww.balkanweb.com%2Finvestigimi-rama-i-jep-monopolin-e-mjeteve-te-ushtrise-mikut-te-tij-izraelit%2F&amp;referer=https%3A%2F%2Fwww.balkanweb.com%2F&amp;cb=b12ed10c6e\" alt=\"\" width=\"0\" height=\"0\" \/><\/div>\n<p>&nbsp;<\/p>\n<figure id=\"attachment_2787636\" class=\"wp-caption alignnone\" aria-describedby=\"caption-attachment-2787636\"><a href=\"https:\/\/www.balkanweb.com\/wp-content\/uploads\/2025\/08\/900-0-1755520965xmimi-588-600x335.jpg\" rel=\"lightbox noopener\" target=\"_blank\"><img loading=\"lazy\" decoding=\"async\" class=\"size-large wp-image-2787636\" src=\"https:\/\/www.balkanweb.com\/wp-content\/uploads\/2025\/08\/900-0-1755520965xmimi-588-600x335.jpg\" sizes=\"auto, (max-width: 600px) 100vw, 600px\" srcset=\"https:\/\/www.balkanweb.com\/wp-content\/uploads\/2025\/08\/900-0-1755520965xmimi-588-600x335.jpg 600w, https:\/\/www.balkanweb.com\/wp-content\/uploads\/2025\/08\/900-0-1755520965xmimi-588-400x223.jpg 400w, https:\/\/www.balkanweb.com\/wp-content\/uploads\/2025\/08\/900-0-1755520965xmimi-588-768x428.jpg 768w, https:\/\/www.balkanweb.com\/wp-content\/uploads\/2025\/08\/900-0-1755520965xmimi-588-370x206.jpg 370w, https:\/\/www.balkanweb.com\/wp-content\/uploads\/2025\/08\/900-0-1755520965xmimi-588-113x63.jpg 113w, https:\/\/www.balkanweb.com\/wp-content\/uploads\/2025\/08\/900-0-1755520965xmimi-588-770x429.jpg 770w, https:\/\/www.balkanweb.com\/wp-content\/uploads\/2025\/08\/900-0-1755520965xmimi-588.jpg 900w\" alt=\" 900 0 1755520965xmimi 588\" width=\"600\" height=\"335\" \/><\/a><\/figure>\n<p><strong>Shitja 49 per qind te aksioneve te Timak per 490 euro<\/strong><\/p>\n<div id=\"MDA34416\" class=\"\" data-adid=\"mdabalkanweb121885\" data-netid=\"137356148\" data-sizes=\"300x250\" data-google-query-id=\"CL_ZhL_BlI8DFZArBgAduNsXDg\">\n<div id=\"google_ads_iframe_\/137356148\/mdabalkanweb121885_0__container__\"><\/div>\n<\/div>\n<p>\u00c7far\u00eb e nxiti zonj\u00ebn Puca t\u00eb shiste biznesin e saj kaq lir\u00eb?<\/p>\n<p>Gjith\u00e7ka do t\u00eb b\u00ebhej e qart\u00eb vet\u00ebm dy muaj m\u00eb von\u00eb. Shitja ishte nj\u00eb qitje me objektiv t\u00eb qart\u00eb, krismat e t\u00eb cil\u00ebs u d\u00ebgjuan n\u00eb zyr\u00ebn e Ardi Veliut.<\/p>\n<p><strong>Monopoli i automjeteve t\u00eb ushtris\u00eb<\/strong><\/p>\n<p>N\u00eb kulmin e sezonit veror, teksa shumica e shqiptar\u00ebve ishin me pushime, sakt\u00ebsisht n\u00eb dat\u00ebn 4 gusht, shoq\u00ebria shtet\u00ebrore ushtarake Kayo dhe Timak themeluan nj\u00eb kompani t\u00eb p\u00ebrbashk\u00ebt. Kompania quhet Timak Defence dhe zot\u00ebrohet 80 p\u00ebr qind nga Timak dhe 20 p\u00ebr qind nga shoq\u00ebria shtet\u00ebrore Kayo.<\/p>\n<figure id=\"attachment_2787638\" class=\"wp-caption alignnone\" aria-describedby=\"caption-attachment-2787638\"><a href=\"https:\/\/www.balkanweb.com\/wp-content\/uploads\/2025\/08\/900-0-1755521226xthemelimi-339-308x350.jpg\" rel=\"lightbox noopener\" target=\"_blank\"><img loading=\"lazy\" decoding=\"async\" class=\"size-large wp-image-2787638\" src=\"https:\/\/www.balkanweb.com\/wp-content\/uploads\/2025\/08\/900-0-1755521226xthemelimi-339-308x350.jpg\" sizes=\"auto, (max-width: 308px) 100vw, 308px\" srcset=\"https:\/\/www.balkanweb.com\/wp-content\/uploads\/2025\/08\/900-0-1755521226xthemelimi-339-308x350.jpg 308w, https:\/\/www.balkanweb.com\/wp-content\/uploads\/2025\/08\/900-0-1755521226xthemelimi-339-246x280.jpg 246w, https:\/\/www.balkanweb.com\/wp-content\/uploads\/2025\/08\/900-0-1755521226xthemelimi-339-768x874.jpg 768w, https:\/\/www.balkanweb.com\/wp-content\/uploads\/2025\/08\/900-0-1755521226xthemelimi-339-231x263.jpg 231w, https:\/\/www.balkanweb.com\/wp-content\/uploads\/2025\/08\/900-0-1755521226xthemelimi-339-70x80.jpg 70w, https:\/\/www.balkanweb.com\/wp-content\/uploads\/2025\/08\/900-0-1755521226xthemelimi-339-396x450.jpg 396w, https:\/\/www.balkanweb.com\/wp-content\/uploads\/2025\/08\/900-0-1755521226xthemelimi-339.jpg 900w\" alt=\" 900 0 1755521226xthemelimi 339\" width=\"308\" height=\"350\" \/><\/a><\/figure>\n<p><strong>Themelimi i Timak Defence<\/strong><\/p>\n<p>Objekti i shoq\u00ebris\u00eb \u00ebsht\u00eb prodhimi ose p\u00ebrshtatja e mjeteve motorike te posa\u00e7me me nj\u00eb arkitektur\u00eb t\u00eb hapur q\u00eb lejon instalimin e sistemeve t\u00eb armatimit dhe \u00e7do sistem tjet\u00ebr, q\u00eb k\u00ebrkohet nga forcat e armatosura apo struktura te tjera te siguris\u00eb, p\u00ebr t\u2019u p\u00ebrdorur nga Forcat e Armatosura t\u00eb Republik\u00ebs s\u00eb Shqip\u00ebris\u00eb, strukturat e siguris\u00eb dhe t\u00eb emergjencave civile dhe klient\u00eb t\u00eb tjer\u00eb vendas apo nd\u00ebrkomb\u00ebtar\u00eb.<\/p>\n<p>Me pak fjal\u00eb, kjo \u00ebsht\u00eb shoq\u00ebria q\u00eb do t\u00eb ket\u00eb monopolin e furnizimit t\u00eb ushtris\u00eb, policis\u00eb, gard\u00ebs, emergjencave civile etj.. me automjete. Vendi i ushtrimit t\u00eb aktivitetit t\u00eb shoq\u00ebris\u00eb do t\u00eb jet\u00eb n\u00eb ish uzin\u00ebn e pjes\u00ebve t\u00eb k\u00ebmbimit t\u00eb automjeteve, n\u00eb Shkoz\u00eb, n\u00eb godin\u00ebn ku ndodhej televizoni News 24.<\/p>\n<p>Pes\u00eb dit\u00eb pasi Ardi Veliu dhe p\u00ebrfaq\u00ebsuesit e Timak formuan kompanin\u00eb e p\u00ebrbashk\u00ebt, qeveria turri policin\u00eb dhe forcat ushtarake duke ngritur zgupthi gazetar\u00ebt e Newsit nga godina.<\/p>\n<p>Monopoli i furnizimit t\u00eb shtetit me automjete \u00ebsht\u00eb nj\u00eb biznes shum\u00eb i madh, dhjetra milion\u00eb euro n\u00eb vit. Por akoma mbetet e paqart\u00eb se cila \u00ebsht\u00eb vlera e shtuar q\u00eb krijon kompania. Duke qen\u00eb se Shqip\u00ebria nuk prodhon dot automjete, gjasat jan\u00eb q\u00eb ky t\u00eb jet\u00eb nj\u00eb tregtim me pak vler\u00eb t\u00eb shtuar, me kompanin\u00eb e re Timak Defence, q\u00eb importon mjete nga jasht\u00eb dhe i p\u00ebrshtat n\u00eb vend duke ia shitur qeveris\u00eb.<\/p>\n<p><strong>Biznesmen apo sekser?<\/strong><\/p>\n<p>Ron Yeffet nuk \u00ebsht\u00eb nj\u00eb em\u00ebr i panjohur p\u00ebr publikun n\u00eb Shqip\u00ebri. Ai tentoi t\u00eb hynte si themelues i kompanis\u00eb Air Albania, por pasi bleu 23 p\u00ebr qind t\u00eb aksioneve t\u00eb kompanis\u00eb m\u00ebm\u00eb MDN u largua menj\u00ebher\u00eb pas nj\u00eb muaji. Flitet pas p\u00ebrplasjeve q\u00eb pati me Sinan Idrizin. Megjithat\u00eb kjo ishte vet\u00ebm nj\u00eb nga aventurat e Yeffet n\u00eb Shqip\u00ebri. T\u00eb tjerat kan\u00eb qen\u00eb edhe m\u00eb t\u00eb bujshme.<\/p>\n<p>N\u00eb janar t\u00eb k\u00ebtij viti, ish ministri i Financave, Arben Ahmetaj deklaroi publikisht se Rama i kishte k\u00ebrkuar t\u2019i shiste borxhin publik t\u00eb Shqip\u00ebris\u00eb zotit Yeffet.<\/p>\n<p>\u201cKam nj\u00eb episod m\u00eb kreun e organizat\u00ebs dhe nj\u00eb mikun e vet izraelit te kopshti i luleve. Se p\u00ebrve\u00e7 kopshtit t\u00eb Edenit, ka edhe dhom\u00ebn e luleve ku ha. M\u00eb ka k\u00ebrkuar n\u00eb tryez\u00eb me mikun e vet, un\u00eb isha p\u00ebrpara daljes n\u00eb Eurobond, n\u00eb 2018, q\u00eb t\u2019ia kaloja borxhin privatish (private selement) mikut t\u00eb vet. Ka k\u00ebmb\u00ebngulur dy her\u00eb. I kam th\u00ebn\u00eb nuk b\u00ebhet. Nuk \u00ebsht\u00eb n\u00eb interes t\u00eb Shqip\u00ebris\u00eb,\u201d deklaroi Ahmetaj n\u00eb nj\u00eb intervist\u00eb p\u00ebr Syri Televizion.<\/p>\n<p>Rama nuk iu p\u00ebrgjigj asnj\u00ebher\u00eb konkretisht akuzave t\u00eb r\u00ebnda t\u00eb ish z\u00ebvend\u00ebsit t\u00eb tij Ahmetaj, por u mjaftua duke deklaruar se nuk komentonte akuzat e njer\u00ebzve q\u00eb kan\u00eb probleme me drejt\u00ebsin\u00eb. E megjithat\u00eb, k\u00ebtu kishte m\u00eb shum\u00eb se sa thjesht akuz\u00eb.<\/p>\n<p>P\u00ebrve\u00e7 borxhit, Ron Yeffet tentoi dhe nj\u00eb tjet\u00ebr aventur\u00eb n\u00eb Shqip\u00ebri. Kjo ishte marrja e ambasad\u00ebs shqiptare n\u00eb Shtetet e Bashkuara t\u00eb Amerik\u00ebs p\u00ebr t\u00eb nd\u00ebrtuar n\u00eb territorin e saj edhe nj\u00ebsi rezidenciale.<\/p>\n<p>Edhe ky \u00ebsht\u00eb nj\u00eb denoncim i b\u00ebr\u00eb nga Ahmetaj, por Kapitali e ka verifikuar at\u00eb nga tre burime t\u00eb pavarura, t\u00eb cil\u00ebt ishin t\u00eb p\u00ebrfshir\u00eb n\u00eb k\u00ebt\u00eb \u00e7\u00ebshtje. N\u00eb fakt, ky nuk ishte nj\u00eb plan nga hi\u00e7i. Zoti Yeffet kishte tentuar di\u00e7ka t\u00eb ngjashme n\u00eb Senegal, me nd\u00ebrtimin e godin\u00ebs p\u00ebr delegacionin senegalez n\u00eb OKB.<\/p>\n<p>Tentativa e privatizimit t\u00eb truallit sovran t\u00eb Shqip\u00ebris\u00eb n\u00eb SHBA nuk shkoi n\u00eb fund, pasi u kund\u00ebrshtua nga ish ministri i Jasht\u00ebm n\u00eb at\u00eb koh\u00eb, Ditmir Bushati, i cili refuzoi t\u00eb firmoste tjet\u00ebrsimin e ambasad\u00ebs. Por Ron Yeffet nuk u dor\u00ebzua.<\/p>\n<p><strong>Miku i kryeminstrit<\/strong><\/p>\n<p>Zoti Yeffet \u00ebsht\u00eb nj\u00eb mik i af\u00ebrt me kryeministrin Edi Rama. T\u00eb dy jan\u00eb par\u00eb bashk\u00eb n\u00eb m\u00eb shum\u00eb se nj\u00eb rast.<\/p>\n<figure id=\"attachment_2787639\" class=\"wp-caption alignnone\" aria-describedby=\"caption-attachment-2787639\"><a href=\"https:\/\/www.balkanweb.com\/wp-content\/uploads\/2025\/08\/900-0-1755520952xroni-me-edin-2-975-406x350.jpg\" rel=\"lightbox noopener\" target=\"_blank\"><img loading=\"lazy\" decoding=\"async\" class=\"size-large wp-image-2787639\" src=\"https:\/\/www.balkanweb.com\/wp-content\/uploads\/2025\/08\/900-0-1755520952xroni-me-edin-2-975-406x350.jpg\" sizes=\"auto, (max-width: 406px) 100vw, 406px\" srcset=\"https:\/\/www.balkanweb.com\/wp-content\/uploads\/2025\/08\/900-0-1755520952xroni-me-edin-2-975-406x350.jpg 406w, https:\/\/www.balkanweb.com\/wp-content\/uploads\/2025\/08\/900-0-1755520952xroni-me-edin-2-975-325x280.jpg 325w, https:\/\/www.balkanweb.com\/wp-content\/uploads\/2025\/08\/900-0-1755520952xroni-me-edin-2-975-768x662.jpg 768w, https:\/\/www.balkanweb.com\/wp-content\/uploads\/2025\/08\/900-0-1755520952xroni-me-edin-2-975-305x263.jpg 305w, https:\/\/www.balkanweb.com\/wp-content\/uploads\/2025\/08\/900-0-1755520952xroni-me-edin-2-975-93x80.jpg 93w, https:\/\/www.balkanweb.com\/wp-content\/uploads\/2025\/08\/900-0-1755520952xroni-me-edin-2-975-522x450.jpg 522w, https:\/\/www.balkanweb.com\/wp-content\/uploads\/2025\/08\/900-0-1755520952xroni-me-edin-2-975.jpg 900w\" alt=\" 900 0 1755520952xroni Me Edin 2 975\" width=\"406\" height=\"350\" \/><\/a><\/figure>\n<p><strong>Edi Rama dhe Ron Yeffet<\/strong><\/p>\n<p>Nd\u00ebrkoh\u00eb q\u00eb disa media kan\u00eb raportuar se Rama dhe Yeffet jan\u00eb takuar shpesh edhe jasht\u00eb syve publik\u00eb. Nj\u00eb takim i till\u00eb mendohet se ka ndodhur n\u00eb sall\u00ebn VIP t\u00eb nj\u00eb aeroporti.<\/p>\n<p>Disa z\u00ebra af\u00ebr zotit Rama thon\u00eb se Ron Yeffet \u00ebsht\u00eb si nj\u00eb tip konsulenti i kryeministrit p\u00ebr \u00e7\u00ebshtje private financiare. Por s\u00ebrish k\u00ebto mbeten gjithmon\u00eb n\u00eb kontekstin e th\u00ebnieve t\u00eb pav\u00ebrtetuara. Ajo q\u00eb \u00ebsht\u00eb e v\u00ebrtetuar, \u00ebsht\u00eb fakti se Rama dhe Yeffet jan\u00eb miq si dhe fakti tjet\u00ebr se zoti Yeffet ka nj\u00eb background jo shum\u00eb t\u00eb kulluar.<\/p>\n<p>P\u00ebrve\u00e7 Edi Ram\u00ebs, zoti Yeffet \u00ebsht\u00eb mik edhe i disa udh\u00ebheq\u00ebsve afrikane. Nj\u00ebri prej tyre \u00ebsht\u00eb ish presidenti senegalez Macky Sall, i cili u largua nga pushteti vitin e kaluar. Zoti Sally dhe Edi Rama kan\u00eb dy t\u00eb p\u00ebrbashk\u00ebta. P\u00ebrve\u00e7se jan\u00eb t\u00eb dy miq t\u00eb Yeffetit, t\u00eb dy kan\u00eb patur fatin t\u00eb shohin udh\u00ebheq\u00ebsit e opozit\u00ebs t\u00eb burgosur vet\u00ebm pak koh\u00eb p\u00ebrpara zgjedhjeve. Por k\u00ebto mund t\u00eb jen\u00eb thjesht rast\u00ebsi.<\/p>\n<figure id=\"attachment_2787640\" class=\"wp-caption alignnone\" aria-describedby=\"caption-attachment-2787640\"><a href=\"https:\/\/www.balkanweb.com\/wp-content\/uploads\/2025\/08\/900-0-1755520953xroni-senegal-991-429x350.jpeg\" rel=\"lightbox noopener\" target=\"_blank\"><img loading=\"lazy\" decoding=\"async\" class=\"size-large wp-image-2787640\" src=\"https:\/\/www.balkanweb.com\/wp-content\/uploads\/2025\/08\/900-0-1755520953xroni-senegal-991-429x350.jpeg\" sizes=\"auto, (max-width: 429px) 100vw, 429px\" srcset=\"https:\/\/www.balkanweb.com\/wp-content\/uploads\/2025\/08\/900-0-1755520953xroni-senegal-991-429x350.jpeg 429w, https:\/\/www.balkanweb.com\/wp-content\/uploads\/2025\/08\/900-0-1755520953xroni-senegal-991-343x280.jpeg 343w, https:\/\/www.balkanweb.com\/wp-content\/uploads\/2025\/08\/900-0-1755520953xroni-senegal-991-768x627.jpeg 768w, https:\/\/www.balkanweb.com\/wp-content\/uploads\/2025\/08\/900-0-1755520953xroni-senegal-991-322x263.jpeg 322w, https:\/\/www.balkanweb.com\/wp-content\/uploads\/2025\/08\/900-0-1755520953xroni-senegal-991-98x80.jpeg 98w, https:\/\/www.balkanweb.com\/wp-content\/uploads\/2025\/08\/900-0-1755520953xroni-senegal-991-551x450.jpeg 551w, https:\/\/www.balkanweb.com\/wp-content\/uploads\/2025\/08\/900-0-1755520953xroni-senegal-991.jpeg 900w\" alt=\" 900 0 1755520953xroni Senegal 991\" width=\"429\" height=\"350\" \/><\/a><\/figure>\n<p><strong>Ron Yeffet n\u00eb Senegal<\/strong><\/p>\n<p>E megjithat\u00eb ashtu si n\u00eb Shqip\u00ebri, edhe n\u00eb Senegal zoti Yeffet kishte arritur t\u00eb siguronte nj\u00eb llokm\u00eb t\u00eb madhe nga af\u00ebrsia e tij me udh\u00ebheq\u00ebsin. Qeveria senegaleze e Sallyt i kishte dh\u00ebn\u00eb biznesmenit izraelit 10 mij\u00eb met\u00ebr tok\u00eb shtet\u00ebrore n\u00eb bregdetin e Dakarit p\u00ebr t\u00eb nd\u00ebrtuar aty nj\u00eb marin\u00eb dhe kulla rezidenciale. Por projekti nuk shkoi asnj\u00ebher\u00eb n\u00eb fund.<\/p>\n<p>Sepse n\u00eb Senegal, ndryshe nga Shqip\u00ebria, rrotacioni politik nuk \u00ebsht\u00eb nj\u00eb koncept i huaj. Menj\u00ebher\u00eb pas ish presidenti Sally u largua nga pushteti, qeveria e re e opozit\u00ebs e anulloi kontrat\u00ebn me Yeffet dhe e rishtet\u00ebzoi tok\u00ebn me argumentin se marr\u00ebveshja ishte afer\u00eb e past\u00ebr korruptive.<\/p>\n<p>Por nd\u00ebrsa nga Senegali e ndoq\u00ebn, zotit Yeffet i qeshi fati n\u00eb Shqip\u00ebri. Dhe Shqip\u00ebria ndryshe nga vendet afrikane, p\u00ebr biznesmen\u00ebt e k\u00ebtij soji ofron shkall\u00ebn m\u00eb t\u00eb lart\u00eb t\u00eb siguris\u00eb juridike; munges\u00ebn e rrotacionit politik.\/ Kapitali.al<\/p>\n<\/div>\n","protected":false},"excerpt":{"rendered":"<p>N\u00eb 17 qershor ndodhi nj\u00eb transaksion i \u00e7uditsh\u00ebm biznesi. Timak, nj\u00eb kompani q\u00eb merret me prodhimin, konvertimin dhe montimin e konstruksioneve metalike dhe atyre plastike n\u00eb automjete shiti 49 p\u00ebr qind t\u00eb aksioneve t\u00eb saj. Timak \u00ebsht\u00eb nj\u00eb kompani e promovuar shum\u00eb fort nga qeveria koh\u00ebt e fundit. Pronarja e saj, Arjeta Puca \u00ebsht\u00eb ftuar &hellip;<\/p>\n","protected":false},"author":3,"featured_media":121192,"comment_status":"closed","ping_status":"closed","sticky":false,"template":"","format":"standard","meta":{"footnotes":""},"categories":[37],"tags":[],"class_list":["post-121191","post","type-post","status-publish","format-standard","has-post-thumbnail","","category-politike"],"_links":{"self":[{"href":"https:\/\/rdnews.al\/index.php\/wp-json\/wp\/v2\/posts\/121191","targetHints":{"allow":["GET"]}}],"collection":[{"href":"https:\/\/rdnews.al\/index.php\/wp-json\/wp\/v2\/posts"}],"about":[{"href":"https:\/\/rdnews.al\/index.php\/wp-json\/wp\/v2\/types\/post"}],"author":[{"embeddable":true,"href":"https:\/\/rdnews.al\/index.php\/wp-json\/wp\/v2\/users\/3"}],"replies":[{"embeddable":true,"href":"https:\/\/rdnews.al\/index.php\/wp-json\/wp\/v2\/comments?post=121191"}],"version-history":[{"count":2,"href":"https:\/\/rdnews.al\/index.php\/wp-json\/wp\/v2\/posts\/121191\/revisions"}],"predecessor-version":[{"id":121194,"href":"https:\/\/rdnews.al\/index.php\/wp-json\/wp\/v2\/posts\/121191\/revisions\/121194"}],"wp:featuredmedia":[{"embeddable":true,"href":"https:\/\/rdnews.al\/index.php\/wp-json\/wp\/v2\/media\/121192"}],"wp:attachment":[{"href":"https:\/\/rdnews.al\/index.php\/wp-json\/wp\/v2\/media?parent=121191"}],"wp:term":[{"taxonomy":"category","embeddable":true,"href":"https:\/\/rdnews.al\/index.php\/wp-json\/wp\/v2\/categories?post=121191"},{"taxonomy":"post_tag","embeddable":true,"href":"https:\/\/rdnews.al\/index.php\/wp-json\/wp\/v2\/tags?post=121191"}],"curies":[{"name":"wp","href":"https:\/\/api.w.org\/{rel}","templated":true}]}}