{"id":121254,"date":"2025-08-19T11:42:32","date_gmt":"2025-08-19T11:42:32","guid":{"rendered":"https:\/\/rdnews.al\/?p=121254"},"modified":"2025-08-19T11:42:32","modified_gmt":"2025-08-19T11:42:32","slug":"berisha-renie-dramatike-e-turizmit-rama-do-te-llogarise-si-turiste-edhe-pasagjeret-qe-kalojne-transit-ne-rinas","status":"publish","type":"post","link":"https:\/\/rdnews.al\/index.php\/2025\/08\/19\/berisha-renie-dramatike-e-turizmit-rama-do-te-llogarise-si-turiste-edhe-pasagjeret-qe-kalojne-transit-ne-rinas\/","title":{"rendered":"Berisha: R\u00ebnie dramatike e turizmit! Rama do t\u00eb llogaris\u00eb si turist\u00eb edhe pasagjer\u00ebt q\u00eb kalojn\u00eb transit n\u00eb Rinas"},"content":{"rendered":"<p>Kryetari i Partis\u00eb Demokratike, Sali Berisha, ka akuzuar\u00a0qeverin\u00eb p\u00ebr manipulim t\u00eb dh\u00ebnave zyrtare, k\u00ebt\u00eb her\u00eb n\u00eb sektorin e turizmit.<\/p>\n<p>N\u00eb nj\u00eb deklarat\u00eb p\u00ebr mediat, Berisha tha se, vendi po p\u00ebrjeton nj\u00eb r\u00ebnie dramatike t\u00eb turizmit, ve\u00e7an\u00ebrisht n\u00eb jug dhe n\u00eb zonat bregdetare t\u00eb Durr\u00ebsit, por qeveria po p\u00ebrpiqet t\u00eb mbuloj\u00eb k\u00ebt\u00eb realitet p\u00ebrmes falsifikimit t\u00eb statistikave.<\/p>\n<p>Sipas tij, qeveria e Edi Ram\u00ebs ka nisur t\u00eb p\u00ebrfshij\u00eb n\u00eb statistikat turistike edhe pasagjer\u00ebt q\u00eb kalojn\u00eb transit n\u00eb aeroportin e Rinasit, gj\u00eb q\u00eb bie ndesh me \u00e7do standard nd\u00ebrkomb\u00ebtar.<\/p>\n<p>\u201cNuk nxjerrim ne shifrat, por ne kemi denoncuar si\u00e7 ju kujtohet vjet, me forc\u00ebn m\u00eb t\u00eb madhe r\u00ebnien dramatike t\u00eb turizmit dhe kemi vazhduar t\u00eb denoncojm\u00eb. K\u00ebt\u00eb vit ka qen\u00eb dhe m\u00eb e madhe.<\/p>\n<p>Problemi \u00ebsht\u00eb k\u00ebtu. Konfuzioni n\u00eb shifra, vjen nga konfondimi n\u00eb Shqip\u00ebri i pasagjerit me turistin. N\u00eb p\u00ebrcaktimin e Organizat\u00ebs Bot\u00ebrore t\u00eb Turizmit, edhe vizitori duhet t\u00eb dallohet nga turisti.<\/p>\n<p>Dhe pasagjeri nuk mund t\u00eb llogaritet n\u00eb turiz\u00ebm. Pasagjeri q\u00eb kalon transit nuk \u00ebsht\u00eb as vizitor, as turist. K\u00ebta marrin shifrat e aeroportit t\u00eb Rinasit dhe i servirin si turiz\u00ebm.<\/p>\n<p>Por ky vit ka qen\u00eb katastrof\u00eb n\u00eb radh\u00eb t\u00eb par\u00eb p\u00ebr jugun e Shqip\u00ebris\u00eb. Si\u00e7 \u00ebsht\u00eb d\u00ebshmuar me mij\u00ebra, mij\u00ebra shtret\u00ebr hotelesh dhe sht\u00ebpish, bosh. Ky vit ka qen\u00eb i dob\u00ebt dhe p\u00ebr Durr\u00ebsin, zon\u00ebn nga Durr\u00ebsi gjer n\u00eb Spille, e cila \u00e7\u2019\u00ebsht\u00eb e v\u00ebrteta me Golem, Qerretin, Karpenin e k\u00ebto \u00ebsht\u00eb p\u00ebrgjegj\u00ebs p\u00ebr 70% t\u00eb shtret\u00ebrve t\u00eb turizmit n\u00eb Shqip\u00ebri.<\/p>\n<p>Dhe ka qen\u00eb n\u00eb nivel qart\u00ebsisht t\u00eb ul\u00ebt.<\/p>\n<p>Turizmi filloi mir\u00eb n\u00eb vendet turistike t\u00eb veriut, ku zakonisht 80-90% e tyre jan\u00eb t\u00eb huaj, por aty Edi Rama me nj\u00eb akt barbarie t\u00eb v\u00ebrtet\u00eb, nd\u00ebrhyri dhe rrafshoi 100 nd\u00ebrtime q\u00eb t\u00eb gjitha n\u00eb tok\u00ebn e t\u00eb zot\u00ebve dhe t\u00eb gjitha n\u00eb zon\u00ebn e lejuar urbane t\u00eb nd\u00ebrtimeve.<\/p>\n<p>I dha nj\u00eb goditje. Me mij\u00ebra turist\u00eb, pasi pan\u00eb pamjet anuluan porosit\u00eb q\u00eb kishin b\u00ebr\u00eb n\u00eb Theth dhe n\u00eb zona t\u00eb tjer\u00eb t\u00eb veriut.<\/p>\n<p>K\u00ebta do p\u00ebrpiqen, thash\u00eb si\u00e7 p\u00ebrdor\u00ebn naft\u00ebn e Kosov\u00ebs p\u00ebr eksport, se n\u00eb Porto Romano shkarkohet anija, \u00ebsht\u00eb port energjetik, me destinacion Kosov\u00ebn, mundet dhe Serbin\u00eb Jugore, nuk mund t\u00eb them. Por po k\u00ebshtu do ta mbushin numrin me pasagjer\u00ebt e Rinasit\u201d, u shpreh Berisha.<\/p>\n","protected":false},"excerpt":{"rendered":"<p>Kryetari i Partis\u00eb Demokratike, Sali Berisha, ka akuzuar\u00a0qeverin\u00eb p\u00ebr manipulim t\u00eb dh\u00ebnave zyrtare, k\u00ebt\u00eb her\u00eb n\u00eb sektorin e turizmit. N\u00eb nj\u00eb deklarat\u00eb p\u00ebr mediat, Berisha tha se, vendi po p\u00ebrjeton nj\u00eb r\u00ebnie dramatike t\u00eb turizmit, ve\u00e7an\u00ebrisht n\u00eb jug dhe n\u00eb zonat bregdetare t\u00eb Durr\u00ebsit, por qeveria po p\u00ebrpiqet t\u00eb mbuloj\u00eb k\u00ebt\u00eb realitet p\u00ebrmes falsifikimit t\u00eb &hellip;<\/p>\n","protected":false},"author":4,"featured_media":121232,"comment_status":"closed","ping_status":"closed","sticky":false,"template":"","format":"standard","meta":{"footnotes":""},"categories":[37],"tags":[],"class_list":["post-121254","post","type-post","status-publish","format-standard","has-post-thumbnail","","category-politike"],"_links":{"self":[{"href":"https:\/\/rdnews.al\/index.php\/wp-json\/wp\/v2\/posts\/121254","targetHints":{"allow":["GET"]}}],"collection":[{"href":"https:\/\/rdnews.al\/index.php\/wp-json\/wp\/v2\/posts"}],"about":[{"href":"https:\/\/rdnews.al\/index.php\/wp-json\/wp\/v2\/types\/post"}],"author":[{"embeddable":true,"href":"https:\/\/rdnews.al\/index.php\/wp-json\/wp\/v2\/users\/4"}],"replies":[{"embeddable":true,"href":"https:\/\/rdnews.al\/index.php\/wp-json\/wp\/v2\/comments?post=121254"}],"version-history":[{"count":1,"href":"https:\/\/rdnews.al\/index.php\/wp-json\/wp\/v2\/posts\/121254\/revisions"}],"predecessor-version":[{"id":121255,"href":"https:\/\/rdnews.al\/index.php\/wp-json\/wp\/v2\/posts\/121254\/revisions\/121255"}],"wp:featuredmedia":[{"embeddable":true,"href":"https:\/\/rdnews.al\/index.php\/wp-json\/wp\/v2\/media\/121232"}],"wp:attachment":[{"href":"https:\/\/rdnews.al\/index.php\/wp-json\/wp\/v2\/media?parent=121254"}],"wp:term":[{"taxonomy":"category","embeddable":true,"href":"https:\/\/rdnews.al\/index.php\/wp-json\/wp\/v2\/categories?post=121254"},{"taxonomy":"post_tag","embeddable":true,"href":"https:\/\/rdnews.al\/index.php\/wp-json\/wp\/v2\/tags?post=121254"}],"curies":[{"name":"wp","href":"https:\/\/api.w.org\/{rel}","templated":true}]}}