{"id":12128,"date":"2022-05-12T13:51:45","date_gmt":"2022-05-12T13:51:45","guid":{"rendered":"https:\/\/rdnews.al\/?p=12128"},"modified":"2022-05-12T13:51:45","modified_gmt":"2022-05-12T13:51:45","slug":"akti-cnjerezor-per-te-mos-denuar-masakren-e-srebenices-berisha-jeni-te-tretet-ne-bote","status":"publish","type":"post","link":"https:\/\/rdnews.al\/index.php\/2022\/05\/12\/akti-cnjerezor-per-te-mos-denuar-masakren-e-srebenices-berisha-jeni-te-tretet-ne-bote\/","title":{"rendered":"Akti \u00e7&#8217;njer\u00ebzor p\u00ebr t\u00eb mos d\u00ebnuar masakr\u00ebn e Srebenic\u00ebs, Berisha: Jeni t\u00eb tret\u00ebt n\u00eb bot\u00eb"},"content":{"rendered":"<p>\u201cA jeni shqiptar\u00eb ju apo jo?! Si mund ta b\u00ebni nj\u00eb veprim t\u00eb till\u00eb?! &#8211; ishin fjal\u00ebt me t\u00eb cilat iu drejtua sot i revoltuar, ish-Kryeministri Sali Berisha, deputet\u00ebve t\u00eb PS q\u00eb nuk pranuan t\u00eb njohin me rezoltut\u00eb, genocidin serb n\u00eb Srebenic\u00eb t\u00eb Bosnj\u00eb Hercegovin\u00ebs, akt q\u00eb e rreshtoi Shqip\u00ebrin\u00eb me Serbin\u00eb vet,  Rusin\u00eb dhe Bjellorusin\u00eb.<\/p>\n<p>\u201cTipari m\u00eb kardinal i narkoshtetit u shfaq sot n\u00eb k\u00ebt\u00eb palament: refuzimi i denoncimit t\u00eb genocidit serb n\u00eb Srebenic\u00eb, &#8211; tha Berisha n\u00eb foltoren e parlamentit, &#8211;  t\u00eb cilin e ka d\u00ebnuar Parlamenti Europian, Kongresi i SHBA e \u00e7do vend tjet\u00ebr i lir\u00eb p\u00ebrve\u00e7 Serbis\u00eb, Bjellorusis\u00eb dhe Vladimir Putinit!<\/p>\n<p>U bashkuat sot me ta n\u00eb aktin m\u00eb t\u00eb turpsh\u00ebm, m\u00eb t\u00eb paimagjinuesh\u00ebm, duke qen\u00eb vet\u00eb komb q\u00eb ka p\u00ebsuar genocide ciklike q\u00eb nga 874-a deri n\u00eb vitin 1999!<\/p>\n<p>S&#8217;e ngrit\u00ebt dot dor\u00ebn sepse \u201cDirigjenti\u201d nuk iu lejon, sepse civiliteti ju mungon! <\/p>\n<p>Cilido q\u00eb t\u00eb ishte urdhri, ai q\u00eb vihet p\u00ebrball\u00eb gjenocidit, i cili sh\u00ebnon kulmin e krimeve, vrasjeve p\u00ebrdhunimeve &#8211; t\u00eb gjitha s\u00eb bashku, ju \u00e7uat ato kartona t\u00eb kuq duke u b\u00ebr\u00eb qenie me t\u00eb zeza se kurr\u00eb n\u00eb jet\u00ebn tuaj!<\/p>\n<p>\u00c7\u2019\u00ebsht\u00eb ajo mor?!A jeni shqiptar\u00eb ju apo jo?! Si mund ta b\u00ebni nj\u00eb veprim t\u00eb till\u00eb?!&#8221; &#8211; shprehu ai habin\u00eb e p\u00ebzier me zem\u00ebrim.<\/p>\n<p>E nd\u00ebrsa Berisha vazhdoi fjal\u00ebn, Zv.kryetarja e Kuvendit i mbylli mikrofonin: &#8220;Mbaroi koha juaj p\u00ebr replik\u00ebn, z. Berisha! Ju lutem uluni.<\/p>\n<p>Berisha: Nj\u00eb minut\u00eb! Se kjo \u00ebsht\u00eb e vlefshme edhe p\u00ebr ju, zonj\u00eb!<\/p>\n<p>Zv.Kryetarja: Jo, uluni, dy minuta \u00ebsht\u00eb koha p\u00ebr replik\u00eb, nuk \u00ebsht\u00eb m\u00eb shum\u00eb.<\/p>\n<p>Berisha vazhdoi pa mikrofon&#8230;<\/p>\n<p>Zv. Kryetarja: Zot\u00ebri, lironi foltoren dhe uluni, fjala \u00ebsht\u00eb nj\u00eb koleg tjet\u00ebr tani, z. \u00c7ollaku e ka fjal\u00ebn.<\/p>\n<p>Por, ish-kryeministri Berisha e \u00e7oi deri n\u00eb fund denoncimin dhe akuz\u00ebn e tij, e cila, edhe pse nuk u kap nga kamerat, u d\u00ebgjua plot\u00ebsisht nga deputet\u00ebt socialist\u00eb t\u00eb pranish\u00ebm n\u00eb at\u00eb seanc\u00eb: &#8220;Ky \u00ebsht\u00eb akti m\u00eb i turpsh\u00ebm!&#8221;  <\/p>\n","protected":false},"excerpt":{"rendered":"<p>\u201cA jeni shqiptar\u00eb ju apo jo?! Si mund ta b\u00ebni nj\u00eb veprim t\u00eb till\u00eb?! &#8211; ishin fjal\u00ebt me t\u00eb cilat iu drejtua sot i revoltuar, ish-Kryeministri Sali Berisha, deputet\u00ebve t\u00eb PS q\u00eb nuk pranuan t\u00eb njohin me rezoltut\u00eb, genocidin serb n\u00eb Srebenic\u00eb t\u00eb Bosnj\u00eb Hercegovin\u00ebs, akt q\u00eb e rreshtoi Shqip\u00ebrin\u00eb me Serbin\u00eb vet, Rusin\u00eb dhe &hellip;<\/p>\n","protected":false},"author":4,"featured_media":8325,"comment_status":"open","ping_status":"open","sticky":false,"template":"","format":"standard","meta":{"footnotes":""},"categories":[37],"tags":[],"class_list":["post-12128","post","type-post","status-publish","format-standard","has-post-thumbnail","","category-politike"],"_links":{"self":[{"href":"https:\/\/rdnews.al\/index.php\/wp-json\/wp\/v2\/posts\/12128","targetHints":{"allow":["GET"]}}],"collection":[{"href":"https:\/\/rdnews.al\/index.php\/wp-json\/wp\/v2\/posts"}],"about":[{"href":"https:\/\/rdnews.al\/index.php\/wp-json\/wp\/v2\/types\/post"}],"author":[{"embeddable":true,"href":"https:\/\/rdnews.al\/index.php\/wp-json\/wp\/v2\/users\/4"}],"replies":[{"embeddable":true,"href":"https:\/\/rdnews.al\/index.php\/wp-json\/wp\/v2\/comments?post=12128"}],"version-history":[{"count":0,"href":"https:\/\/rdnews.al\/index.php\/wp-json\/wp\/v2\/posts\/12128\/revisions"}],"wp:featuredmedia":[{"embeddable":true,"href":"https:\/\/rdnews.al\/index.php\/wp-json\/wp\/v2\/media\/8325"}],"wp:attachment":[{"href":"https:\/\/rdnews.al\/index.php\/wp-json\/wp\/v2\/media?parent=12128"}],"wp:term":[{"taxonomy":"category","embeddable":true,"href":"https:\/\/rdnews.al\/index.php\/wp-json\/wp\/v2\/categories?post=12128"},{"taxonomy":"post_tag","embeddable":true,"href":"https:\/\/rdnews.al\/index.php\/wp-json\/wp\/v2\/tags?post=12128"}],"curies":[{"name":"wp","href":"https:\/\/api.w.org\/{rel}","templated":true}]}}