{"id":121283,"date":"2025-08-19T16:52:19","date_gmt":"2025-08-19T16:52:19","guid":{"rendered":"https:\/\/rdnews.al\/?p=121283"},"modified":"2025-08-19T16:52:19","modified_gmt":"2025-08-19T16:52:19","slug":"berisha-takim-me-deputeten-e-forza-italia-miqte-tane-evropiane-jane-te-bashkuar-per-te-ndalur-autokracine","status":"publish","type":"post","link":"https:\/\/rdnews.al\/index.php\/2025\/08\/19\/berisha-takim-me-deputeten-e-forza-italia-miqte-tane-evropiane-jane-te-bashkuar-per-te-ndalur-autokracine\/","title":{"rendered":"Berisha takim me deputeten e Forza Italia: Miqt\u00eb tan\u00eb evropian\u00eb jan\u00eb t\u00eb bashkuar p\u00ebr t\u00eb ndalur autokracin\u00eb!"},"content":{"rendered":"<div class=\"readmore-text-here\">\n<p>Kryetari i PD, Sali Berisha, ka zhvilluar nj\u00eb takim n\u00eb zyr\u00ebn e tij me deputeten e Forza Italia, Erica Mazzetti, nj\u00eb mike e kahershme e PD-s\u00eb dhe mb\u00ebshtet\u00ebse e kauz\u00ebs demokratike n\u00eb Shqip\u00ebri. N\u00eb diskutim mor\u00ebn pjes\u00eb edhe zyrtar\u00eb t\u00eb lart\u00eb t\u00eb Partis\u00eb Demokratike: Agron Gjekmarkaj, Belind K\u00eblli\u00e7i dhe Enri \u00c7eno.<\/p>\n<p>N\u00eb takim ishte i pranish\u00ebm edhe koordinatori i PD-s\u00eb p\u00ebr Italin\u00eb, Bardhok Doda (nj\u00ebkoh\u00ebsisht edhe koordinator p\u00ebr Forza Italia), si dhe Dritan Beqiri dhe Lindita Bimi.<\/p>\n<p>N\u00eb fokus t\u00eb takimit ishte situata pas zgjedhjeve t\u00eb 11 majit, t\u00eb cilat Berisha i cil\u00ebsoi si nj\u00eb \u2018fars\u00eb elektorale\u2019, duke theksuar se strukturat e PD-s\u00eb po punojn\u00eb intensivisht p\u00ebr t\u00eb dokumentuar manipulimet e kryera gjat\u00eb procesit zgjedhor.<\/p>\n<p><strong>Postimi i kreut t\u00eb PD, Berisha<\/strong><\/p>\n<p>Takim me miqt\u00eb, Deputeten e Forza Italia, Erica Mazzetti<\/p>\n<p>T\u00eb dashur miq,<\/p>\n<p>Pata k\u00ebnaq\u00ebsin\u00eb t\u00eb pres n\u00eb zyr\u00eb miqt\u00eb e mir\u00eb dhe t\u00eb kahersh\u00ebm t\u00eb mi dhe t\u00eb Partis\u00eb Demokratike, Erica Mazzetti, deputete e Forza Italia, si dhe koordinatorin e PD-s\u00eb p\u00ebr Italin\u00eb, Bardhok Doda koordinator per Forza Italia, s\u00eb bashku me Dritan Beqirin dhe Lindita Bimin.<\/p>\n<p>N\u00eb takim mor\u00ebn pjes\u00eb gjithashtu zyrtar\u00ebt e PD-s\u00eb, Agron Gjekmarkaj, Belind K\u00eblli\u00e7i dhe Enri \u00c7eno.<\/p>\n<p>Diskutuam gjer\u00ebsisht p\u00ebr fars\u00ebn elektorale t\u00eb 11 majit dhe p\u00ebr pun\u00ebn e madhe q\u00eb po b\u00ebjn\u00eb strukturat e Partis\u00eb Demokratike p\u00ebr t\u00eb identifikuar dhe faktuar k\u00ebt\u00eb manipulim t\u00eb pashembullt.<\/p>\n<p>Theksuam domosdoshm\u00ebrin\u00eb q\u00eb Forza Italia t\u00eb jet\u00eb nj\u00eb z\u00eb i fuqish\u00ebm dhe avokat i demokracis\u00eb shqiptare n\u00eb institucionet nd\u00ebrkomb\u00ebtare, duke mb\u00ebshtetur kauz\u00ebn ton\u00eb p\u00ebr rivendosjen e rendit ligjor dhe liris\u00eb s\u00eb vot\u00ebs n\u00eb Shqip\u00ebri.<\/p>\n<p>Demokrat\u00ebt dhe miqt\u00eb tan\u00eb evropian\u00eb jan\u00eb t\u00eb bashkuar p\u00ebr t\u00eb ndalur autokracin\u00eb dhe p\u00ebr t\u00eb rikthyer shpres\u00ebn e demokracin\u00eb n\u00eb vend.<\/p>\n<p>Takimi ishte i frytsh\u00ebm dhe inkurajues.<\/p>\n<p><iframe loading=\"lazy\" src=\"https:\/\/www.facebook.com\/plugins\/post.php?href=https%3A%2F%2Fwww.facebook.com%2FSaliBerisha%2Fposts%2Fpfbid04NSuLinmiyXzybKwxYsdHT9koZ9ao8RNXdKuysF7ENCiPJwUd4tkFutxZ3xYzwhul&amp;show_text=true&amp;width=500\" width=\"500\" height=\"748\" frameborder=\"0\" scrolling=\"no\" allowfullscreen=\"allowfullscreen\" data-mce-fragment=\"1\"><\/iframe><\/p>\n<\/div>\n<div id=\"rekl-33\"><\/div>\n","protected":false},"excerpt":{"rendered":"<p>Kryetari i PD, Sali Berisha, ka zhvilluar nj\u00eb takim n\u00eb zyr\u00ebn e tij me deputeten e Forza Italia, Erica Mazzetti, nj\u00eb mike e kahershme e PD-s\u00eb dhe mb\u00ebshtet\u00ebse e kauz\u00ebs demokratike n\u00eb Shqip\u00ebri. N\u00eb diskutim mor\u00ebn pjes\u00eb edhe zyrtar\u00eb t\u00eb lart\u00eb t\u00eb Partis\u00eb Demokratike: Agron Gjekmarkaj, Belind K\u00eblli\u00e7i dhe Enri \u00c7eno. N\u00eb takim ishte i &hellip;<\/p>\n","protected":false},"author":4,"featured_media":121284,"comment_status":"closed","ping_status":"closed","sticky":false,"template":"","format":"standard","meta":{"footnotes":""},"categories":[37],"tags":[],"class_list":["post-121283","post","type-post","status-publish","format-standard","has-post-thumbnail","","category-politike"],"_links":{"self":[{"href":"https:\/\/rdnews.al\/index.php\/wp-json\/wp\/v2\/posts\/121283","targetHints":{"allow":["GET"]}}],"collection":[{"href":"https:\/\/rdnews.al\/index.php\/wp-json\/wp\/v2\/posts"}],"about":[{"href":"https:\/\/rdnews.al\/index.php\/wp-json\/wp\/v2\/types\/post"}],"author":[{"embeddable":true,"href":"https:\/\/rdnews.al\/index.php\/wp-json\/wp\/v2\/users\/4"}],"replies":[{"embeddable":true,"href":"https:\/\/rdnews.al\/index.php\/wp-json\/wp\/v2\/comments?post=121283"}],"version-history":[{"count":1,"href":"https:\/\/rdnews.al\/index.php\/wp-json\/wp\/v2\/posts\/121283\/revisions"}],"predecessor-version":[{"id":121285,"href":"https:\/\/rdnews.al\/index.php\/wp-json\/wp\/v2\/posts\/121283\/revisions\/121285"}],"wp:featuredmedia":[{"embeddable":true,"href":"https:\/\/rdnews.al\/index.php\/wp-json\/wp\/v2\/media\/121284"}],"wp:attachment":[{"href":"https:\/\/rdnews.al\/index.php\/wp-json\/wp\/v2\/media?parent=121283"}],"wp:term":[{"taxonomy":"category","embeddable":true,"href":"https:\/\/rdnews.al\/index.php\/wp-json\/wp\/v2\/categories?post=121283"},{"taxonomy":"post_tag","embeddable":true,"href":"https:\/\/rdnews.al\/index.php\/wp-json\/wp\/v2\/tags?post=121283"}],"curies":[{"name":"wp","href":"https:\/\/api.w.org\/{rel}","templated":true}]}}