{"id":121331,"date":"2025-08-20T09:56:28","date_gmt":"2025-08-20T09:56:28","guid":{"rendered":"https:\/\/rdnews.al\/?p=121331"},"modified":"2025-08-20T10:16:21","modified_gmt":"2025-08-20T10:16:21","slug":"kercenimi-me-jete-i-pronarit-te-fokus-media-grup-berisha-nje-akt-terrorizmi-shteteror","status":"publish","type":"post","link":"https:\/\/rdnews.al\/index.php\/2025\/08\/20\/kercenimi-me-jete-i-pronarit-te-fokus-media-grup-berisha-nje-akt-terrorizmi-shteteror\/","title":{"rendered":"K\u00ebrc\u00ebnimi me jet\u00eb i pronarit t\u00eb Fokus Media Grup, Berisha: Nj\u00eb akt terrorizmi shtet\u00ebror!"},"content":{"rendered":"<p><strong>Sali BERISHA<\/strong><\/p>\n<p>Nj\u00eb akt terrorizmi shtet\u00ebror<\/p>\n<p>T\u00eb dashur miq,<\/p>\n<p>N\u00eb nj\u00eb akt t\u00eb mir\u00ebfillt\u00eb terrorizmi shtet\u00ebror jan\u00eb k\u00ebrc\u00ebnuar me jet\u00eb pronari dhe botuesi i Fokus Media Grup dhe familjar\u00ebt e tij.<\/p>\n<p>Ky akt terrorizmi shtet\u00ebror vjen pasi kompani shtet\u00ebrore, t\u00eb lidhura kok\u00eb e xhep direkt me dyshen fam\u00ebkeqe Rama\u2013Balluku, i pushtuan me polici dhe ushtri, n\u00eb nj\u00eb operacion tipik stalinist, zyrat dhe nd\u00ebrtesat e Fokus Media Grup.<\/p>\n<p>Ky akt tipik terrorist shtet\u00ebror vjen pasi dyshja fam\u00ebkeqe urdh\u00ebroi t\u00eb pla\u00e7kiten kompjuter\u00ebt, laptop\u00ebt dhe desktop\u00ebt e gazetar\u00ebve p\u00ebr shkak t\u00eb dosjeve t\u00eb m\u00ebdha t\u00eb korrupsionit dhe lidhjeve me kartelet e drog\u00ebs t\u00eb Ram\u00ebs, Lulushit dhe familjar\u00ebve m\u00eb t\u00eb af\u00ebrt t\u00eb tyre. N\u00eb t\u00eb v\u00ebrtet\u00eb, shkaku kryesor i pushtimit t\u00eb nd\u00ebrtesave t\u00eb Fokus Media Grup dhe grabitjes mbr\u00ebm\u00eb t\u00eb mjeteve personale t\u00eb pun\u00ebs s\u00eb gazetar\u00ebve jan\u00eb pik\u00ebrisht dosjet e tmerrshme t\u00eb dy krer\u00ebve t\u00eb organizat\u00ebs kriminale, t\u00eb cilat do t\u00eb publikoheshin n\u00eb shtator.<\/p>\n<p>K\u00ebrc\u00ebnimi me jet\u00eb i pronarit dhe botuesit t\u00eb Fokus Media Grup, Irfan Hysenbelliu, dhe familjar\u00ebve t\u00eb tij nga dyshja n\u00eb krye t\u00eb organizat\u00ebs kriminale \u00ebsht\u00eb nj\u00eb akt i mir\u00ebfillt\u00eb dhe tejet i rreziksh\u00ebm i terrorizmit shtet\u00ebror, pasi vjen pas deklarat\u00ebs s\u00eb Ramaduros n\u00eb shp\u00ebrthim urrejtjeje dhe hakmarrjeje primitive, kur tha: \u201cMe t\u00eb e kam personale.\u201d<\/p>\n<p>Rikujtoj k\u00ebtu se jan\u00eb zhdukur pa nam e nishan nga dora e zez\u00eb e shtetit persona p\u00ebr t\u00eb cil\u00ebt Ramaduro ka shpallur se \u201cMe t\u00eb e kam personale.\u201d<\/p>\n<p>Duke e d\u00ebnuar me forc\u00ebn m\u00eb t\u00eb madhe k\u00ebt\u00eb akt terrorizmi shtet\u00ebror, paralajm\u00ebroj Ramaduron se p\u00ebr \u00e7do p\u00ebrdorim t\u00eb shtetit p\u00ebr akte terroriste ndaj pronarit dhe botuesit t\u00eb Fokus Media Grup, Irfan Hysenbelliu, dhe familjar\u00ebve t\u00eb tij, do t\u00eb nd\u00ebshkohesh si hakmarr\u00ebs i verb\u00ebr dhe terrorist shtet\u00ebror.<\/p>\n","protected":false},"excerpt":{"rendered":"<p>Sali BERISHA Nj\u00eb akt terrorizmi shtet\u00ebror T\u00eb dashur miq, N\u00eb nj\u00eb akt t\u00eb mir\u00ebfillt\u00eb terrorizmi shtet\u00ebror jan\u00eb k\u00ebrc\u00ebnuar me jet\u00eb pronari dhe botuesi i Fokus Media Grup dhe familjar\u00ebt e tij. Ky akt terrorizmi shtet\u00ebror vjen pasi kompani shtet\u00ebrore, t\u00eb lidhura kok\u00eb e xhep direkt me dyshen fam\u00ebkeqe Rama\u2013Balluku, i pushtuan me polici dhe ushtri, &hellip;<\/p>\n","protected":false},"author":4,"featured_media":121332,"comment_status":"closed","ping_status":"closed","sticky":false,"template":"","format":"standard","meta":{"footnotes":""},"categories":[37],"tags":[],"class_list":["post-121331","post","type-post","status-publish","format-standard","has-post-thumbnail","","category-politike"],"_links":{"self":[{"href":"https:\/\/rdnews.al\/index.php\/wp-json\/wp\/v2\/posts\/121331","targetHints":{"allow":["GET"]}}],"collection":[{"href":"https:\/\/rdnews.al\/index.php\/wp-json\/wp\/v2\/posts"}],"about":[{"href":"https:\/\/rdnews.al\/index.php\/wp-json\/wp\/v2\/types\/post"}],"author":[{"embeddable":true,"href":"https:\/\/rdnews.al\/index.php\/wp-json\/wp\/v2\/users\/4"}],"replies":[{"embeddable":true,"href":"https:\/\/rdnews.al\/index.php\/wp-json\/wp\/v2\/comments?post=121331"}],"version-history":[{"count":3,"href":"https:\/\/rdnews.al\/index.php\/wp-json\/wp\/v2\/posts\/121331\/revisions"}],"predecessor-version":[{"id":121340,"href":"https:\/\/rdnews.al\/index.php\/wp-json\/wp\/v2\/posts\/121331\/revisions\/121340"}],"wp:featuredmedia":[{"embeddable":true,"href":"https:\/\/rdnews.al\/index.php\/wp-json\/wp\/v2\/media\/121332"}],"wp:attachment":[{"href":"https:\/\/rdnews.al\/index.php\/wp-json\/wp\/v2\/media?parent=121331"}],"wp:term":[{"taxonomy":"category","embeddable":true,"href":"https:\/\/rdnews.al\/index.php\/wp-json\/wp\/v2\/categories?post=121331"},{"taxonomy":"post_tag","embeddable":true,"href":"https:\/\/rdnews.al\/index.php\/wp-json\/wp\/v2\/tags?post=121331"}],"curies":[{"name":"wp","href":"https:\/\/api.w.org\/{rel}","templated":true}]}}