{"id":12134,"date":"2022-05-12T14:13:16","date_gmt":"2022-05-12T14:13:16","guid":{"rendered":"https:\/\/rdnews.al\/?p=12134"},"modified":"2022-05-13T17:18:38","modified_gmt":"2022-05-13T17:18:38","slug":"rusia-kercenon-finlanden-nese-hyni-ne-nato-do-te-ndermarim-hapa-ushtarake","status":"publish","type":"post","link":"https:\/\/rdnews.al\/index.php\/2022\/05\/12\/rusia-kercenon-finlanden-nese-hyni-ne-nato-do-te-ndermarim-hapa-ushtarake\/","title":{"rendered":"Rusia k\u00ebrc\u00ebnon Finland\u00ebn: N\u00ebse hyni n\u00eb NATO do t\u00eb nd\u00ebrmarim hapa ushtarak\u00eb"},"content":{"rendered":"<p><strong>Enton DO\u00c7I (Lyon)<\/strong><\/p>\n<p>Finlanda \u201cduhet t\u00eb jet\u00eb e vet\u00ebdijshme p\u00ebr p\u00ebrgjegj\u00ebsin\u00eb dhe pasojat\u201d e an\u00ebtar\u00ebsimit n\u00eb NATO, tha ministria e jashtme e Rusis\u00eb n\u00eb nj\u00eb deklarat\u00eb t\u00eb enjten, duke shtuar se Rusia \u201cdo t\u00eb detyrohet\u201d t\u00eb nd\u00ebrmarr\u00eb hapa hakmarr\u00ebs n\u00ebse vendi bashkohet me aleanc\u00ebn.<\/p>\n<p>\u201cDeklarata e presidentit finlandez S. Niinist\u00f6 dhe kryeministrit finlandez S. Marin, t\u00eb cil\u00ebt fol\u00ebn sot n\u00eb favor t\u00eb an\u00ebtar\u00ebsimit t\u00eb Finland\u00ebs n\u00eb NATO, \u00ebsht\u00eb nj\u00eb ndryshim rr\u00ebnj\u00ebsor n\u00eb politik\u00ebn e jashtme t\u00eb vendit\u201d, tha Ministria e Jashtme ruse, duke shtuar \u201cHelsinki duhet t\u00eb jet\u00eb i vet\u00ebdijsh\u00ebm p\u00ebr p\u00ebrgjegj\u00ebsin\u00eb dhe pasojat e nj\u00eb l\u00ebvizjeje t\u00eb till\u00eb\u201d.<\/p>\n<p>An\u00ebtar\u00ebsimi i mundsh\u00ebm i Finland\u00ebs n\u00eb NATO do t\u00eb shkaktonte d\u00ebme serioze n\u00eb marr\u00ebdh\u00ebniet dypal\u00ebshe ruso-finlandeze, t\u00eb cilat po ruajn\u00eb stabilitetin dhe sigurin\u00eb n\u00eb rajonin e Evrop\u00ebs Veriore, tha ministria, raporton CNN.<\/p>\n<p>\u201cRusia do t\u00eb detyrohet t\u00eb nd\u00ebrmarr\u00eb hapa hakmarr\u00ebs, si t\u00eb natyr\u00ebs ushtarako-teknike ashtu edhe t\u00eb natyr\u00ebs tjet\u00ebr, n\u00eb m\u00ebnyr\u00eb q\u00eb t\u00eb ndaloj\u00eb k\u00ebrc\u00ebnimet ndaj siguris\u00eb s\u00eb saj komb\u00ebtare q\u00eb dalin n\u00eb k\u00ebt\u00eb drejtim\u201d.<\/p>\n<p>\u201cAderimi n\u00eb NATO do t\u00eb jet\u00eb gjithashtu nj\u00eb shkelje e drejtp\u00ebrdrejt\u00eb e detyrimeve ligjore nd\u00ebrkomb\u00ebtare t\u00eb Finland\u00ebs, kryesisht Traktati i Paqes i Parisit i vitit 1947 dhe Traktati i 1992 midis Rusis\u00eb dhe Finland\u00ebs mbi bazat e marr\u00ebdh\u00ebnieve\u201d, tha Ministria e Jashtme e Rusis\u00eb.<\/p>\n<p>Finlanda ndan nj\u00eb kufi prej 800 miljesh me Rusin\u00eb.<\/p>\n","protected":false},"excerpt":{"rendered":"<p>Enton DO\u00c7I (Lyon) Finlanda \u201cduhet t\u00eb jet\u00eb e vet\u00ebdijshme p\u00ebr p\u00ebrgjegj\u00ebsin\u00eb dhe pasojat\u201d e an\u00ebtar\u00ebsimit n\u00eb NATO, tha ministria e jashtme e Rusis\u00eb n\u00eb nj\u00eb deklarat\u00eb t\u00eb enjten, duke shtuar se Rusia \u201cdo t\u00eb detyrohet\u201d t\u00eb nd\u00ebrmarr\u00eb hapa hakmarr\u00ebs n\u00ebse vendi bashkohet me aleanc\u00ebn. \u201cDeklarata e presidentit finlandez S. Niinist\u00f6 dhe kryeministrit finlandez S. Marin, &hellip;<\/p>\n","protected":false},"author":4,"featured_media":0,"comment_status":"open","ping_status":"open","sticky":false,"template":"","format":"standard","meta":{"footnotes":""},"categories":[38],"tags":[],"class_list":["post-12134","post","type-post","status-publish","format-standard","","category-bota"],"_links":{"self":[{"href":"https:\/\/rdnews.al\/index.php\/wp-json\/wp\/v2\/posts\/12134","targetHints":{"allow":["GET"]}}],"collection":[{"href":"https:\/\/rdnews.al\/index.php\/wp-json\/wp\/v2\/posts"}],"about":[{"href":"https:\/\/rdnews.al\/index.php\/wp-json\/wp\/v2\/types\/post"}],"author":[{"embeddable":true,"href":"https:\/\/rdnews.al\/index.php\/wp-json\/wp\/v2\/users\/4"}],"replies":[{"embeddable":true,"href":"https:\/\/rdnews.al\/index.php\/wp-json\/wp\/v2\/comments?post=12134"}],"version-history":[{"count":0,"href":"https:\/\/rdnews.al\/index.php\/wp-json\/wp\/v2\/posts\/12134\/revisions"}],"wp:attachment":[{"href":"https:\/\/rdnews.al\/index.php\/wp-json\/wp\/v2\/media?parent=12134"}],"wp:term":[{"taxonomy":"category","embeddable":true,"href":"https:\/\/rdnews.al\/index.php\/wp-json\/wp\/v2\/categories?post=12134"},{"taxonomy":"post_tag","embeddable":true,"href":"https:\/\/rdnews.al\/index.php\/wp-json\/wp\/v2\/tags?post=12134"}],"curies":[{"name":"wp","href":"https:\/\/api.w.org\/{rel}","templated":true}]}}