{"id":121354,"date":"2025-08-20T11:56:41","date_gmt":"2025-08-20T11:56:41","guid":{"rendered":"https:\/\/rdnews.al\/?p=121354"},"modified":"2025-08-20T11:57:02","modified_gmt":"2025-08-20T11:57:02","slug":"berisha-perfaqesuesi-i-cunave-te-dubait-miraton-urdhrin-e-ramaduros-per-kullat-e-tyre-te-droges","status":"publish","type":"post","link":"https:\/\/rdnews.al\/index.php\/2025\/08\/20\/berisha-perfaqesuesi-i-cunave-te-dubait-miraton-urdhrin-e-ramaduros-per-kullat-e-tyre-te-droges\/","title":{"rendered":"Berisha: P\u00ebrfaq\u00ebsuesi i \u00e7unave t\u00eb Dubait miraton urdhrin e Ramaduros p\u00ebr kullat e tyre t\u00eb drog\u00ebs!"},"content":{"rendered":"<p>Miratimi i projektit p\u00ebr nd\u00ebrtimin e kullave shum\u00ebkat\u00ebshe n\u00eb stadiumin \u201cFlamurtari\u201d dhe Pallatin e Sportit ka sjell\u00eb nj\u00eb reagim t\u00eb ashp\u00ebr nga kryetari i Partis\u00eb Demokratike, Sali Berisha. N\u00eb nj\u00eb postim n\u00eb faqen e tij zyrtare n\u00eb Facebook, Berisha akuzoi kryebashkiakun Ermal Dredha si zbatues t\u00eb verb\u00ebr t\u00eb urdhrave t\u00eb kryeministrit Edi Rama dhe si p\u00ebrfaq\u00ebsues t\u00eb oligark\u00ebve q\u00eb po grabisin qytetin.<\/p>\n<p><em>\u201cP\u00ebrfaq\u00ebsuesi i \u00e7unave t\u00eb Dubait miraton urdhrin e Ramaduros p\u00ebr kullat e tyre t\u00eb drog\u00ebs!\u201d<\/em>, shkroi Berisha, duke e cil\u00ebsuar projektin nj\u00eb afer\u00eb t\u00eb r\u00ebnd\u00eb q\u00eb shkat\u00ebrron pasurit\u00eb publike dhe i kalon ato n\u00eb duart e biznesmenit Sinan Idrizi.<\/p>\n<p>Sipas tij, pas vendimit t\u00eb K\u00ebshillit Bashkiak, Vlora humb dy nga asetet e saj m\u00eb t\u00eb r\u00ebnd\u00ebsishme sportive, nd\u00ebrsa qyteti kthehet n\u00eb shesh betoni p\u00ebr interesa private. Berisha u b\u00ebri thirrje qytetar\u00ebve t\u00eb ndjekin debatin n\u00eb K\u00ebshillin Bashkiak p\u00ebr t\u00eb par\u00eb sesi, sipas tij, \u201cpushteti lokal nuk i sh\u00ebrben m\u00eb qytetit, por vet\u00ebm klientel\u00ebs s\u00eb Ram\u00ebs\u201d.<\/p>\n<p>Reagimi i liderit demokrat vjen pasi mes kund\u00ebrshtive t\u00eb forta, K\u00ebshilli Bashkiak i Vlor\u00ebs miratoi projektin e shum\u00ebdebatuar q\u00eb parashikon nd\u00ebrtimin e kullave shum\u00ebkat\u00ebshe n\u00eb stadiumin \u201cFlamurtari\u201d dhe n\u00eb Pallatin e Sportit.<\/p>\n<p>Vendimi u shtyu p\u00ebrpara nga kryebashkiaku Ermal Dredha, i cili sipas opozit\u00ebs po vepron si \u201cnoter i oligark\u00ebve\u201d, duke i kaluar pasurit\u00eb publike biznesmenit t\u00eb njohur Sinan Idrizi.<\/p>\n<p>Opozita e akuzoi Dredh\u00ebn dhe qeverin\u00eb socialiste se po shkat\u00ebrrojn\u00eb trash\u00ebgimin\u00eb sportive t\u00eb qytetit p\u00ebr t\u00eb favorizuar interesat private. P\u00ebrfaq\u00ebsuesit e opozit\u00ebs theksuan se ky \u00ebsht\u00eb nj\u00eb tjet\u00ebr akt i kapjes s\u00eb pasurive publike, ku qytetar\u00ebt humbin, nd\u00ebrsa nj\u00eb grusht biznesmen\u00ebsh p\u00ebrfitojn\u00eb miliona.<\/p>\n<p>N\u00eb mbledhje, Dredha u mbrojt duke premtuar nj\u00eb stadium t\u00eb ri modern n\u00eb vend t\u00eb infrastruktur\u00ebs s\u00eb amortizuar, por shmangu \u00e7do koment p\u00ebr p\u00ebrfitimet e drejtp\u00ebrdrejta t\u00eb Idrizit. Ky q\u00ebndrim ngriti dyshime t\u00eb m\u00ebdha p\u00ebr transparenc\u00ebn e projektit dhe p\u00ebr interesat reale q\u00eb fshihen pas tij.<\/p>\n<p>Megjith\u00ebse qyteti k\u00ebrkon zhvillim, m\u00ebnyra si u miratua projekti \u2013 me 30 vota pro, vet\u00ebm 4 kund\u00ebr dhe 1 abstenim \u2013 shihet si nj\u00eb vendim i imponuar, q\u00eb injoron z\u00ebrin e qytetar\u00ebve dhe t\u00eb opozit\u00ebs. Projekti, i konsideruar si nj\u00eb nga m\u00eb t\u00eb m\u00ebdhenjt\u00eb n\u00eb jug t\u00eb vendit, pritet t\u00eb kthehet n\u00eb simbol t\u00eb betonizimit dhe grabitjes s\u00eb aseteve publike n\u00eb em\u00ebr t\u00eb \u201czhvillimit\u201d.<\/p>\n<div class=\"readmore-text-here\">\n<p><iframe loading=\"lazy\" src=\"https:\/\/www.facebook.com\/plugins\/video.php?height=314&amp;href=https%3A%2F%2Fwww.facebook.com%2FSaliBerisha%2Fvideos%2F1109231994509807%2F&amp;show_text=true&amp;width=560&amp;t=0\" width=\"560\" height=\"429\" frameborder=\"0\" scrolling=\"no\" allowfullscreen=\"allowfullscreen\" data-mce-fragment=\"1\"><\/iframe><\/p>\n<\/div>\n<div id=\"rekl-33\"><\/div>\n","protected":false},"excerpt":{"rendered":"<p>Miratimi i projektit p\u00ebr nd\u00ebrtimin e kullave shum\u00ebkat\u00ebshe n\u00eb stadiumin \u201cFlamurtari\u201d dhe Pallatin e Sportit ka sjell\u00eb nj\u00eb reagim t\u00eb ashp\u00ebr nga kryetari i Partis\u00eb Demokratike, Sali Berisha. N\u00eb nj\u00eb postim n\u00eb faqen e tij zyrtare n\u00eb Facebook, Berisha akuzoi kryebashkiakun Ermal Dredha si zbatues t\u00eb verb\u00ebr t\u00eb urdhrave t\u00eb kryeministrit Edi Rama dhe si &hellip;<\/p>\n","protected":false},"author":4,"featured_media":121355,"comment_status":"closed","ping_status":"closed","sticky":false,"template":"","format":"standard","meta":{"footnotes":""},"categories":[37],"tags":[],"class_list":["post-121354","post","type-post","status-publish","format-standard","has-post-thumbnail","","category-politike"],"_links":{"self":[{"href":"https:\/\/rdnews.al\/index.php\/wp-json\/wp\/v2\/posts\/121354","targetHints":{"allow":["GET"]}}],"collection":[{"href":"https:\/\/rdnews.al\/index.php\/wp-json\/wp\/v2\/posts"}],"about":[{"href":"https:\/\/rdnews.al\/index.php\/wp-json\/wp\/v2\/types\/post"}],"author":[{"embeddable":true,"href":"https:\/\/rdnews.al\/index.php\/wp-json\/wp\/v2\/users\/4"}],"replies":[{"embeddable":true,"href":"https:\/\/rdnews.al\/index.php\/wp-json\/wp\/v2\/comments?post=121354"}],"version-history":[{"count":2,"href":"https:\/\/rdnews.al\/index.php\/wp-json\/wp\/v2\/posts\/121354\/revisions"}],"predecessor-version":[{"id":121357,"href":"https:\/\/rdnews.al\/index.php\/wp-json\/wp\/v2\/posts\/121354\/revisions\/121357"}],"wp:featuredmedia":[{"embeddable":true,"href":"https:\/\/rdnews.al\/index.php\/wp-json\/wp\/v2\/media\/121355"}],"wp:attachment":[{"href":"https:\/\/rdnews.al\/index.php\/wp-json\/wp\/v2\/media?parent=121354"}],"wp:term":[{"taxonomy":"category","embeddable":true,"href":"https:\/\/rdnews.al\/index.php\/wp-json\/wp\/v2\/categories?post=121354"},{"taxonomy":"post_tag","embeddable":true,"href":"https:\/\/rdnews.al\/index.php\/wp-json\/wp\/v2\/tags?post=121354"}],"curies":[{"name":"wp","href":"https:\/\/api.w.org\/{rel}","templated":true}]}}