{"id":121358,"date":"2025-08-20T16:49:43","date_gmt":"2025-08-20T16:49:43","guid":{"rendered":"https:\/\/rdnews.al\/?p=121358"},"modified":"2025-08-20T16:49:43","modified_gmt":"2025-08-20T16:49:43","slug":"tabaku-ndryshimet-ne-kodin-penal-rrezik-per-integrimin-ne-be","status":"publish","type":"post","link":"https:\/\/rdnews.al\/index.php\/2025\/08\/20\/tabaku-ndryshimet-ne-kodin-penal-rrezik-per-integrimin-ne-be\/","title":{"rendered":"Tabaku: Ndryshimet n\u00eb Kodin Penal rrezik p\u00ebr integrimin n\u00eb BE"},"content":{"rendered":"<p>Deputetja e PD, Jorida Tabaku, ka shprehur shqet\u00ebsimet e saj mbi procesin e integrimit evropian t\u00eb Shqip\u00ebris\u00eb. E ftuar n\u00eb News24, Tabaku theksoi se veprimet me forc\u00eb nga ana e qeveris\u00eb c\u00ebnojn\u00eb rrug\u00ebn drejt BE-s\u00eb.<\/p>\n<p><em>\u201cTendenca p\u00ebr t\u00eb treguar forc\u00ebn nga ana e qeveris\u00eb \u00ebsht\u00eb e rrezikshme p\u00ebr integrimin evropian t\u00eb Shqip\u00ebris\u00eb. Tregimi i forc\u00ebs me policin\u00eb e ushtrin\u00eb \u00ebsht\u00eb problematik. Shoh nj\u00eb tendenc\u00eb p\u00ebr t\u00eb vendosur dhun\u00ebn p\u00ebrmes ligjit dhe jo p\u00ebrmes zbatimit t\u00eb ligjit\u201d,\u00a0tha Tabaku.<\/em><\/p>\n<p>Deputetja shprehu shqet\u00ebsim edhe p\u00ebr ndryshimet ligjore t\u00eb fundit:<\/p>\n<p><em>\u201cKam par\u00eb me shqet\u00ebsim t\u00eb madh ndryshimin e Kodit Penal, ndryshimin e akuz\u00ebs p\u00ebr korrupsionin, ligjin p\u00ebr zonat e mbrojtura, etj, vet\u00ebm sepse nuk i p\u00eblqejn\u00eb dikujt. Kjo nuk \u00ebsht\u00eb Shqip\u00ebria e vitit 2025 dhe as Shqip\u00ebria evropiane,\u201d\u00a0u shpreh ajo.<\/em><\/p>\n<p>Tabaku theksoi se vendit nuk i duhen ligje t\u00eb shumta t\u00eb miratuara n\u00eb nxitim, por reforma t\u00eb thella n\u00eb thelb:<\/p>\n<p><em>\u201cNa duhet balanca e pushtetit, kontrolli i institucioneve, nj\u00eb parlament i fort\u00eb, institucione q\u00eb k\u00ebrkojn\u00eb llogari. Kjo \u00ebsht\u00eb ajo q\u00eb ka m\u00eb shum\u00eb r\u00ebnd\u00ebsi n\u00eb k\u00ebt\u00eb faz\u00eb t\u00eb hapjes s\u00eb negociatave t\u00eb integrimit\u201d, tha Tabaku.<\/em><\/p>\n<p>Duke e lidhur me zhvillimet nd\u00ebrkomb\u00ebtare, ajo theksoi se zgjerimi i BE-s\u00eb \u00ebsht\u00eb kthyer n\u00eb \u00e7\u00ebshtje sigurie pas agresionit rus ndaj Ukrain\u00ebs, por kjo nuk duhet t\u00eb b\u00ebhet justifikim p\u00ebr t\u00eb fshehur problemet e brendshme t\u00eb Shqip\u00ebris\u00eb.<\/p>\n","protected":false},"excerpt":{"rendered":"<p>Deputetja e PD, Jorida Tabaku, ka shprehur shqet\u00ebsimet e saj mbi procesin e integrimit evropian t\u00eb Shqip\u00ebris\u00eb. E ftuar n\u00eb News24, Tabaku theksoi se veprimet me forc\u00eb nga ana e qeveris\u00eb c\u00ebnojn\u00eb rrug\u00ebn drejt BE-s\u00eb. \u201cTendenca p\u00ebr t\u00eb treguar forc\u00ebn nga ana e qeveris\u00eb \u00ebsht\u00eb e rrezikshme p\u00ebr integrimin evropian t\u00eb Shqip\u00ebris\u00eb. Tregimi i forc\u00ebs &hellip;<\/p>\n","protected":false},"author":4,"featured_media":117215,"comment_status":"closed","ping_status":"closed","sticky":false,"template":"","format":"standard","meta":{"footnotes":""},"categories":[37],"tags":[],"class_list":["post-121358","post","type-post","status-publish","format-standard","has-post-thumbnail","","category-politike"],"_links":{"self":[{"href":"https:\/\/rdnews.al\/index.php\/wp-json\/wp\/v2\/posts\/121358","targetHints":{"allow":["GET"]}}],"collection":[{"href":"https:\/\/rdnews.al\/index.php\/wp-json\/wp\/v2\/posts"}],"about":[{"href":"https:\/\/rdnews.al\/index.php\/wp-json\/wp\/v2\/types\/post"}],"author":[{"embeddable":true,"href":"https:\/\/rdnews.al\/index.php\/wp-json\/wp\/v2\/users\/4"}],"replies":[{"embeddable":true,"href":"https:\/\/rdnews.al\/index.php\/wp-json\/wp\/v2\/comments?post=121358"}],"version-history":[{"count":1,"href":"https:\/\/rdnews.al\/index.php\/wp-json\/wp\/v2\/posts\/121358\/revisions"}],"predecessor-version":[{"id":121359,"href":"https:\/\/rdnews.al\/index.php\/wp-json\/wp\/v2\/posts\/121358\/revisions\/121359"}],"wp:featuredmedia":[{"embeddable":true,"href":"https:\/\/rdnews.al\/index.php\/wp-json\/wp\/v2\/media\/117215"}],"wp:attachment":[{"href":"https:\/\/rdnews.al\/index.php\/wp-json\/wp\/v2\/media?parent=121358"}],"wp:term":[{"taxonomy":"category","embeddable":true,"href":"https:\/\/rdnews.al\/index.php\/wp-json\/wp\/v2\/categories?post=121358"},{"taxonomy":"post_tag","embeddable":true,"href":"https:\/\/rdnews.al\/index.php\/wp-json\/wp\/v2\/tags?post=121358"}],"curies":[{"name":"wp","href":"https:\/\/api.w.org\/{rel}","templated":true}]}}