{"id":121360,"date":"2025-08-20T16:54:35","date_gmt":"2025-08-20T16:54:35","guid":{"rendered":"https:\/\/rdnews.al\/?p=121360"},"modified":"2025-08-20T16:54:35","modified_gmt":"2025-08-20T16:54:35","slug":"te-paguash-taksa-pa-pasur-te-drejta-qytetare-gjendje-skllavi","status":"publish","type":"post","link":"https:\/\/rdnews.al\/index.php\/2025\/08\/20\/te-paguash-taksa-pa-pasur-te-drejta-qytetare-gjendje-skllavi\/","title":{"rendered":"T\u00eb paguash taksa pa pasur t\u00eb drejta qytetare, gjendje skllavi"},"content":{"rendered":"<p><strong>Nga<\/strong><strong style=\"font-style: inherit;\">\u00a0Artan FUGA<\/strong><\/p>\n<p>Vendosja e nj\u00eb takse shtes\u00eb p\u00ebr sht\u00ebpit\u00eb dhe apartamentet dyt\u00ebsore ka vend p\u00ebr disa komente, besoj.<\/p>\n<p>Shtesa e nj\u00eb takse nuk \u00ebsht\u00eb kaq e thjesht\u00eb. Shekuj m\u00eb par\u00eb t\u00eb shtoje pak taks\u00ebn p\u00ebr krip\u00ebn, apo p\u00ebr kanell\u00ebn, b\u00ebhej nami! P\u00ebrmbysej gjysma e Evrop\u00ebs. Por, ata ishin bujkrob\u00ebr, kishin sed\u00ebr, ne jemi qytetar\u00eb, nuk merremi me pun\u00eb taksash.<\/p>\n<p>Ne b\u00ebjm\u00eb skulptura se Ko\u00e7i i Teto Sofk\u00ebs!<\/p>\n<p>Edhe kur at\u00eb e b\u00ebnin mbret\u00ebr q\u00eb edhe njer\u00ebzit i kishin pron\u00eb t\u00eb tyre. Jo m\u00eb n\u00eb nj\u00eb demokraci kaq t\u00eb zhvilluar sikurse jemi ne!<\/p>\n<p><span style=\"font-style: inherit; font-weight: inherit;\">Duket se kjo taksa e banes\u00ebs s\u00eb dyt\u00eb \u00ebsht\u00eb nj\u00eb mas\u00eb popullore. Sikur me t\u00eb preken vet\u00ebm manjat\u00ebt e nd\u00ebrtimeve, ata q\u00eb kan\u00eb nga pes\u00ebdhjet\u00eb apartamente, apo disa sht\u00ebpi ku katet e n\u00ebdheshme jan\u00eb disa her\u00eb m\u00eb t\u00eb m\u00ebdha sa katet q\u00eb duken mbi tok\u00eb.<\/span><\/p>\n<p>Por, kjo \u00ebsht\u00eb nj\u00eb iluzion. Imagjinoni sa shtresa popullore kan\u00eb l\u00ebn\u00eb sht\u00ebpit\u00eb e tyre n\u00eb fshatrat dhe qytetet e lindjes dhe kan\u00eb ardhur n\u00eb qytete m\u00eb t\u00eb m\u00ebdha ose n\u00eb Tiran\u00eb. Tani ata do t\u00eb duhet t\u00eb p\u00ebrballojn\u00eb nj\u00eb taks\u00eb shtes\u00eb. Do t\u00eb goditen n\u00eb xhep edhe emigrant\u00ebt q\u00eb pasi kan\u00eb l\u00ebn\u00eb sht\u00ebpit\u00eb e tyre n\u00eb fshatra, kan\u00eb bler\u00eb -me lek\u00eb djerse nga nj\u00eb apartament n\u00eb nj\u00eb qytet m\u00eb t\u00eb madh p\u00ebr ta pasur.<\/p>\n<p>Cfar\u00eb do t\u00eb b\u00ebjn\u00eb k\u00ebta? Do t\u2019i shesin a t\u2019i prishin sht\u00ebpit\u00eb n\u00eb zonat rurale? A nuk do t\u00eb \u00e7oj\u00eb kjo nj\u00eb n\u00eb braktisje edhe m\u00eb t\u00eb madhe t\u00eb k\u00ebtyre zonave periferike dhe nj\u00eb boshatisje tjet\u00ebr m\u00eb t\u00eb dhimbshme?<\/p>\n<p>Dikush do t\u00eb thot\u00eb, e po edhe n\u00eb Evrop\u00eb ka taksa plus p\u00ebr banes\u00ebn e dyt\u00eb. Patjet\u00ebr. Puna \u00ebsht\u00eb se kur duam t\u2019i ngarkojm\u00eb barra t\u00eb tjera qytetar\u00ebve shohim nga Evropa, por nuk shohim \u00e7far\u00eb leht\u00ebsirash krijon ajo p\u00ebr evropian\u00ebt! Mos harrojm\u00eb se n\u00eb Evrop\u00eb ka masa q\u00eb taksa e sht\u00ebpive p\u00ebr ata q\u00eb kan\u00eb t\u00eb ardhura t\u00eb pakta ose me statuse t\u00eb ve\u00e7anta nuk ekziston fare, ose reduktohet n\u00eb madh\u00ebszi simbolike.<\/p>\n<p>Mua m\u00eb duket se \u00ebsht\u00eb pak e pakuptueshme q\u00eb kjo taks\u00eb u dashka q\u00eb t\u00eb shtohet buxheti i pushtetit lokal ku njer\u00ebzit kan\u00eb banesa t\u00eb dyta, ta zem\u00eb n\u00eb zona turistike!!!<\/p>\n<p>Shum\u00eb mir\u00eb. At\u00ebher\u00eb le t\u00eb p\u00ebrgjysmohet taksa p\u00ebr banes\u00ebn kryesore dhe pjesa e dyt\u00eb e mbetur e asaj takse t\u00eb p\u00ebrdoret p\u00ebr t\u00eb paguar taks\u00ebn e banes\u00ebs s\u00eb dyt\u00eb. N\u00eb k\u00ebt\u00eb m\u00ebnyr\u00eb edhe dora nuk futet n\u00eb xhepin e qytetarit, edhe nj\u00eb pjes\u00eb e flukseve financiare rishp\u00ebrndahet duke shkuar p\u00ebr shembull edhe drejt zonave bregdetare.<\/p>\n<p>Se normalisht qytetar\u00ebt q\u00eb kan\u00eb banes\u00eb t\u00eb dyt\u00eb n\u00eb k\u00ebt\u00eb zona, i sjellin tashm\u00eb fitime pushteteve lokale edhe pa k\u00ebt\u00eb taks\u00eb. Se ata atje pin\u00eb, han\u00eb, paguajn\u00eb p\u00ebr ujin, energjin\u00eb, etj. M\u00eb duan?<\/p>\n<p>Aq m\u00eb shum\u00eb q\u00eb kjo taks\u00eb nuk ka p\u00ebrse t\u00eb mbush\u00eb buxhete bashkish n\u00eb faliment. Nuk trajtohet k\u00ebshtu \u00e7\u00ebshtja. Parat\u00eb e taksave jan\u00eb p\u00ebr t\u2019ju kthyer p\u00ebrs\u00ebri qytetarit, me rrug\u00eb t\u00eb mira, trotuare, pem\u00eb, gjelb\u00ebrim, etj. Pra, nuk \u00ebsht\u00eb t\u00eb paguhet taksa p\u00ebr t\u00eb nxjerr\u00eb bashkin\u00eb nga falimenti q\u00eb vjen nga shpenzime krejt t\u00eb pamonitoruara nga qytetari, por q\u00eb ato lek\u00eb t\u00eb kthehen n\u00eb form\u00eb sh\u00ebrbimesh dhe investimesh p\u00ebr qytetarin.<\/p>\n<p>Ajo m\u00eb e r\u00ebnd\u00ebsishmja, m\u00eb djeg\u00ebsja, m\u00eb cimbis\u00ebsja, \u00ebsht\u00eb se taksimi i popullsis\u00eb ka nj\u00eb \u201ckund\u00ebrtaks\u00eb\u201d : Kush paguan taks\u00eb n\u00eb nj\u00eb territor, duhet t\u00eb ket\u00eb t\u00eb gjitha t\u00eb drejtat n\u00eb at\u00eb territor. Pra t\u00eb konsiderohet si qytetar me t\u00eb drejta t\u00eb plota atje. Duhet t\u00eb ket\u00eb t\u00eb drejt\u00eb t\u00eb shfryt\u00ebzoj\u00eb spitalin ambulancat, t\u00eb \u00e7oj\u00eb f\u00ebmij\u00ebt n\u00eb shkoll\u00eb, t\u00eb marr\u00eb rambursime sociale n\u00ebse plot\u00ebson kushtet, dhe mbi t\u00eb gjitha, mbi t\u00eb gjitha fare :<\/p>\n<p>t\u00eb ket\u00eb t\u00eb drejt\u00eb\u201d t\u00eb votoj\u00eb atje!<\/p>\n<p>Si? T\u00eb votoj\u00eb n\u00eb dy vende? \u2013 do t\u00eb thoshte ndonj\u00eb kok\u00ebbosh? Edhe ku ka banes\u00ebn kryesore edhe ku ka banes\u00ebn dyt\u00ebsore apo pron\u00ebn?<\/p>\n<p>Po, patjet\u00ebr! T\u00eb ket\u00eb t\u00eb drejt\u00ebn t\u00eb votoj\u00eb ku t\u00eb doj\u00eb, nj\u00eb her\u00eb do t\u00eb votoj\u00eb, por atje ku do ai. N\u00eb fillim t\u00eb \u00e7do viti ai p\u00ebrcakton se ku do t\u00eb votoj\u00eb.<\/p>\n<p>Nd\u00ebrkaq qytetar i asaj lagjeje, i atij fshati, i asaj zone bregdetare, i atij qyteti ai \u00ebsht\u00eb. Pra, duhet t\u00eb ket\u00eb t\u00eb drejt\u00ebn t\u00eb jet\u00eb i rregjistruar n\u00eb gjendjen civile atje.<\/p>\n<p>Dakord? Doni Evrop\u00ebn? Doni taks\u00eb p\u00ebr banes\u00ebn e dyt\u00eb? Hallall! Por, Evropa k\u00ebshtu e ka!<\/p>\n<p>Madje edhe shtetasit e huaj, ardhur nga nj\u00eb vendi por q\u00eb banojn\u00eb atje, pa qen\u00eb qytetar\u00eb atje, kan\u00eb t\u00eb drejt\u00eb t\u00eb votojn\u00eb p\u00ebr pushtetin lokal.<\/p>\n<p>P\u00ebrndryshe ku e di ai q\u00eb paguan taks\u00eb p\u00ebr banes\u00ebn se parat\u00eb e tij nuk do t\u00eb b\u00ebhen rrush e kumbulla, nuk do t\u00eb shkojn\u00eb p\u00ebr t\u00eb bler\u00eb gjela deti, pjekur, bakllava, pilaf dhe ngr\u00ebn\u00eb p\u00ebr vit t\u00eb ri?<\/p>\n<p>Si? Dikush q\u00eb n\u00eb banes\u00ebn e dyt\u00eb qendron ta zem\u00eb vet\u00ebm nj\u00eb muaj n\u00eb vit u dashka t\u00eb paguaj\u00eb taksa sa ai q\u00eb \u00ebsht\u00eb qytetar me banim t\u00eb p\u00ebrhersh\u00ebm atje?<\/p>\n<p>Pse nj\u00ebsoj e p\u00ebrdorin rrug\u00ebn, trotuaret, stolat, nj\u00ebsoj i konsumojn\u00eb tubat e ujit, e ndosin mjedisin, pra nj\u00ebsoj sjellin shpenzime p\u00ebr pushtetin lokal si ata q\u00eb jetojn\u00eb gjith\u00eb koh\u00ebn atje?<\/p>\n<p>Mir\u00eb taksa shtes\u00eb, por nuk ka t\u00eb drejt\u00eb qytetari q\u00eb me pushtetin 6lokal t\u00eb n\u00ebnshkruaj\u00eb \u00e7do vit nj\u00eb kontrat\u00eb se ku do t\u00eb shpenzohet taksa plus e banes\u00ebs s\u00eb dyt\u00eb?<\/p>\n<p>Ku ka k\u00ebshtu? Jep lek\u00eb dhe ik fshi buz\u00ebt!<\/p>\n<p>Nuk ke asnj\u00eb k\u00ebshilltar q\u00eb t\u00eb p\u00ebrfaq\u00ebson, se ti nuk ke t\u00eb drejt\u00eb vote atje! Je skllav!<\/p>\n<p>T\u00eb paguash taksa, pa t\u00eb drejt\u00eb votimi, pra pa t\u00eb drejt\u00eb statusi qytetar, p\u00ebr t\u00eb kontrolluar ata q\u00eb e p\u00ebrdorin at\u00eb, kjo e dini \u00e7far\u00eb \u00ebsht\u00eb?<\/p>\n<p>Thjesht gjendje skllavi.<\/p>\n<p>Edhe n\u00ebse e pranon pa th\u00ebn\u00eb nj\u00eb fjal\u00eb nj\u00eb deputet apo k\u00ebshilltar opozite n\u00eb pushtetin lokal, edhe ai apo ajo nuk ka degraduar k\u00ebshtu ve\u00e7se nj\u00eb gjendje dhe mend\u00ebsi skllavi!<\/p>\n","protected":false},"excerpt":{"rendered":"<p>Nga\u00a0Artan FUGA Vendosja e nj\u00eb takse shtes\u00eb p\u00ebr sht\u00ebpit\u00eb dhe apartamentet dyt\u00ebsore ka vend p\u00ebr disa komente, besoj. Shtesa e nj\u00eb takse nuk \u00ebsht\u00eb kaq e thjesht\u00eb. Shekuj m\u00eb par\u00eb t\u00eb shtoje pak taks\u00ebn p\u00ebr krip\u00ebn, apo p\u00ebr kanell\u00ebn, b\u00ebhej nami! P\u00ebrmbysej gjysma e Evrop\u00ebs. Por, ata ishin bujkrob\u00ebr, kishin sed\u00ebr, ne jemi qytetar\u00eb, nuk &hellip;<\/p>\n","protected":false},"author":4,"featured_media":121361,"comment_status":"closed","ping_status":"closed","sticky":false,"template":"","format":"standard","meta":{"footnotes":""},"categories":[44],"tags":[],"class_list":["post-121360","post","type-post","status-publish","format-standard","has-post-thumbnail","","category-editorial"],"_links":{"self":[{"href":"https:\/\/rdnews.al\/index.php\/wp-json\/wp\/v2\/posts\/121360","targetHints":{"allow":["GET"]}}],"collection":[{"href":"https:\/\/rdnews.al\/index.php\/wp-json\/wp\/v2\/posts"}],"about":[{"href":"https:\/\/rdnews.al\/index.php\/wp-json\/wp\/v2\/types\/post"}],"author":[{"embeddable":true,"href":"https:\/\/rdnews.al\/index.php\/wp-json\/wp\/v2\/users\/4"}],"replies":[{"embeddable":true,"href":"https:\/\/rdnews.al\/index.php\/wp-json\/wp\/v2\/comments?post=121360"}],"version-history":[{"count":1,"href":"https:\/\/rdnews.al\/index.php\/wp-json\/wp\/v2\/posts\/121360\/revisions"}],"predecessor-version":[{"id":121362,"href":"https:\/\/rdnews.al\/index.php\/wp-json\/wp\/v2\/posts\/121360\/revisions\/121362"}],"wp:featuredmedia":[{"embeddable":true,"href":"https:\/\/rdnews.al\/index.php\/wp-json\/wp\/v2\/media\/121361"}],"wp:attachment":[{"href":"https:\/\/rdnews.al\/index.php\/wp-json\/wp\/v2\/media?parent=121360"}],"wp:term":[{"taxonomy":"category","embeddable":true,"href":"https:\/\/rdnews.al\/index.php\/wp-json\/wp\/v2\/categories?post=121360"},{"taxonomy":"post_tag","embeddable":true,"href":"https:\/\/rdnews.al\/index.php\/wp-json\/wp\/v2\/tags?post=121360"}],"curies":[{"name":"wp","href":"https:\/\/api.w.org\/{rel}","templated":true}]}}