{"id":12137,"date":"2022-05-12T16:16:24","date_gmt":"2022-05-12T16:16:24","guid":{"rendered":"https:\/\/rdnews.al\/?p=12137"},"modified":"2022-05-12T16:20:40","modified_gmt":"2022-05-12T16:20:40","slug":"basha-futet-ne-parlament-vetem-pasi-sigurohet-qe-eshte-larguar-berisha","status":"publish","type":"post","link":"https:\/\/rdnews.al\/index.php\/2022\/05\/12\/basha-futet-ne-parlament-vetem-pasi-sigurohet-qe-eshte-larguar-berisha\/","title":{"rendered":"Basha futet n\u00eb Parlament vet\u00ebm pasi sigurohet q\u00eb \u00ebsht\u00eb larguar Berisha"},"content":{"rendered":"<p>Ish-kryetari i PD, Lulzim Basha u fut n\u00eb seanc\u00eb n\u00eb momentin q\u00eb lideri historik i PD, Sali Berisha kuishte dal\u00eb jasht\u00eb Kuvendit.<\/p>\n<p>Basha nga foltorja e Kuvendit ka p\u00ebrsh\u00ebndetur aplikimin e Kosov\u00ebs n\u00eb K\u00ebshillin e Europ\u00ebs dhe k\u00ebrkoi q\u00eb Shqip\u00ebria t\u00eb jap\u00eb mb\u00ebshtetje maksimale duke lobuar.<\/p>\n<p>\u201c14 vite pas shpalljes s\u00eb Kosov\u00ebs s\u00eb pavarur rajoni ka p\u00ebrjetuar nj\u00eb \u00e7lirim nga makthet e luft\u00ebs dhe investimi n\u00eb Kosov\u00ebn e pavarur, e drejtave t\u00eb barabarta, krah p\u00ebr krah vendeve an\u00ebtare t\u00eb NATO-s \u00ebsht\u00eb investimi m\u00eb i suksessh\u00ebm i demokracive per\u00ebndimore.<\/p>\n<p>Por sot kemi rastin t\u00eb p\u00ebrsh\u00ebndetim nj\u00eb z\u00ebri, nj\u00eb moment ky\u00e7, aplikimin e Kosov\u00ebs p\u00ebr an\u00ebtar\u00ebsim n\u00eb K\u00ebshillin e Europ\u00ebs. Ndjej nj\u00eb k\u00ebnaq\u00ebsi t\u00eb dyfisht\u00eb. Nuk ka si t\u00eb jet\u00eb ndryshe. Progresi i Kosov\u00ebs \u00ebsht\u00eb domethen\u00ebs. Kosova ka provuar n\u00eb cdo rast kur \u00ebsht\u00eb p\u00ebrballur me sprova elektorale dhe p\u00ebr ta mbajtur t\u00eb ngrir\u00eb konfliktin dhe kur \u00ebsht\u00eb p\u00ebrballur me zgjedhjen mes dhun\u00ebs dhe kaosit, respektimit t\u00eb t\u00eb drejtave t\u00eb njeriut, se ka qen\u00eb n\u00eb vendin e duhur.<\/p>\n<p>Ndaj thirrja ime e par\u00eb, u drejtohet instancave t\u00eb shtetit t\u00eb japin mb\u00ebshtetjen e nevojshme, ta konsiderojm\u00eb jo nj\u00eb hap t\u00eb izoluar, por hap p\u00ebr p\u00ebrfshirjen n\u00eb t\u00eb gjitha organizatat\u201d, tha ai.<\/p>\n","protected":false},"excerpt":{"rendered":"<p>Ish-kryetari i PD, Lulzim Basha u fut n\u00eb seanc\u00eb n\u00eb momentin q\u00eb lideri historik i PD, Sali Berisha kuishte dal\u00eb jasht\u00eb Kuvendit. Basha nga foltorja e Kuvendit ka p\u00ebrsh\u00ebndetur aplikimin e Kosov\u00ebs n\u00eb K\u00ebshillin e Europ\u00ebs dhe k\u00ebrkoi q\u00eb Shqip\u00ebria t\u00eb jap\u00eb mb\u00ebshtetje maksimale duke lobuar. \u201c14 vite pas shpalljes s\u00eb Kosov\u00ebs s\u00eb pavarur rajoni &hellip;<\/p>\n","protected":false},"author":4,"featured_media":0,"comment_status":"open","ping_status":"open","sticky":false,"template":"","format":"standard","meta":{"footnotes":""},"categories":[37],"tags":[],"class_list":["post-12137","post","type-post","status-publish","format-standard","","category-politike"],"_links":{"self":[{"href":"https:\/\/rdnews.al\/index.php\/wp-json\/wp\/v2\/posts\/12137","targetHints":{"allow":["GET"]}}],"collection":[{"href":"https:\/\/rdnews.al\/index.php\/wp-json\/wp\/v2\/posts"}],"about":[{"href":"https:\/\/rdnews.al\/index.php\/wp-json\/wp\/v2\/types\/post"}],"author":[{"embeddable":true,"href":"https:\/\/rdnews.al\/index.php\/wp-json\/wp\/v2\/users\/4"}],"replies":[{"embeddable":true,"href":"https:\/\/rdnews.al\/index.php\/wp-json\/wp\/v2\/comments?post=12137"}],"version-history":[{"count":0,"href":"https:\/\/rdnews.al\/index.php\/wp-json\/wp\/v2\/posts\/12137\/revisions"}],"wp:attachment":[{"href":"https:\/\/rdnews.al\/index.php\/wp-json\/wp\/v2\/media?parent=12137"}],"wp:term":[{"taxonomy":"category","embeddable":true,"href":"https:\/\/rdnews.al\/index.php\/wp-json\/wp\/v2\/categories?post=12137"},{"taxonomy":"post_tag","embeddable":true,"href":"https:\/\/rdnews.al\/index.php\/wp-json\/wp\/v2\/tags?post=12137"}],"curies":[{"name":"wp","href":"https:\/\/api.w.org\/{rel}","templated":true}]}}