{"id":121393,"date":"2025-08-20T18:27:13","date_gmt":"2025-08-20T18:27:13","guid":{"rendered":"https:\/\/rdnews.al\/?p=121393"},"modified":"2025-08-20T18:40:12","modified_gmt":"2025-08-20T18:40:12","slug":"kur-ahmetaj-deklaronte-ish-zv-drejtori-i-aksh-it-u-kercenua-nga-rama-qe-te-mbylle-gojen","status":"publish","type":"post","link":"https:\/\/rdnews.al\/index.php\/2025\/08\/20\/kur-ahmetaj-deklaronte-ish-zv-drejtori-i-aksh-it-u-kercenua-nga-rama-qe-te-mbylle-gojen\/","title":{"rendered":"Kur Ahmetaj deklaronte: Ish-Zv.drejtori i AKSH-it u k\u00ebrc\u00ebnua nga Rama q\u00eb t\u00eb mbyll\u00eb goj\u00ebn"},"content":{"rendered":"<p>Nj\u00eb ngjarje e r\u00ebnd\u00eb \u00ebsht\u00eb sh\u00ebnuar dit\u00ebn e sotme n\u00eb q\u00ebnd\u00ebr t\u00eb Tiaran\u00ebs, ku ish-Zv.drejtori i AKSH-it Daniel Shima, raportohet q\u00eb t\u00eb jet\u00eb zjhdukur.<\/p>\n<p>Familjar\u00ebt e tij kan\u00eb b\u00ebr\u00eb denoncim n\u00eb polici, se kan\u00eb humbur kontakt me t\u00eb q\u00eb nga ora 13:30.<\/p>\n<p><em>Po \u00e7far\u00eb deklaronte Ahmetaj p\u00ebr Daniel Shim\u00ebn?<\/em><\/p>\n<p>Ish-zv.kryeministri Arben Ahmetaj n\u00eb nj\u00eb intervist\u00eb nga arratia n\u00eb korrik t\u00eb vitit 2024, foli p\u00ebr nj\u00eb p\u00ebrgjim ambiental t\u00eb kapur nga SPAK p\u00ebr tendera n\u00eb vler\u00ebn e 43 milion\u00eb eurove ose 43 miliard\u00eb lek\u00ebve, p\u00ebrmes Agjencis\u00eb Komb\u00ebtare t\u00eb Shoq\u00ebris\u00eb s\u00eb Informacionit.<\/p>\n<p>Sipas Ahmetajt, Daniel Shima \u00ebsht\u00eb k\u00ebrc\u00ebnuar nga Rama q\u00eb t\u00eb mbyll\u00eb goj\u00ebs.<\/p>\n<p>\u201c<em>AKSHI \u00ebsht\u00eb tmerr. Danieli \u00ebsht\u00eb k\u00ebrc\u00ebnuar. Tani ata q\u00eb e kuptojn\u00eb e din\u00eb shum\u00eb mir\u00eb q\u00eb t\u00eb mbylli goj\u00ebn. Danieli \u00ebsht\u00eb k\u00ebrc\u00ebnuar nga vet\u00eb kryeministri q\u00eb t\u00eb mbyll\u00eb goj\u00ebn. Le t\u00eb dal\u00eb e t\u00eb b\u00ebj\u00eb batuta, jo tha\u2026\u201d,-\u00a0<\/em>deklaronte Ahmetaj n\u00eb at\u00eb koh\u00eb.<\/p>\n<p>Daniel Shima ka mbajtur postin e z\u00ebvend\u00ebs drejtorit t\u00eb Agjencis\u00eb Komb\u00ebtare t\u00eb Shoq\u00ebris\u00eb s\u00eb Informacionit deri pak koh\u00eb m\u00eb par\u00eb, nj\u00eb pozicion q\u00eb e rendit si nj\u00eb nd\u00ebr zyrtar\u00ebt m\u00eb t\u00eb lart\u00eb t\u00eb k\u00ebsaj agjencie, direkt pas drejtueses Mirlinda Kar\u00e7anaj.<\/p>\n<p>Por dit\u00ebn q\u00eb shefja e tij Mirlinda Kar\u00e7anaj u thirr n\u00eb Prokurorin\u00eb e Posa\u00e7me, ai u shkarkua.<\/p>\n<p>Drejtuesja e agjencis\u00eb m\u00eb t\u00eb r\u00ebnd\u00ebsishme p\u00ebr menaxhimin dhe p\u00ebrmir\u00ebsimin e sistemeve t\u00eb teknologjis\u00eb dhe informacionit n\u00eb institucionet shtet\u00ebrore shqiptare, \u00ebsht\u00eb marr\u00eb p\u00ebr disa or\u00eb n\u00eb pyetje m\u00eb 19 Mars 2024 n\u00eb ambientet e SPAK dhe menj\u00ebher\u00eb pas daljes prej atje, \u00ebsht\u00eb kthyer n\u00eb zyr\u00eb dhe ka firmosur shkarkimin e Daniel Shim\u00ebs, tashm\u00eb nj\u00eb person i konsideruar i zhdukur.<\/p>\n","protected":false},"excerpt":{"rendered":"<p>Nj\u00eb ngjarje e r\u00ebnd\u00eb \u00ebsht\u00eb sh\u00ebnuar dit\u00ebn e sotme n\u00eb q\u00ebnd\u00ebr t\u00eb Tiaran\u00ebs, ku ish-Zv.drejtori i AKSH-it Daniel Shima, raportohet q\u00eb t\u00eb jet\u00eb zjhdukur. Familjar\u00ebt e tij kan\u00eb b\u00ebr\u00eb denoncim n\u00eb polici, se kan\u00eb humbur kontakt me t\u00eb q\u00eb nga ora 13:30. Po \u00e7far\u00eb deklaronte Ahmetaj p\u00ebr Daniel Shim\u00ebn? Ish-zv.kryeministri Arben Ahmetaj n\u00eb nj\u00eb intervist\u00eb &hellip;<\/p>\n","protected":false},"author":4,"featured_media":121394,"comment_status":"closed","ping_status":"closed","sticky":false,"template":"","format":"standard","meta":{"footnotes":""},"categories":[134],"tags":[],"class_list":["post-121393","post","type-post","status-publish","format-standard","has-post-thumbnail","","category-news"],"_links":{"self":[{"href":"https:\/\/rdnews.al\/index.php\/wp-json\/wp\/v2\/posts\/121393","targetHints":{"allow":["GET"]}}],"collection":[{"href":"https:\/\/rdnews.al\/index.php\/wp-json\/wp\/v2\/posts"}],"about":[{"href":"https:\/\/rdnews.al\/index.php\/wp-json\/wp\/v2\/types\/post"}],"author":[{"embeddable":true,"href":"https:\/\/rdnews.al\/index.php\/wp-json\/wp\/v2\/users\/4"}],"replies":[{"embeddable":true,"href":"https:\/\/rdnews.al\/index.php\/wp-json\/wp\/v2\/comments?post=121393"}],"version-history":[{"count":1,"href":"https:\/\/rdnews.al\/index.php\/wp-json\/wp\/v2\/posts\/121393\/revisions"}],"predecessor-version":[{"id":121395,"href":"https:\/\/rdnews.al\/index.php\/wp-json\/wp\/v2\/posts\/121393\/revisions\/121395"}],"wp:featuredmedia":[{"embeddable":true,"href":"https:\/\/rdnews.al\/index.php\/wp-json\/wp\/v2\/media\/121394"}],"wp:attachment":[{"href":"https:\/\/rdnews.al\/index.php\/wp-json\/wp\/v2\/media?parent=121393"}],"wp:term":[{"taxonomy":"category","embeddable":true,"href":"https:\/\/rdnews.al\/index.php\/wp-json\/wp\/v2\/categories?post=121393"},{"taxonomy":"post_tag","embeddable":true,"href":"https:\/\/rdnews.al\/index.php\/wp-json\/wp\/v2\/tags?post=121393"}],"curies":[{"name":"wp","href":"https:\/\/api.w.org\/{rel}","templated":true}]}}