{"id":121396,"date":"2025-08-20T18:38:11","date_gmt":"2025-08-20T18:38:11","guid":{"rendered":"https:\/\/rdnews.al\/?p=121396"},"modified":"2025-08-20T19:48:27","modified_gmt":"2025-08-20T19:48:27","slug":"zhdukje-shteterore-a-dispononte-shima-pergjimin-ku-implikohej-linda-rama-per-aferat-miliona-euro","status":"publish","type":"post","link":"https:\/\/rdnews.al\/index.php\/2025\/08\/20\/zhdukje-shteterore-a-dispononte-shima-pergjimin-ku-implikohej-linda-rama-per-aferat-miliona-euro\/","title":{"rendered":"Zhdukje shtet\u00ebrore\/ Shima dispononte p\u00ebrgjimin ku implikohej Linda Rama p\u00ebr aferat miliona euro?"},"content":{"rendered":"<p>Zhdukja e Danie Shim\u00ebs nga njer\u00ebz t\u00eb veshur me uniform\u00eb policie \u00ebst\u00eb nj\u00eb krim i past\u00ebr shtet\u00ebror n\u00ebse ai nuk gjendet dhe nuk shp\u00ebtohet nga policia.<\/p>\n<p>Po p\u00ebrse duhej t\u00eb zhdukej Shima?<\/p>\n<p>Besohet se Shima mund t\u00eb ket\u00eb qen\u00eb d\u00ebshmitari kryesor i aferave t\u00eb AKSH, q\u00eb t\u00eb cojn\u00eb direkt tek familja Rama. Ahmetaj flet p\u00ebr p\u00ebrgjime q\u00eb disponoheshin nga nj\u00eb person pa dh\u00ebn\u00eb emrin e tij. A ishte ai Shima?<\/p>\n<p>Pjes\u00eb nga intervista me Ahmetajn<\/p>\n<p>Peka: AKSHI \u00ebsht\u00eb kopshti privat i Edi Ram\u00ebs?<br \/>\nAhmetaj: Doni fakte, doni oborrin e familjes s\u00eb Edi Ram\u00ebs. Meq\u00eb \u00ebsht\u00eb futur tek familja ime, kan\u00eb kaluar der\u00ebn n\u00eb m\u00ebnyr\u00eb t\u00eb paligjshme. Shum\u00eb e kollajt\u00eb \u00ebsht\u00eb t\u00eb futesh brenda sht\u00ebpis\u00eb s\u00eb nj\u00eb burri, nuk e di sa kollaj \u00ebsht\u00eb t\u00eb dal\u00ebsh. Ja AKSHI ku \u00ebsht\u00eb. Ka 8 muaj q\u00eb investigohet, \u00ebsht\u00eb b\u00ebr\u00eb nj\u00eb p\u00ebrgjim ambiental q\u00eb \u00ebsht\u00eb n\u00eb SPAK, edhe mund ta zhdukin, por dikush e ka tjet\u00ebr. Dikush e ka, dhe ai dikush m\u00eb ka garantuar se nj\u00eb kopje e saj, \u00ebsht\u00eb n\u00eb nj\u00eb kuti. Kan\u00eb b\u00ebr\u00eb p\u00ebrgjim ambiental ku \u00ebsht\u00eb p\u00ebrfshir\u00eb familja e kryeministrit tek AKSHI. 43 mln n\u00ebp\u00ebrmjet prestanomeve.<\/p>\n<p>Peka: Ka r\u00ebn\u00eb familja e kryeministrit tek AKSHI n\u00eb p\u00ebrgjim ambiental\u2026<br \/>\nAhmetaj: I \u00ebsht\u00eb p\u00ebrmendur emri p\u00ebr shum\u00eb, shum\u00eb gj\u00ebra n\u00eb at\u00eb p\u00ebrgjim ambiental. Nuk jan\u00eb thashetheme. Dhe q\u00eb at\u00eb dit\u00eb, ABS q\u00eb ka qen\u00eb nj\u00eb prestanome e njer\u00ebzve t\u00eb af\u00ebrt t\u00eb kryeministrit, prestanome, q\u00eb ka marr\u00eb 43 mln, q\u00eb \u00ebsht\u00eb rritur n\u00eb m\u00ebnyr\u00eb t\u00eb papritur, ju k\u00ebput filli trak. Pse, se u th\u00ebrrit n\u00eb SPAK dhe deponoi. U th\u00ebrrit n\u00eb SPAK dhe deponoi. \u00c7far\u00eb ka th\u00ebn\u00eb n\u00eb SPAK un\u00eb e di. Me siguri edhe kryeministri e di. Deri sa e di un\u00eb, sigurisht q\u00eb e di dhe kryeministri. K\u00ebtu jan\u00eb 43 mln. Dhe tani \u00ebsht\u00eb n\u00eb kontroll t\u00eb dikujt tjet\u00ebr. AKSHI \u00ebsht\u00eb tmerr. Danieli \u00ebsht\u00eb k\u00ebrc\u00ebnuar. Tani ata q\u00eb e kuptojn\u00eb e din\u00eb shum\u00eb mir\u00eb q\u00eb t\u00eb mbylli goj\u00ebn. Danieli \u00ebsht\u00eb k\u00ebrc\u00ebnuar nga vet\u00eb kryeministri q\u00eb t\u00eb mbyll\u00eb goj\u00ebn. Le t\u00eb dal\u00eb e t\u00eb b\u00ebj\u00eb batuta, jo tha\u2026<\/p>\n<p>\u00c7far\u00eb deklaroi Berisha<\/p>\n<p>N\u00eb nj\u00eb regjistrim ambiental t\u00eb shtetasit Gerond Me\u00e7e, ortaku i baxhanakut t\u00eb Edi Ram\u00ebs, Armando Fangu, rezulton se ky shtetas ka takuar n\u00eb ambientet e zyr\u00ebs s\u00eb tij nj\u00eb shtetas tjet\u00ebr. Shtetasi tjet\u00ebr me inicialet A. K. i k\u00ebrkon Gerondit q\u00eb ta ndihmoj\u00eb me an\u00eb t\u00eb lidhjeve q\u00eb ka me ortakun e tij, baxhanakun e Edi Ram\u00ebs, kunatin e Linda Ram\u00ebs, Armando Fangu p\u00ebr tenderat te AKSHI dhe me nd\u00ebrhyrje direkt te zonja Linda. Gerondi ka dal\u00eb garant dhe thot\u00eb se te AKSHI \u00e7do gj\u00eb e kontrollon vet\u00eb, deri tek dalja e tenderave.<br \/>\nAi pranon se Armando Fangu \u00ebsht\u00eb pronar de facto i kompanis\u00eb ABC dhe Kane dhe kan\u00eb mb\u00ebshtetjen e plot\u00eb t\u00eb kryeministrit n\u00ebp\u00ebrmjet zonj\u00ebs Linda.<\/p>\n","protected":false},"excerpt":{"rendered":"<p>Zhdukja e Danie Shim\u00ebs nga njer\u00ebz t\u00eb veshur me uniform\u00eb policie \u00ebst\u00eb nj\u00eb krim i past\u00ebr shtet\u00ebror n\u00ebse ai nuk gjendet dhe nuk shp\u00ebtohet nga policia. Po p\u00ebrse duhej t\u00eb zhdukej Shima? Besohet se Shima mund t\u00eb ket\u00eb qen\u00eb d\u00ebshmitari kryesor i aferave t\u00eb AKSH, q\u00eb t\u00eb cojn\u00eb direkt tek familja Rama. Ahmetaj flet p\u00ebr &hellip;<\/p>\n","protected":false},"author":3,"featured_media":121397,"comment_status":"closed","ping_status":"closed","sticky":false,"template":"","format":"standard","meta":{"footnotes":""},"categories":[40],"tags":[],"class_list":["post-121396","post","type-post","status-publish","format-standard","has-post-thumbnail","","category-aktualitet"],"_links":{"self":[{"href":"https:\/\/rdnews.al\/index.php\/wp-json\/wp\/v2\/posts\/121396","targetHints":{"allow":["GET"]}}],"collection":[{"href":"https:\/\/rdnews.al\/index.php\/wp-json\/wp\/v2\/posts"}],"about":[{"href":"https:\/\/rdnews.al\/index.php\/wp-json\/wp\/v2\/types\/post"}],"author":[{"embeddable":true,"href":"https:\/\/rdnews.al\/index.php\/wp-json\/wp\/v2\/users\/3"}],"replies":[{"embeddable":true,"href":"https:\/\/rdnews.al\/index.php\/wp-json\/wp\/v2\/comments?post=121396"}],"version-history":[{"count":4,"href":"https:\/\/rdnews.al\/index.php\/wp-json\/wp\/v2\/posts\/121396\/revisions"}],"predecessor-version":[{"id":121407,"href":"https:\/\/rdnews.al\/index.php\/wp-json\/wp\/v2\/posts\/121396\/revisions\/121407"}],"wp:featuredmedia":[{"embeddable":true,"href":"https:\/\/rdnews.al\/index.php\/wp-json\/wp\/v2\/media\/121397"}],"wp:attachment":[{"href":"https:\/\/rdnews.al\/index.php\/wp-json\/wp\/v2\/media?parent=121396"}],"wp:term":[{"taxonomy":"category","embeddable":true,"href":"https:\/\/rdnews.al\/index.php\/wp-json\/wp\/v2\/categories?post=121396"},{"taxonomy":"post_tag","embeddable":true,"href":"https:\/\/rdnews.al\/index.php\/wp-json\/wp\/v2\/tags?post=121396"}],"curies":[{"name":"wp","href":"https:\/\/api.w.org\/{rel}","templated":true}]}}