{"id":121437,"date":"2025-08-21T08:54:34","date_gmt":"2025-08-21T08:54:34","guid":{"rendered":"https:\/\/rdnews.al\/?p=121437"},"modified":"2025-08-21T09:27:52","modified_gmt":"2025-08-21T09:27:52","slug":"tabaku-emigracioni-po-vret-shtresen-e-mesme-ky-sistem-duhet-te-ndryshoje","status":"publish","type":"post","link":"https:\/\/rdnews.al\/index.php\/2025\/08\/21\/tabaku-emigracioni-po-vret-shtresen-e-mesme-ky-sistem-duhet-te-ndryshoje\/","title":{"rendered":"Tabaku: Emigracioni po \u201cvret\u201d shtres\u00ebn e mesme! K\u00ebto pasoja po ndjehen sot n\u00eb ekonomi!"},"content":{"rendered":"<p>Deputetja e PD, Jorida Tabaku e ka cil\u00ebsuar emigracionin si \u201cdram\u00ebn e v\u00ebrtet\u00eb\u201d t\u00eb ekonomis\u00eb shqiptare, duke theksuar se largimi n\u00eb mas\u00eb i forc\u00ebs s\u00eb pun\u00ebs ka prekur konsumit, shpenzimet dhe vet\u00eb pun\u00ebsimin. N\u00eb nj\u00eb video t\u00eb publikuar n\u00eb rrjetet e saj sociale, Tabaku iu referua t\u00eb dh\u00ebnave t\u00eb fundit t\u00eb INSTAT, sipas t\u00eb cilave, pun\u00ebsimi tek personat mbi 64 vje\u00e7 \u00ebsht\u00eb rritur me 7.9%, duke sinjalizuar plakjen e tregut t\u00eb pun\u00ebs.<\/p>\n<p>\u201cShqip\u00ebria nuk e ka m\u00eb avantazhin konkurrues t\u00eb t\u00eb rinjve q\u00eb punonin dhe investonin k\u00ebtu; shpresa e ekonomis\u00eb \u00ebsht\u00eb kthyer tek mosha e tret\u00eb\u201d, tha Tabaku, duke argumentuar se vendi ka humbur \u201cforc\u00ebn t\u00ebrheq\u00ebse t\u00eb pun\u00ebs\u201d p\u00ebr shkak t\u00eb sistemit aktual dhe politik\u00ebs fiskale.<\/p>\n<p>Sipas saj, rritja e taksave, pamund\u00ebsia p\u00ebr t\u00eb bler\u00eb nj\u00eb apartament, v\u00ebshtir\u00ebsit\u00eb p\u00ebr t\u00eb krijuar familje, pun\u00ebsimi i pasigurt dhe barrierat p\u00ebr hapjen e bizneseve kan\u00eb goditur shtres\u00ebn e mesme, duke e shtyr\u00eb drejt emigrimit. \u201cK\u00ebto pasoja po ndjehen sot n\u00eb ekonomi\u201d, theksoi ajo.<\/p>\n<p>Tabaku k\u00ebrkoi ndryshim t\u00eb modelit ekonomik dhe t\u00eb struktur\u00ebs s\u00eb ekonomis\u00eb, si dhe rishikim t\u00eb politikave fiskale n\u00eb favor t\u00eb pun\u00ebs. \u201cShqip\u00ebria duhet t\u2019i jap\u00eb vler\u00eb pun\u00ebs, ta promovoj\u00eb dhe ta mb\u00ebshtes\u00eb at\u00eb. Ky sistem duhet t\u00eb ndryshoj\u00eb\u201d, p\u00ebrfundoi Tabaku.<\/p>\n<div class=\"readmore-text-here\">\n<p><iframe loading=\"lazy\" src=\"https:\/\/www.facebook.com\/plugins\/video.php?height=476&amp;href=https%3A%2F%2Fwww.facebook.com%2Fjorida.tabaku%2Fvideos%2F1469592561049344%2F&amp;show_text=false&amp;width=267&amp;t=0\" width=\"267\" height=\"476\" frameborder=\"0\" scrolling=\"no\" allowfullscreen=\"allowfullscreen\" data-mce-fragment=\"1\"><\/iframe><\/p>\n<\/div>\n<div id=\"rekl-33\"><\/div>\n","protected":false},"excerpt":{"rendered":"<p>Deputetja e PD, Jorida Tabaku e ka cil\u00ebsuar emigracionin si \u201cdram\u00ebn e v\u00ebrtet\u00eb\u201d t\u00eb ekonomis\u00eb shqiptare, duke theksuar se largimi n\u00eb mas\u00eb i forc\u00ebs s\u00eb pun\u00ebs ka prekur konsumit, shpenzimet dhe vet\u00eb pun\u00ebsimin. N\u00eb nj\u00eb video t\u00eb publikuar n\u00eb rrjetet e saj sociale, Tabaku iu referua t\u00eb dh\u00ebnave t\u00eb fundit t\u00eb INSTAT, sipas t\u00eb cilave, &hellip;<\/p>\n","protected":false},"author":4,"featured_media":115943,"comment_status":"closed","ping_status":"closed","sticky":false,"template":"","format":"standard","meta":{"footnotes":""},"categories":[37],"tags":[],"class_list":["post-121437","post","type-post","status-publish","format-standard","has-post-thumbnail","","category-politike"],"_links":{"self":[{"href":"https:\/\/rdnews.al\/index.php\/wp-json\/wp\/v2\/posts\/121437","targetHints":{"allow":["GET"]}}],"collection":[{"href":"https:\/\/rdnews.al\/index.php\/wp-json\/wp\/v2\/posts"}],"about":[{"href":"https:\/\/rdnews.al\/index.php\/wp-json\/wp\/v2\/types\/post"}],"author":[{"embeddable":true,"href":"https:\/\/rdnews.al\/index.php\/wp-json\/wp\/v2\/users\/4"}],"replies":[{"embeddable":true,"href":"https:\/\/rdnews.al\/index.php\/wp-json\/wp\/v2\/comments?post=121437"}],"version-history":[{"count":2,"href":"https:\/\/rdnews.al\/index.php\/wp-json\/wp\/v2\/posts\/121437\/revisions"}],"predecessor-version":[{"id":121439,"href":"https:\/\/rdnews.al\/index.php\/wp-json\/wp\/v2\/posts\/121437\/revisions\/121439"}],"wp:featuredmedia":[{"embeddable":true,"href":"https:\/\/rdnews.al\/index.php\/wp-json\/wp\/v2\/media\/115943"}],"wp:attachment":[{"href":"https:\/\/rdnews.al\/index.php\/wp-json\/wp\/v2\/media?parent=121437"}],"wp:term":[{"taxonomy":"category","embeddable":true,"href":"https:\/\/rdnews.al\/index.php\/wp-json\/wp\/v2\/categories?post=121437"},{"taxonomy":"post_tag","embeddable":true,"href":"https:\/\/rdnews.al\/index.php\/wp-json\/wp\/v2\/tags?post=121437"}],"curies":[{"name":"wp","href":"https:\/\/api.w.org\/{rel}","templated":true}]}}