{"id":121440,"date":"2025-08-21T09:56:32","date_gmt":"2025-08-21T09:56:32","guid":{"rendered":"https:\/\/rdnews.al\/?p=121440"},"modified":"2025-08-21T09:57:11","modified_gmt":"2025-08-21T09:57:11","slug":"balliu-nga-uniformat-te-armet-kayo-e-rames-po-cenon-informacionet-e-klasifikuara-dhe-po-kthehet-ne-mine-me-sahat-per-vendin","status":"publish","type":"post","link":"https:\/\/rdnews.al\/index.php\/2025\/08\/21\/balliu-nga-uniformat-te-armet-kayo-e-rames-po-cenon-informacionet-e-klasifikuara-dhe-po-kthehet-ne-mine-me-sahat-per-vendin\/","title":{"rendered":"Nga uniformat te arm\u00ebt, KAYO e Ram\u00ebs po cenon informacionet e klasifikuara dhe po kthehet n\u00eb min\u00eb me sahat p\u00ebr vendin"},"content":{"rendered":"<p><strong>Deklarata e deputetit t\u00eb zgjedhur t\u00eb PD, Klevis Balliu:<\/strong><\/p>\n<p>Partia Demokratike vijon sot me denoncimin e afer\u00ebs s\u00eb rrezikshme q\u00eb k\u00ebrc\u00ebnon sigurin\u00eb komb\u00ebtare: projektin e prodhimit t\u00eb arm\u00ebve nga kompania shtet\u00ebrore KAYO, e krijuar nga Edi Rama dhe e drejtuar nga ish-drejtori fam\u00ebkeq i Policis\u00eb, Ardi Veliu.<\/p>\n<p>Shoq\u00ebria KAYO e qeveris\u00eb, me procedurat e dyshimta t\u00eb nd\u00ebrmarra p\u00ebr krijimin e disa kompanive q\u00eb supozohet t\u00eb merren me prodhimin dhe eksportimin e nevojave t\u00eb ndryshme t\u00eb segmenteve t\u00eb siguris\u00eb \u2013 nga uniformat deri tek arm\u00ebt \u2013 po cenon informacionet e klasifikuara si dhe sigurin\u00eb komb\u00ebtare, duke afishuar n\u00eb nj\u00eb proces shum\u00eb delikat eksponent\u00eb t\u00eb cil\u00ebt nuk kan\u00eb certifikimin e nevojsh\u00ebm.<\/p>\n<figure class=\"wp-block-image size-large\"><img loading=\"lazy\" decoding=\"async\" class=\"wp-image-23184\" src=\"https:\/\/pd.al\/wp-content\/uploads\/2025\/08\/WhatsApp-Image-2025-08-21-at-11.30.47-1024x639.jpeg\" sizes=\"auto, (max-width: 1024px) 100vw, 1024px\" srcset=\"https:\/\/pd.al\/wp-content\/uploads\/2025\/08\/WhatsApp-Image-2025-08-21-at-11.30.47-1024x639.jpeg 1024w, https:\/\/pd.al\/wp-content\/uploads\/2025\/08\/WhatsApp-Image-2025-08-21-at-11.30.47-300x187.jpeg 300w, https:\/\/pd.al\/wp-content\/uploads\/2025\/08\/WhatsApp-Image-2025-08-21-at-11.30.47-768x479.jpeg 768w, https:\/\/pd.al\/wp-content\/uploads\/2025\/08\/WhatsApp-Image-2025-08-21-at-11.30.47.jpeg 1419w\" alt=\"\" width=\"1024\" height=\"639\" \/><\/figure>\n<p>Kompanit\u00eb e krijuara nga Ardi Veliu n\u00eb em\u00ebr t\u00eb pushtetit t\u00eb Edi Ram\u00ebs nuk plot\u00ebsojn\u00eb as kriteret e vet\u00ebp\u00ebrcaktuara nga Edi Rama. Kjo ndodh pasi kriteret jan\u00eb t\u00eb detyrueshme t\u00eb vendosen, por kur afera \u00ebsht\u00eb me bekimin e Edi Ram\u00ebs ato nuk jan\u00eb t\u00eb detyruara t\u00eb zbatohen, pasi sot primare \u00ebsht\u00eb interesi i Edi Ram\u00ebs dhe jo interesi komb\u00ebtar dhe interesi i shqiptar\u00ebve.<\/p>\n<p>Nj\u00eb prej tre kompanive t\u00eb krijuara nga Ardi Veliu, Guna Tactical, ku ai zot\u00ebron 51% t\u00eb aksioneve dhe kompania MSSC e Emiljano Dush\u00ebs zot\u00ebron 49%, ka marr\u00eb p\u00ebr objekt furnizimin e uniformave p\u00ebr t\u00eb gjitha strukturat e siguris\u00eb s\u00eb vendit \u2013 nga Forcat e Armatosura, tek Policia e Shtetit dhe agjencit\u00eb e emergjencave.<\/p>\n<figure class=\"wp-block-image size-large\"><img loading=\"lazy\" decoding=\"async\" class=\"wp-image-23185\" src=\"https:\/\/pd.al\/wp-content\/uploads\/2025\/08\/WhatsApp-Image-2025-08-21-at-11.30.47-1-723x1024.jpeg\" sizes=\"auto, (max-width: 723px) 100vw, 723px\" srcset=\"https:\/\/pd.al\/wp-content\/uploads\/2025\/08\/WhatsApp-Image-2025-08-21-at-11.30.47-1-723x1024.jpeg 723w, https:\/\/pd.al\/wp-content\/uploads\/2025\/08\/WhatsApp-Image-2025-08-21-at-11.30.47-1-212x300.jpeg 212w, https:\/\/pd.al\/wp-content\/uploads\/2025\/08\/WhatsApp-Image-2025-08-21-at-11.30.47-1-768x1087.jpeg 768w, https:\/\/pd.al\/wp-content\/uploads\/2025\/08\/WhatsApp-Image-2025-08-21-at-11.30.47-1-1085x1536.jpeg 1085w, https:\/\/pd.al\/wp-content\/uploads\/2025\/08\/WhatsApp-Image-2025-08-21-at-11.30.47-1.jpeg 1130w\" alt=\"\" width=\"723\" height=\"1024\" \/><\/figure>\n<p>Ky aktivitet \u00ebsht\u00eb b\u00ebr\u00eb i mundur pas nj\u00eb Vendimi t\u00eb K\u00ebshillit t\u00eb Ministrave, t\u00eb firmosur nga z\u00ebvend\u00ebskryeministrja dhe ministrja e Energjis\u00eb dhe Infrastruktur\u00ebs, Belinda Balluku. P\u00ebrkat\u00ebsisht, VKM-ja nr. 291 p\u00ebrcakton kritere t\u00eb qarta p\u00ebr kompanit\u00eb private q\u00eb bashk\u00ebpunojn\u00eb me KAYO, si:<\/p>\n<p>\u2022 Shoq\u00ebria \u201cKAYO\u2019 sh.a. do t\u00eb negocioj\u00eb dhe do t\u00eb pranoj\u00eb nj\u00eb pjes\u00ebmarrje jo m\u00eb t\u00eb ul\u00ebt se 40% t\u00eb aksioneve n\u00eb shoq\u00ebrin\u00eb e p\u00ebrbashk\u00ebt, q\u00eb do t\u00eb krijoj\u00eb me shoq\u00ebri private, \u00e7ka n\u00eb rastin e shoq\u00ebris\u00eb GUNA TACTICAL \u00ebsht\u00eb plot\u00ebsuar pasi Kayo gezon plot 51% te aksioneve<\/p>\n<p>\u2022 Shoq\u00ebria \u201cKAYO\u2019 sh.a. do t\u00eb kontribuoj\u00eb n\u00eb entitetin e ri tregtar me pasuri t\u00eb paluajtshme, n\u00eb mas\u00ebn jo m\u00eb pak se 20 000 (nj\u00ebzet mij\u00eb) m\u00b2, q\u00eb do t\u2019i jepen n\u00eb p\u00ebrdorim shoq\u00ebris\u00eb s\u00eb p\u00ebrbashk\u00ebt n\u00eb nj\u00eb nga format e parashikuara nga Kodi Civil i Republik\u00ebs s\u00eb Shqip\u00ebris\u00eb, pa t\u00eb drejt\u00eb tjet\u00ebrsimi. K\u00ebtu shpjegohet edhe nd\u00ebrhyrja me forc\u00eb dhe rr\u00ebmbimi i ambienteve t\u00eb News24, q\u00eb njihet p\u00ebr denoncimet ndaj Belinda Ballukut, dhe tani VKM-ja e Belinda Ballukut i nxjerr jasht\u00eb.<\/p>\n<p>\u2022 Shoq\u00ebria shtet\u00ebrore \u201cKAYO\u2019 sh.a., gjat\u00eb procesit t\u00eb negocimit, n\u00eb \u00e7do rast, siguron nga subjekti me t\u00eb cilin negocion, t\u00eb pakt\u00ebn:<\/p>\n<p>a) nj\u00eb vler\u00eb investimi jo m\u00eb pak se 15 milion\u00eb euro n\u00eb periudh\u00ebn kohore prej 3 (tre) vjet\u00ebsh;<\/p>\n<p>b) pun\u00ebsimin e jo m\u00eb pak se 400 (kat\u00ebrqind) punonj\u00ebsve n\u00eb periudh\u00ebn kohore prej 3 (tre) vjet\u00ebsh;<\/p>\n<p>c) ofrimin e linjave teknologjike t\u00eb prodhimit t\u00eb uniformave dhe aksesor\u00ebve t\u00eb tjer\u00eb, sipas nevojave operacionale t\u00eb Forcave t\u00eb Armatosura t\u00eb Republik\u00ebs s\u00eb Shqip\u00ebris\u00eb dhe strukturave t\u00eb tjera t\u00eb siguris\u00eb;<\/p>\n<p>\u00e7) sigurimin e rrjetit t\u00eb shp\u00ebrndarjes s\u00eb produkteve n\u00eb rast eksporti.<\/p>\n<p>K\u00ebto kritere duken t\u00eb paplot\u00ebsuara, pasi kapitali i GUNA TACTICAL \u00ebsht\u00eb vet\u00ebm 35 mij\u00eb euro. Si mundet t\u00eb pun\u00ebsoj\u00eb 400 qytetar\u00eb dhe me k\u00ebt\u00eb buxhet si mundet t\u00eb prodhoj\u00eb dhe t\u00eb eksportoj\u00eb GUNA TACTICAL?<\/p>\n<p>Pra, jan\u00eb vet\u00eb kriteret e vendosura nga qeveria q\u00eb jan\u00eb shkelur hapur nga Ardi Veliu dhe klientela e pushtetit. Kjo afer\u00eb \u00ebsht\u00eb prov\u00eb e qart\u00eb e abuzimit dhe korrupsionit t\u00eb strukturuar, q\u00eb jo vet\u00ebm pasuron nj\u00eb grusht individ\u00ebsh t\u00eb lidhur me Edi Ram\u00ebn, por edhe cenon r\u00ebnd\u00eb sigurin\u00eb komb\u00ebtare t\u00eb vendit ton\u00eb.<\/p>\n<p>Partia Demokratike i b\u00ebn thirrje institucioneve t\u00eb drejt\u00ebsis\u00eb t\u00eb nd\u00ebrhyjn\u00eb menj\u00ebher\u00eb dhe t\u00eb ndalojn\u00eb k\u00ebt\u00eb projekt t\u00eb rreziksh\u00ebm, i cili po i jepet n\u00eb duar nj\u00eb njeriu me lidhje t\u00eb njohura dhe t\u00eb verifikuara me segmente t\u00eb err\u00ebta t\u00eb shoq\u00ebris\u00eb.<\/p>\n<p>Ne nuk kemi iluzione se drejt\u00ebsia e kapur nga Edi Rama do t\u00eb reagoj\u00eb, por Partia Demokratike do t\u00eb b\u00ebj\u00eb gjith\u00e7ka p\u00ebr t\u00eb b\u00ebr\u00eb drejt\u00ebsi.<\/p>\n<p>Partia Demokratike do t\u00eb vazhdoj\u00eb denoncimin e \u00e7do afere t\u00eb qeveris\u00eb Rama, deri n\u00eb ndalimin e kapjes s\u00eb shtetit dhe rikthimin e siguris\u00eb dhe ligjshm\u00ebris\u00eb p\u00ebr qytetar\u00ebt shqiptar\u00eb.<\/p>\n","protected":false},"excerpt":{"rendered":"<p>Deklarata e deputetit t\u00eb zgjedhur t\u00eb PD, Klevis Balliu: Partia Demokratike vijon sot me denoncimin e afer\u00ebs s\u00eb rrezikshme q\u00eb k\u00ebrc\u00ebnon sigurin\u00eb komb\u00ebtare: projektin e prodhimit t\u00eb arm\u00ebve nga kompania shtet\u00ebrore KAYO, e krijuar nga Edi Rama dhe e drejtuar nga ish-drejtori fam\u00ebkeq i Policis\u00eb, Ardi Veliu. Shoq\u00ebria KAYO e qeveris\u00eb, me procedurat e dyshimta &hellip;<\/p>\n","protected":false},"author":4,"featured_media":121441,"comment_status":"closed","ping_status":"closed","sticky":false,"template":"","format":"standard","meta":{"footnotes":""},"categories":[37],"tags":[],"class_list":["post-121440","post","type-post","status-publish","format-standard","has-post-thumbnail","","category-politike"],"_links":{"self":[{"href":"https:\/\/rdnews.al\/index.php\/wp-json\/wp\/v2\/posts\/121440","targetHints":{"allow":["GET"]}}],"collection":[{"href":"https:\/\/rdnews.al\/index.php\/wp-json\/wp\/v2\/posts"}],"about":[{"href":"https:\/\/rdnews.al\/index.php\/wp-json\/wp\/v2\/types\/post"}],"author":[{"embeddable":true,"href":"https:\/\/rdnews.al\/index.php\/wp-json\/wp\/v2\/users\/4"}],"replies":[{"embeddable":true,"href":"https:\/\/rdnews.al\/index.php\/wp-json\/wp\/v2\/comments?post=121440"}],"version-history":[{"count":2,"href":"https:\/\/rdnews.al\/index.php\/wp-json\/wp\/v2\/posts\/121440\/revisions"}],"predecessor-version":[{"id":121443,"href":"https:\/\/rdnews.al\/index.php\/wp-json\/wp\/v2\/posts\/121440\/revisions\/121443"}],"wp:featuredmedia":[{"embeddable":true,"href":"https:\/\/rdnews.al\/index.php\/wp-json\/wp\/v2\/media\/121441"}],"wp:attachment":[{"href":"https:\/\/rdnews.al\/index.php\/wp-json\/wp\/v2\/media?parent=121440"}],"wp:term":[{"taxonomy":"category","embeddable":true,"href":"https:\/\/rdnews.al\/index.php\/wp-json\/wp\/v2\/categories?post=121440"},{"taxonomy":"post_tag","embeddable":true,"href":"https:\/\/rdnews.al\/index.php\/wp-json\/wp\/v2\/tags?post=121440"}],"curies":[{"name":"wp","href":"https:\/\/api.w.org\/{rel}","templated":true}]}}