{"id":121460,"date":"2025-08-21T11:31:07","date_gmt":"2025-08-21T11:31:07","guid":{"rendered":"https:\/\/rdnews.al\/?p=121460"},"modified":"2025-08-21T11:32:27","modified_gmt":"2025-08-21T11:32:27","slug":"berisha-4-pyetje-rames-per-daniel-shimen","status":"publish","type":"post","link":"https:\/\/rdnews.al\/index.php\/2025\/08\/21\/berisha-4-pyetje-rames-per-daniel-shimen\/","title":{"rendered":"Berisha: 4 pyetje Edi Ram\u00ebs p\u00ebr Daniel Shim\u00ebn&#8230;"},"content":{"rendered":"<p>Lideri i opozit\u00ebs, Sali Berisha, n\u00eb nj\u00eb konferenc\u00eb p\u00ebr mediat, akuzoi kryeministrin Edi Rama p\u00ebr p\u00ebrfshirje n\u00eb at\u00eb q\u00eb e quajti \u201cterroriz\u00ebm shtet\u00ebror\u201d kund\u00ebr Daniel Shim\u00ebs.<br \/>\nAi deklaroi se policia ka manipuluar informacionet dhe se Shima u mbajt peng p\u00ebr disa or\u00eb n\u00eb nj\u00eb \u201cbodrum mafioz\u201d. Berisha ngriti dyshime mbi nj\u00eb skenar t\u00eb zhdukjes s\u00eb tij dhe tha se heshtja e tij d\u00ebshmon kodin mafioz q\u00eb sundon n\u00eb vend.<br \/>\n\u201cPra, policia mashtroi paturp\u00ebsisht. Ishte n\u00eb jug, tha.<br \/>\nPolicia kishte t\u00eb gjitha mund\u00ebsit\u00eb n\u00eb qoft\u00eb se policia e lokalizoi at\u00eb tek Qyteti Studenti, por pastaj u tha hiqni dor\u00eb nga kjo, \u00e7ojeni n\u00eb Elbasan.<br \/>\nHajdeni merreni vesh tani se ku&#8230;<br \/>\nPor nj\u00eb gj\u00eb del e sigurt, q\u00eb ky p\u00ebr disa or\u00eb u mbajt peng n\u00eb nj\u00eb bodrum mafie, vras\u00ebsish serial\u00eb, n\u00eb t\u00eb cil\u00ebn atij iu mbyll goja.<br \/>\nAi ka dal\u00eb, \u00ebsht\u00eb n\u00eb sht\u00ebpi. E ka qepur goj\u00ebn nj\u00eblloj si Lefteri, i cili pas k\u00ebrc\u00ebnimit q\u00eb i b\u00ebri Poja, pret me durim dajak pas dajaku, akuz\u00eb pas akuze dhe nuk u thot\u00eb shqiptar\u00ebve t\u00eb v\u00ebrtet\u00ebn.<br \/>\nPra, cili ishte skenari?<br \/>\nIshte skenari zhdukja e tij p\u00ebrfundimtar apo vet\u00ebm qepja e goj\u00ebs, faktikisht cilido q\u00eb t\u00eb ishte, kodi i mafies, Omerta mbizot\u00ebroi.<br \/>\nTani un\u00eb kam disa pyetje p\u00ebr Edi Ram\u00ebn.<br \/>\n1.Cilat kan\u00eb qen\u00eb motivet e k\u00ebrc\u00ebnimit tuaj ndaj Daniel Shim\u00ebs?<br \/>\n2.E urdh\u00ebrove ti Mirlinda Kar\u00e7anajn ta shkarkoj\u00eb at\u00eb sapo doli nga Skapi dhe pse?<br \/>\n3.Ke dijeni ti p\u00ebr regjistrimin ambiental n\u00eb t\u00eb cilin Gerond Me\u00e7e pohon se t\u00eb gjitha tenderat n\u00eb AKSH i p\u00ebrcakton baxhanaku dhe bashk\u00ebshortja jote, Linda Rama?<br \/>\n4.Je i gatsh\u00ebm t\u00eb ballafaqohesh me Daniel Shim\u00ebn pas k\u00ebsaj situate? N\u00eb qoft\u00eb se ta mban. P\u00ebrndryshe, me Agasin je autor kryesor i k\u00ebtij akti i terrorizmit shtet\u00ebror t\u00eb realizuar sigurisht n\u00ebp\u00ebrmjet karteleve t\u00eb drog\u00ebs dhe absolutisht m\u00eb i mundshmi, meqen\u00ebse k\u00ebta thon\u00eb nj\u00ebher\u00eb shkoi n\u00eb Qytetin Studenti, po \u00e7\u2019pun\u00eb ka QS me Elbasanin? Pra n\u00eb qoft\u00eb se e keni identifikuar me kamera dhe qeliza n\u00eb Elbasan, ai at\u00ebher\u00eb aty \u00ebsht\u00eb p\u00ebrpunuar n\u00eb bodrumet e Suel \u00c7el\u00ebs.<br \/>\nPretendimi i policis\u00eb se kishte nj\u00eb z\u00ebnk\u00eb me partneren, fakton t\u00eb gjitha k\u00ebto q\u00eb themi.<br \/>\n\u00cbsht\u00eb nj\u00eb turp, turp i madh.<br \/>\nP\u00ebrndryshe, AKSHI si sip\u00ebrmarrja private e Edi Ram\u00ebs \u00ebsht\u00eb nj\u00eb institucion me inkriminimin m\u00eb t\u00eb lart\u00eb.<br \/>\nJu jeni d\u00ebshmitar\u00eb se si drejtoresha aty u kap n\u00eb flagranc\u00eb teksa transportonte 140 kg kanabis. Nj\u00ebfar\u00eb Erisa Feraj. P\u00ebr t\u00eb mos folur p\u00ebr t\u00eb tjer\u00eb.<br \/>\nPor, edhe nj\u00ebher\u00eb, gjith\u00e7ka ndodhi si n\u00eb romanet e Markezit, si n\u00eb nj\u00eb narkoshtet t\u00eb par\u00eb dhe t\u00eb vet\u00ebm n\u00eb Europ\u00eb q\u00eb \u00ebsht\u00eb Shqip\u00ebria.<br \/>\nD\u00ebnoj me forc\u00ebn m\u00eb t\u00eb madhe rr\u00ebmbimin dhe k\u00ebrc\u00ebnimet e m\u00ebdha q\u00eb i jan\u00eb b\u00ebr\u00eb Daniel Shim\u00ebs, nj\u00eb person si\u00e7 u faktua, i planifikuar p\u00ebr t\u2019u zhdukur nga Edi Rama me mafien e tij\u201d, u shpreh Berisha.<\/p>\n","protected":false},"excerpt":{"rendered":"<p>Lideri i opozit\u00ebs, Sali Berisha, n\u00eb nj\u00eb konferenc\u00eb p\u00ebr mediat, akuzoi kryeministrin Edi Rama p\u00ebr p\u00ebrfshirje n\u00eb at\u00eb q\u00eb e quajti \u201cterroriz\u00ebm shtet\u00ebror\u201d kund\u00ebr Daniel Shim\u00ebs. Ai deklaroi se policia ka manipuluar informacionet dhe se Shima u mbajt peng p\u00ebr disa or\u00eb n\u00eb nj\u00eb \u201cbodrum mafioz\u201d. Berisha ngriti dyshime mbi nj\u00eb skenar t\u00eb zhdukjes s\u00eb &hellip;<\/p>\n","protected":false},"author":4,"featured_media":121461,"comment_status":"closed","ping_status":"closed","sticky":false,"template":"","format":"standard","meta":{"footnotes":""},"categories":[37],"tags":[],"class_list":["post-121460","post","type-post","status-publish","format-standard","has-post-thumbnail","","category-politike"],"_links":{"self":[{"href":"https:\/\/rdnews.al\/index.php\/wp-json\/wp\/v2\/posts\/121460","targetHints":{"allow":["GET"]}}],"collection":[{"href":"https:\/\/rdnews.al\/index.php\/wp-json\/wp\/v2\/posts"}],"about":[{"href":"https:\/\/rdnews.al\/index.php\/wp-json\/wp\/v2\/types\/post"}],"author":[{"embeddable":true,"href":"https:\/\/rdnews.al\/index.php\/wp-json\/wp\/v2\/users\/4"}],"replies":[{"embeddable":true,"href":"https:\/\/rdnews.al\/index.php\/wp-json\/wp\/v2\/comments?post=121460"}],"version-history":[{"count":2,"href":"https:\/\/rdnews.al\/index.php\/wp-json\/wp\/v2\/posts\/121460\/revisions"}],"predecessor-version":[{"id":121463,"href":"https:\/\/rdnews.al\/index.php\/wp-json\/wp\/v2\/posts\/121460\/revisions\/121463"}],"wp:featuredmedia":[{"embeddable":true,"href":"https:\/\/rdnews.al\/index.php\/wp-json\/wp\/v2\/media\/121461"}],"wp:attachment":[{"href":"https:\/\/rdnews.al\/index.php\/wp-json\/wp\/v2\/media?parent=121460"}],"wp:term":[{"taxonomy":"category","embeddable":true,"href":"https:\/\/rdnews.al\/index.php\/wp-json\/wp\/v2\/categories?post=121460"},{"taxonomy":"post_tag","embeddable":true,"href":"https:\/\/rdnews.al\/index.php\/wp-json\/wp\/v2\/tags?post=121460"}],"curies":[{"name":"wp","href":"https:\/\/api.w.org\/{rel}","templated":true}]}}