{"id":121467,"date":"2025-08-21T11:42:27","date_gmt":"2025-08-21T11:42:27","guid":{"rendered":"https:\/\/rdnews.al\/?p=121467"},"modified":"2025-08-21T11:42:27","modified_gmt":"2025-08-21T11:42:27","slug":"hape-gojen-po-deshe-e-ka-plumbin-mas-veshi-ai-deklarata-e-forte-e-berishes","status":"publish","type":"post","link":"https:\/\/rdnews.al\/index.php\/2025\/08\/21\/hape-gojen-po-deshe-e-ka-plumbin-mas-veshi-ai-deklarata-e-forte-e-berishes\/","title":{"rendered":"\u201cHape goj\u00ebn po deshe, e ka plumbin mas veshi ai!\u201d, deklarata e fort\u00eb e Berish\u00ebs"},"content":{"rendered":"<p>Kreu i PD, Sali Berisha, n\u00eb nj\u00eb konferenc\u00eb p\u00ebr mediat akuzoi kryeministrin Edi Rama dhe drejtues t\u00eb tjer\u00eb t\u00eb lart\u00eb se ushtrojn\u00eb presion dhe k\u00ebrc\u00ebnime ndaj personave q\u00eb mund t\u00eb flasin kund\u00ebr tyre.<\/p>\n<p>Ai deklaroi se Lefter Koka dhe Erion Veliaj jan\u00eb t\u00eb detyruar t\u00eb heshtin p\u00ebr shkak t\u00eb frik\u00ebs nga pasojat q\u00eb mund t\u00eb ken\u00eb n\u00ebse japin d\u00ebshmi kund\u00ebr Ram\u00ebs. Sipas Berish\u00ebs, edhe n\u00eb rastin e dosjes \u201cEcoPark\u201d n\u00eb Porto Romano, prokuroria po ushtron presion mbi ish-zyrtar\u00eb p\u00ebr t\u00eb mos zbuluar t\u00eb v\u00ebrtetat.<\/p>\n<p>\u201cHape goj\u00ebn po deshe, e ka plumbin mas veshi ai. \u00c7far\u00eb flet. Ai pa atje q\u00eb mund ta varrosnin t\u00eb gjall\u00eb n\u00eb bodrum. I than\u00eb kaq, nuk po e b\u00ebjm\u00eb k\u00ebt\u00eb. Se ata kishin hallin e tyre se u b\u00eb zhurm\u00eb.<\/p>\n<p>Po fole do p\u00ebsosh at\u00eb.<\/p>\n<p>A flet Lefteri, m\u00eb thuaj ti mua. E qep. Tani kan\u00eb kapur k\u00ebt\u00eb dosjen tjet\u00ebr \u2018EcoParkun\u2019 e Porto Romanos. E thirr\u00ebn Alqin, do th\u00ebrrasin dhe Lefterin, do ua shtojn\u00eb dhe d\u00ebnimet. E qep.<br \/>\nSepse Elvis Do\u00e7i n\u00eb qeli, ja p\u00ebrcakton kushtet, \u00e7far\u00eb p\u00ebson Lefteri po foli p\u00ebr Ram\u00ebn.<\/p>\n<p>E nj\u00ebjta gj\u00eb Erion Veliaj. E dini ju, nuk flet dot. Nj\u00eb, dy, tre, kat\u00ebr. T\u00eb shkurt\u00ebr fare ata. K\u00ebshtu q\u00eb nuk b\u00ebnte dot deklarat\u00eb tjet\u00ebr. Kaq.<\/p>\n<p>Tani nuk flet ai. Se ai po t\u00eb ishte njeri i lir\u00eb, ai del dhe fal\u00ebnderonte mediat q\u00eb ndoq\u00ebn \u00e7do minut\u00eb gjendjen e tij dhe shp\u00ebtuan. Nuk e injoruan \u2018SOS-in\u2019 e tij. Nuk flet dot ai\u201d, deklaroi Berisha.<\/p>\n","protected":false},"excerpt":{"rendered":"<p>Kreu i PD, Sali Berisha, n\u00eb nj\u00eb konferenc\u00eb p\u00ebr mediat akuzoi kryeministrin Edi Rama dhe drejtues t\u00eb tjer\u00eb t\u00eb lart\u00eb se ushtrojn\u00eb presion dhe k\u00ebrc\u00ebnime ndaj personave q\u00eb mund t\u00eb flasin kund\u00ebr tyre. Ai deklaroi se Lefter Koka dhe Erion Veliaj jan\u00eb t\u00eb detyruar t\u00eb heshtin p\u00ebr shkak t\u00eb frik\u00ebs nga pasojat q\u00eb mund t\u00eb &hellip;<\/p>\n","protected":false},"author":4,"featured_media":121468,"comment_status":"closed","ping_status":"closed","sticky":false,"template":"","format":"standard","meta":{"footnotes":""},"categories":[37],"tags":[],"class_list":["post-121467","post","type-post","status-publish","format-standard","has-post-thumbnail","","category-politike"],"_links":{"self":[{"href":"https:\/\/rdnews.al\/index.php\/wp-json\/wp\/v2\/posts\/121467","targetHints":{"allow":["GET"]}}],"collection":[{"href":"https:\/\/rdnews.al\/index.php\/wp-json\/wp\/v2\/posts"}],"about":[{"href":"https:\/\/rdnews.al\/index.php\/wp-json\/wp\/v2\/types\/post"}],"author":[{"embeddable":true,"href":"https:\/\/rdnews.al\/index.php\/wp-json\/wp\/v2\/users\/4"}],"replies":[{"embeddable":true,"href":"https:\/\/rdnews.al\/index.php\/wp-json\/wp\/v2\/comments?post=121467"}],"version-history":[{"count":1,"href":"https:\/\/rdnews.al\/index.php\/wp-json\/wp\/v2\/posts\/121467\/revisions"}],"predecessor-version":[{"id":121469,"href":"https:\/\/rdnews.al\/index.php\/wp-json\/wp\/v2\/posts\/121467\/revisions\/121469"}],"wp:featuredmedia":[{"embeddable":true,"href":"https:\/\/rdnews.al\/index.php\/wp-json\/wp\/v2\/media\/121468"}],"wp:attachment":[{"href":"https:\/\/rdnews.al\/index.php\/wp-json\/wp\/v2\/media?parent=121467"}],"wp:term":[{"taxonomy":"category","embeddable":true,"href":"https:\/\/rdnews.al\/index.php\/wp-json\/wp\/v2\/categories?post=121467"},{"taxonomy":"post_tag","embeddable":true,"href":"https:\/\/rdnews.al\/index.php\/wp-json\/wp\/v2\/tags?post=121467"}],"curies":[{"name":"wp","href":"https:\/\/api.w.org\/{rel}","templated":true}]}}