{"id":121483,"date":"2025-08-21T12:01:43","date_gmt":"2025-08-21T12:01:43","guid":{"rendered":"https:\/\/rdnews.al\/?p=121483"},"modified":"2025-08-21T12:01:43","modified_gmt":"2025-08-21T12:01:43","slug":"zhdukja-e-daniel-shimes-gazetarja-di-shume-mund-te-jete-kercenuar-qe-te-heshte","status":"publish","type":"post","link":"https:\/\/rdnews.al\/index.php\/2025\/08\/21\/zhdukja-e-daniel-shimes-gazetarja-di-shume-mund-te-jete-kercenuar-qe-te-heshte\/","title":{"rendered":"Zhdukja e Daniel Shim\u00ebs, Gazetarja: Di shum\u00eb, mund t\u00eb jet\u00eb k\u00ebrc\u00ebnuar q\u00eb t\u00eb hesht\u00eb!"},"content":{"rendered":"<p>Gazetarja Klodiana Lala ka komentuar n\u00eb News24 mbi zhdukjen p\u00ebr rreth 10 or\u00eb t\u00eb ish-zv\/drejtorit t\u00eb AKSHI-t, Daniel Shima, ngjarje q\u00eb ka ngritur shum\u00eb pik\u00ebpyetje.<\/p>\n<p>Sipas Lal\u00ebs, Shima konsiderohej si \u201ctruri kryesor\u201d i AKSHI-t dhe kishte dijeni p\u00ebr \u00e7\u00ebshtje t\u00eb r\u00ebnd\u00ebsishme q\u00eb mund t\u00eb \u00e7onin n\u00eb hetime t\u00eb reja. Ajo tha se nuk beson se kemi t\u00eb b\u00ebjm\u00eb me nj\u00eb largim me d\u00ebshir\u00eb, por se Shima mund t\u00eb jet\u00eb k\u00ebrc\u00ebnuar p\u00ebr t\u00eb heshtur.<\/p>\n<p>Nj\u00eb tjet\u00ebr detaj i r\u00ebnd\u00ebsish\u00ebm sipas Lal\u00ebs \u00ebsht\u00eb se Shima koh\u00ebt e fundit kishte marr\u00eb para me fajde, \u00e7ka shton dyshimet p\u00ebr presione dhe k\u00ebrc\u00ebnime ndaj tij.<\/p>\n<p>\u201cDaniel Shima konsiderohej si truri kryesor i AKSHI. Kontaktin e fundit Shima e ka pasur me partneren. Ai ka qen\u00eb n\u00eb Borsh, gjat\u00eb koh\u00ebs s\u00eb kthimit kishte blere vez\u00eb. Dje ka shkuar tek sht\u00ebpia e gjyshes. Partneres i ka d\u00ebrguar vet\u00ebm nj\u00eb mesazh q\u00eb po m\u00eb arrestojn\u00eb. Nga ky moment \u00ebsht\u00eb dh\u00ebn\u00eb alerti. Por, kamerat e siguris\u00eb e tregojn\u00eb edhe n\u00eb Tiran\u00eb, deri tek Tuneli i Elbasanit. Ai ka th\u00ebn\u00eb se ka pasur konflikt me partneren. Un\u00eb nuk e shikoj k\u00ebshtu, por besoj se \u00e7\u00ebshtja ka nevoj\u00eb p\u00ebr hetim t\u00eb thelluar. Policia duhet t\u00eb sqaroj\u00eb se Shima, pasi iku nga Tirana, k\u00eb takoi n\u00eb Borsh dhe Shijak, pse e d\u00ebrgoi at\u00eb mesazh se do m\u00eb arrestojn\u00eb.<\/p>\n<p>Daniel Shima di shum\u00eb. N\u00ebse ai flet, shum\u00eb hetime mund t\u00eb zhvillohen. Nuk besoj se ka qen\u00eb ikje me d\u00ebshir\u00eb. Duhet ditur n\u00ebse ai \u00ebsht\u00eb k\u00ebrc\u00ebnuar dhe p\u00ebr t\u00eb heshtur, a ka nevoj\u00eb ai p\u00ebr mbrojtje dhe mos ka nevoj\u00eb t\u00eb flas\u00eb p\u00ebr at\u00eb q\u00eb ka ndodhur n\u00eb AKSHI. Koh\u00ebt e fundit kishte k\u00ebrkuar para me fajde. K\u00ebsaj \u00e7\u00ebshtje duhet t\u2019i shkoj\u00eb deri n\u00eb fund policia. Ndoshta ka njer\u00ebz q\u00eb jan\u00eb t\u00eb interesuar q\u00eb ai t\u00eb hesht\u00eb\u201d, tha Lala.<\/p>\n","protected":false},"excerpt":{"rendered":"<p>Gazetarja Klodiana Lala ka komentuar n\u00eb News24 mbi zhdukjen p\u00ebr rreth 10 or\u00eb t\u00eb ish-zv\/drejtorit t\u00eb AKSHI-t, Daniel Shima, ngjarje q\u00eb ka ngritur shum\u00eb pik\u00ebpyetje. Sipas Lal\u00ebs, Shima konsiderohej si \u201ctruri kryesor\u201d i AKSHI-t dhe kishte dijeni p\u00ebr \u00e7\u00ebshtje t\u00eb r\u00ebnd\u00ebsishme q\u00eb mund t\u00eb \u00e7onin n\u00eb hetime t\u00eb reja. Ajo tha se nuk beson se &hellip;<\/p>\n","protected":false},"author":4,"featured_media":121369,"comment_status":"closed","ping_status":"closed","sticky":false,"template":"","format":"standard","meta":{"footnotes":""},"categories":[37],"tags":[],"class_list":["post-121483","post","type-post","status-publish","format-standard","has-post-thumbnail","","category-politike"],"_links":{"self":[{"href":"https:\/\/rdnews.al\/index.php\/wp-json\/wp\/v2\/posts\/121483","targetHints":{"allow":["GET"]}}],"collection":[{"href":"https:\/\/rdnews.al\/index.php\/wp-json\/wp\/v2\/posts"}],"about":[{"href":"https:\/\/rdnews.al\/index.php\/wp-json\/wp\/v2\/types\/post"}],"author":[{"embeddable":true,"href":"https:\/\/rdnews.al\/index.php\/wp-json\/wp\/v2\/users\/4"}],"replies":[{"embeddable":true,"href":"https:\/\/rdnews.al\/index.php\/wp-json\/wp\/v2\/comments?post=121483"}],"version-history":[{"count":1,"href":"https:\/\/rdnews.al\/index.php\/wp-json\/wp\/v2\/posts\/121483\/revisions"}],"predecessor-version":[{"id":121484,"href":"https:\/\/rdnews.al\/index.php\/wp-json\/wp\/v2\/posts\/121483\/revisions\/121484"}],"wp:featuredmedia":[{"embeddable":true,"href":"https:\/\/rdnews.al\/index.php\/wp-json\/wp\/v2\/media\/121369"}],"wp:attachment":[{"href":"https:\/\/rdnews.al\/index.php\/wp-json\/wp\/v2\/media?parent=121483"}],"wp:term":[{"taxonomy":"category","embeddable":true,"href":"https:\/\/rdnews.al\/index.php\/wp-json\/wp\/v2\/categories?post=121483"},{"taxonomy":"post_tag","embeddable":true,"href":"https:\/\/rdnews.al\/index.php\/wp-json\/wp\/v2\/tags?post=121483"}],"curies":[{"name":"wp","href":"https:\/\/api.w.org\/{rel}","templated":true}]}}