{"id":121490,"date":"2025-08-21T16:24:46","date_gmt":"2025-08-21T16:24:46","guid":{"rendered":"https:\/\/rdnews.al\/?p=121490"},"modified":"2025-08-21T16:24:46","modified_gmt":"2025-08-21T16:24:46","slug":"ne-piken-e-vapes-banoret-e-disa-zonave-ne-tirane-pa-uje-te-pijshem-drejtori-i-ukt-ka-defekt","status":"publish","type":"post","link":"https:\/\/rdnews.al\/index.php\/2025\/08\/21\/ne-piken-e-vapes-banoret-e-disa-zonave-ne-tirane-pa-uje-te-pijshem-drejtori-i-ukt-ka-defekt\/","title":{"rendered":"N\u00eb pik\u00ebn e vap\u00ebs, banor\u00ebt e disa zonave n\u00eb Tiran\u00eb pa uj\u00eb t\u00eb pijsh\u00ebm, drejtori i UKT: Ka defekt&#8230;"},"content":{"rendered":"<p>N\u00eb pik\u00ebn e vap\u00ebs, banor\u00ebt e disa zonave n\u00eb Tiran\u00eb kan\u00eb mbetur pa uj\u00eb t\u00eb pijsh\u00ebm dhe UKT e drejtuar nga Skerdi Drenova nuk tregon se kur mund t\u00eb zgjidhet defekti.<\/p>\n<p>Uj\u00ebsjell\u00ebs-Kanalizime Tiran\u00eb njofton se, p\u00ebr shkak t\u00eb defekteve t\u00eb shkaktuara n\u00eb rrjet, do t\u00eb ket\u00eb kufizime n\u00eb furnizimin me uj\u00eb t\u00eb pijsh\u00ebm n\u00eb disa zona t\u00eb kryeqytetit<\/p>\n<p>Sipas UKT-s\u00eb zonat e prekura nga defekti n\u00eb stacionin e pompimit jan\u00eb Kombinat, Prush, Sharr\u00eb. Nd\u00ebrsa zonat e prekura nga defekti n\u00eb linj\u00ebn kryesore n\u00eb depot qendrore t\u00eb uj\u00ebsjell\u00ebsit mbi Qytetin Studenti: Rruga e Elbasanit, \u201c3 V\u00ebllez\u00ebrit Kondi\u201d, Zona e Sanatoriumit, Kodra e Diellit, Liqeni i That\u00eb, Sauku i Ri dhe Sauku i Vjet\u00ebr.<\/p>\n","protected":false},"excerpt":{"rendered":"<p>N\u00eb pik\u00ebn e vap\u00ebs, banor\u00ebt e disa zonave n\u00eb Tiran\u00eb kan\u00eb mbetur pa uj\u00eb t\u00eb pijsh\u00ebm dhe UKT e drejtuar nga Skerdi Drenova nuk tregon se kur mund t\u00eb zgjidhet defekti. Uj\u00ebsjell\u00ebs-Kanalizime Tiran\u00eb njofton se, p\u00ebr shkak t\u00eb defekteve t\u00eb shkaktuara n\u00eb rrjet, do t\u00eb ket\u00eb kufizime n\u00eb furnizimin me uj\u00eb t\u00eb pijsh\u00ebm n\u00eb disa &hellip;<\/p>\n","protected":false},"author":4,"featured_media":121491,"comment_status":"closed","ping_status":"closed","sticky":false,"template":"","format":"standard","meta":{"footnotes":""},"categories":[37],"tags":[],"class_list":["post-121490","post","type-post","status-publish","format-standard","has-post-thumbnail","","category-politike"],"_links":{"self":[{"href":"https:\/\/rdnews.al\/index.php\/wp-json\/wp\/v2\/posts\/121490","targetHints":{"allow":["GET"]}}],"collection":[{"href":"https:\/\/rdnews.al\/index.php\/wp-json\/wp\/v2\/posts"}],"about":[{"href":"https:\/\/rdnews.al\/index.php\/wp-json\/wp\/v2\/types\/post"}],"author":[{"embeddable":true,"href":"https:\/\/rdnews.al\/index.php\/wp-json\/wp\/v2\/users\/4"}],"replies":[{"embeddable":true,"href":"https:\/\/rdnews.al\/index.php\/wp-json\/wp\/v2\/comments?post=121490"}],"version-history":[{"count":1,"href":"https:\/\/rdnews.al\/index.php\/wp-json\/wp\/v2\/posts\/121490\/revisions"}],"predecessor-version":[{"id":121492,"href":"https:\/\/rdnews.al\/index.php\/wp-json\/wp\/v2\/posts\/121490\/revisions\/121492"}],"wp:featuredmedia":[{"embeddable":true,"href":"https:\/\/rdnews.al\/index.php\/wp-json\/wp\/v2\/media\/121491"}],"wp:attachment":[{"href":"https:\/\/rdnews.al\/index.php\/wp-json\/wp\/v2\/media?parent=121490"}],"wp:term":[{"taxonomy":"category","embeddable":true,"href":"https:\/\/rdnews.al\/index.php\/wp-json\/wp\/v2\/categories?post=121490"},{"taxonomy":"post_tag","embeddable":true,"href":"https:\/\/rdnews.al\/index.php\/wp-json\/wp\/v2\/tags?post=121490"}],"curies":[{"name":"wp","href":"https:\/\/api.w.org\/{rel}","templated":true}]}}