{"id":121493,"date":"2025-08-21T16:27:27","date_gmt":"2025-08-21T16:27:27","guid":{"rendered":"https:\/\/rdnews.al\/?p=121493"},"modified":"2025-08-21T16:28:18","modified_gmt":"2025-08-21T16:28:18","slug":"deklaroi-se-ishte-ne-jug-gazetarja-kamerat-e-sigurise-e-regjistruan-daniel-shimen-ne-tunelin-e-elbasanit","status":"publish","type":"post","link":"https:\/\/rdnews.al\/index.php\/2025\/08\/21\/deklaroi-se-ishte-ne-jug-gazetarja-kamerat-e-sigurise-e-regjistruan-daniel-shimen-ne-tunelin-e-elbasanit\/","title":{"rendered":"Deklaroi se ishte n\u00eb jug\/ Gazetarja: Kamerat e siguris\u00eb e regjistruan Shim\u00ebn n\u00eb tunelin e Elbasanit"},"content":{"rendered":"<p>Detaje t\u00eb reja jan\u00eb zbardhur mbi zhdukjen e ish-z\u00ebvend\u00ebsdrejtorit t\u00eb AKSHI-t, Daniel Shima, p\u00ebr rreth 10 or\u00eb. Shima kishte th\u00ebn\u00eb se ishte n\u00eb jug t\u00eb vendit, por kamerat e siguris\u00eb e regjistruan n\u00eb tunelin e rrug\u00ebs Tiran\u00eb-Elbasan.<\/p>\n<p>Gazetarja Klodiana Lala n\u00eb News 24, deklaroi se Shima \u00ebsht\u00eb nj\u00eb person q\u00eb di shum\u00eb informacione, ndaj zhdukja e tij duhet hetuar deri n\u00eb fund. Sipas saj, gjat\u00eb 10 or\u00ebve, persona t\u00eb interesuar q\u00eb ai t\u00eb hesht\u00eb mund t\u00eb ken\u00eb pasur koh\u00eb t\u00eb nd\u00ebrhyjn\u00eb. Lala shtoi se koh\u00ebt e fundit Shima kishte k\u00ebrkuar para me fajde, gj\u00eb q\u00eb tregon se gj\u00ebrat nuk i kishin shkuar mir\u00eb.<\/p>\n<p>\u201cDaniel Shima konsiderohej truri kryesor i AKSHI-t. Kontaktin e fundit e pati me partneren e tij. Ai ishte n\u00eb Borsh dhe gjat\u00eb kthimit kishte bler\u00eb vez\u00eb. Dje shkoi tek sht\u00ebpia e gjyshes. Partneres i d\u00ebrgoi vet\u00ebm nj\u00eb mesazh se po m\u00eb arrestojn\u00eb. Nga ky moment u dha alarmi. Kamerat e sigurise e tregojn\u00eb edhe n\u00eb Tiran\u00eb deri tek tuneli i Elbasanit. Ai tha se kishte konflikt me partneren, por nuk ka dh\u00ebn\u00eb shpjegime p\u00ebr vendndodhjen, personat q\u00eb takoi dhe arsyen e mesazhit\u201d,\u00a0tha Lala.<\/p>\n","protected":false},"excerpt":{"rendered":"<p>Detaje t\u00eb reja jan\u00eb zbardhur mbi zhdukjen e ish-z\u00ebvend\u00ebsdrejtorit t\u00eb AKSHI-t, Daniel Shima, p\u00ebr rreth 10 or\u00eb. Shima kishte th\u00ebn\u00eb se ishte n\u00eb jug t\u00eb vendit, por kamerat e siguris\u00eb e regjistruan n\u00eb tunelin e rrug\u00ebs Tiran\u00eb-Elbasan. Gazetarja Klodiana Lala n\u00eb News 24, deklaroi se Shima \u00ebsht\u00eb nj\u00eb person q\u00eb di shum\u00eb informacione, ndaj zhdukja &hellip;<\/p>\n","protected":false},"author":4,"featured_media":121434,"comment_status":"closed","ping_status":"closed","sticky":false,"template":"","format":"standard","meta":{"footnotes":""},"categories":[37],"tags":[],"class_list":["post-121493","post","type-post","status-publish","format-standard","has-post-thumbnail","","category-politike"],"_links":{"self":[{"href":"https:\/\/rdnews.al\/index.php\/wp-json\/wp\/v2\/posts\/121493","targetHints":{"allow":["GET"]}}],"collection":[{"href":"https:\/\/rdnews.al\/index.php\/wp-json\/wp\/v2\/posts"}],"about":[{"href":"https:\/\/rdnews.al\/index.php\/wp-json\/wp\/v2\/types\/post"}],"author":[{"embeddable":true,"href":"https:\/\/rdnews.al\/index.php\/wp-json\/wp\/v2\/users\/4"}],"replies":[{"embeddable":true,"href":"https:\/\/rdnews.al\/index.php\/wp-json\/wp\/v2\/comments?post=121493"}],"version-history":[{"count":2,"href":"https:\/\/rdnews.al\/index.php\/wp-json\/wp\/v2\/posts\/121493\/revisions"}],"predecessor-version":[{"id":121495,"href":"https:\/\/rdnews.al\/index.php\/wp-json\/wp\/v2\/posts\/121493\/revisions\/121495"}],"wp:featuredmedia":[{"embeddable":true,"href":"https:\/\/rdnews.al\/index.php\/wp-json\/wp\/v2\/media\/121434"}],"wp:attachment":[{"href":"https:\/\/rdnews.al\/index.php\/wp-json\/wp\/v2\/media?parent=121493"}],"wp:term":[{"taxonomy":"category","embeddable":true,"href":"https:\/\/rdnews.al\/index.php\/wp-json\/wp\/v2\/categories?post=121493"},{"taxonomy":"post_tag","embeddable":true,"href":"https:\/\/rdnews.al\/index.php\/wp-json\/wp\/v2\/tags?post=121493"}],"curies":[{"name":"wp","href":"https:\/\/api.w.org\/{rel}","templated":true}]}}