{"id":121523,"date":"2025-08-22T08:18:31","date_gmt":"2025-08-22T08:18:31","guid":{"rendered":"https:\/\/rdnews.al\/?p=121523"},"modified":"2025-08-22T09:07:15","modified_gmt":"2025-08-22T09:07:15","slug":"serish-vullnetarisht-sot-ne-spak-per-te-bashkepunuar-me-drejtesine","status":"publish","type":"post","link":"https:\/\/rdnews.al\/index.php\/2025\/08\/22\/serish-vullnetarisht-sot-ne-spak-per-te-bashkepunuar-me-drejtesine\/","title":{"rendered":"S\u00ebrish \u201cvullnetarisht\u201d sot n\u00eb SPAK p\u00ebr t\u00eb \u201cbashk\u00ebpunuar me drejt\u00ebsin\u00eb\u201d!"},"content":{"rendered":"<p>V\u00ebllai i kryebashkiakut Erion Veliaj, Arb\u00ebr Veliaj \u00ebsht\u00eb paraqitur sot n\u00eb ambientet e SPAK, p\u00ebr her\u00eb t\u00eb dyt\u00eb brenda k\u00ebsaj jave.<\/p>\n<p>Kujtojm\u00eb se Arb\u00ebr Veliaj u paraqit n\u00eb ambientet e Prokuroris\u00eb s\u00eb Posa\u00e7me edhe dit\u00ebn e djeshme, 21 gusht, ku q\u00ebndroi p\u00ebr m\u00eb shum\u00eb se pes\u00eb or\u00eb.<\/p>\n<p>Ai u mor n\u00eb pyetje nga prokuror\u00ebt e posa\u00e7\u00ebm n\u00eb lidhje me dosjen e Erion Veliajt, nd\u00ebrsa n\u00eb nj\u00eb prononcim shkurt para mediave, Arb\u00ebr Veliaj tha se kishte \u201cardhur vullnetarisht p\u00ebr t\u00eb bashk\u00ebpunuar me drejt\u00ebsin\u00eb\u201d.<\/p>\n<p>Kujtojme qe tre jave me par\u00eb Gjykata e Posa\u00e7me e Apelit rrezoi nje ankimim t\u00eb Arb\u00ebr Veliajt, v\u00ebllait t\u00eb kryebashkiakut t\u00eb arrestuar Erion Veliaj, i cili kund\u00ebrshtonte kontrollet e SPAK q\u00eb u kryen n\u00eb dhjetor t\u00eb 2024 n\u00eb sht\u00ebpit\u00eb e tij dhe n\u00eb ambientet e bizneseve.<\/p>\n<p>Gjykata e Lart\u00eb, me nj\u00eb vendim t\u00eb dat\u00ebs 25 Maj, pranoi rekursin e Arb\u00ebr Veliaj dhe ktheu dosjen p\u00ebr rigjykim n\u00eb Gjykat\u00ebn e Apelit t\u00eb Posa\u00e7\u00ebm tek i nj\u00ebjti trup gjykues. Por, togat e zeza vendos\u00ebn mospranimin e ankimit t\u00eb v\u00ebllait t\u00eb kryebashkiakut kund\u00ebr vendimit t\u00eb dat\u00ebs 20 Dhjetor 2024 t\u00eb Gjykat\u00ebs s\u00eb Posa\u00e7me p\u00ebr ushtrimin e kontrolleve.<\/p>\n<p>M\u00eb 23 korrik, kryetari i Bashkis\u00eb s\u00eb Tiran\u00ebs, Erion Veliaj, u shpall zyrtarisht i pandehur, n\u00ebn akuzat p\u00ebr korrupsion, deklarim t\u00eb rrem\u00eb t\u00eb pasuris\u00eb dhe pastrim parash. Bashk\u00eb me t\u00eb, \u00ebsht\u00eb p\u00ebrfshir\u00eb n\u00eb hetime edhe bashk\u00ebshortja e tij, Ajola Xoxa.<\/p>\n<p>Q\u00eb prej dat\u00ebs 10 shkurt t\u00eb k\u00ebtij viti, Veliaj ndodhet n\u00eb paraburgim. Ai po hetohet n\u00eb bashk\u00ebpunim me Ajola Xox\u00ebn dhe gjasht\u00eb sip\u00ebrmarr\u00ebs, nd\u00ebr t\u00eb cil\u00ebt ndodhet edhe biznesmeni Elman Abule, i cili aktualisht \u00ebsht\u00eb n\u00ebn mas\u00ebn e arrestit sht\u00ebpiak.<\/p>\n","protected":false},"excerpt":{"rendered":"<p>V\u00ebllai i kryebashkiakut Erion Veliaj, Arb\u00ebr Veliaj \u00ebsht\u00eb paraqitur sot n\u00eb ambientet e SPAK, p\u00ebr her\u00eb t\u00eb dyt\u00eb brenda k\u00ebsaj jave. Kujtojm\u00eb se Arb\u00ebr Veliaj u paraqit n\u00eb ambientet e Prokuroris\u00eb s\u00eb Posa\u00e7me edhe dit\u00ebn e djeshme, 21 gusht, ku q\u00ebndroi p\u00ebr m\u00eb shum\u00eb se pes\u00eb or\u00eb. Ai u mor n\u00eb pyetje nga prokuror\u00ebt e &hellip;<\/p>\n","protected":false},"author":4,"featured_media":104803,"comment_status":"closed","ping_status":"closed","sticky":false,"template":"","format":"standard","meta":{"footnotes":""},"categories":[37],"tags":[],"class_list":["post-121523","post","type-post","status-publish","format-standard","has-post-thumbnail","","category-politike"],"_links":{"self":[{"href":"https:\/\/rdnews.al\/index.php\/wp-json\/wp\/v2\/posts\/121523","targetHints":{"allow":["GET"]}}],"collection":[{"href":"https:\/\/rdnews.al\/index.php\/wp-json\/wp\/v2\/posts"}],"about":[{"href":"https:\/\/rdnews.al\/index.php\/wp-json\/wp\/v2\/types\/post"}],"author":[{"embeddable":true,"href":"https:\/\/rdnews.al\/index.php\/wp-json\/wp\/v2\/users\/4"}],"replies":[{"embeddable":true,"href":"https:\/\/rdnews.al\/index.php\/wp-json\/wp\/v2\/comments?post=121523"}],"version-history":[{"count":2,"href":"https:\/\/rdnews.al\/index.php\/wp-json\/wp\/v2\/posts\/121523\/revisions"}],"predecessor-version":[{"id":121527,"href":"https:\/\/rdnews.al\/index.php\/wp-json\/wp\/v2\/posts\/121523\/revisions\/121527"}],"wp:featuredmedia":[{"embeddable":true,"href":"https:\/\/rdnews.al\/index.php\/wp-json\/wp\/v2\/media\/104803"}],"wp:attachment":[{"href":"https:\/\/rdnews.al\/index.php\/wp-json\/wp\/v2\/media?parent=121523"}],"wp:term":[{"taxonomy":"category","embeddable":true,"href":"https:\/\/rdnews.al\/index.php\/wp-json\/wp\/v2\/categories?post=121523"},{"taxonomy":"post_tag","embeddable":true,"href":"https:\/\/rdnews.al\/index.php\/wp-json\/wp\/v2\/tags?post=121523"}],"curies":[{"name":"wp","href":"https:\/\/api.w.org\/{rel}","templated":true}]}}