{"id":121542,"date":"2025-08-22T10:17:34","date_gmt":"2025-08-22T10:17:34","guid":{"rendered":"https:\/\/rdnews.al\/?p=121542"},"modified":"2025-08-22T10:17:34","modified_gmt":"2025-08-22T10:17:34","slug":"faleminderit-edi-rama-per-kete-sukses-te-ri","status":"publish","type":"post","link":"https:\/\/rdnews.al\/index.php\/2025\/08\/22\/faleminderit-edi-rama-per-kete-sukses-te-ri\/","title":{"rendered":"\u201cFaleminderit Edi Rama&#8221; p\u00ebr k\u00ebt\u00eb \u201csukses\u201d t\u00eb ri&#8230;"},"content":{"rendered":"<p><strong>Nga Petrit VASILI<\/strong><\/p>\n<p>&#8220;Sukseset&#8221; e Edi Ram\u00ebs nuk kan\u00eb mbarim, pavar\u00ebsisht se kritik\u00ebt e tij dhe opozita nuk duan ti shohin.<\/p>\n<p>Tani e arriti m\u00eb n\u00eb fund q\u00eb Shqip\u00ebria t\u00eb jet\u00eb vendi me kequshqyerjen m\u00eb t\u00eb lart\u00eb n\u00eb Evrop\u00eb dhe lajmin e jep FAO Programi i Kombeve t\u00eb Bashkuara p\u00ebr Ushqimin.<\/p>\n<p>Rama me k\u00ebmb\u00ebnguljen e njeriut &#8220;pun\u00ebtor&#8221; dhe &#8220;vizionar&#8221;, ka krijuar nj\u00eb q\u00ebndrueshm\u00ebri shum\u00eb t\u00eb lart\u00eb n\u00eb rezultatet e tij, duke na mbajtur me vendosm\u00ebri gjithmon\u00eb n\u00eb vendet e fundit n\u00eb Evrop\u00eb.<\/p>\n<p>Ai me vizionin e tij t\u00eb &#8220;p\u00ebrparuar&#8221; ka evituar rezultatet e larta, sepse popullit i prishet mendja kot po ti jap\u00ebsh mir\u00ebqenie, kurse k\u00ebshtu n\u00eb varf\u00ebri e mbledh mendjen top, struket n\u00eb fund dhe pret me goj\u00eb hapur mbase i hedh ndonj\u00eb kothere Rama.<\/p>\n<p>Po k\u00ebto rezultate t\u00eb &#8220;shk\u00eblqyera&#8221; Rama i ka arritur edhe me indeksin e korrupsionit, t\u00eb arsimit, t\u00eb ndotjes, t\u00eb p\u00ebrpunimit t\u00eb plehrave, t\u00eb kanabizimit, t\u00eb zbatimit t\u00eb ligjit.<\/p>\n<p>Pra \u00ebsht\u00eb madh\u00ebrisht i fundit n\u00eb \u00e7do gj\u00eb!<\/p>\n<p>Ndaj duhet t\u00eb themi me goj\u00ebn plot &#8220;Faleminderit Rama&#8221; p\u00ebr &#8220;stabilitetin&#8221;, q\u00eb ke krijuar p\u00ebr fundosjen e pandalshme t\u00eb Shqip\u00ebris\u00eb.<\/p>\n<p>&#8220;Faleminderit Rama&#8221; se me ty n\u00eb krye Shqip\u00ebria nuk do ta ngrej\u00eb kurr\u00eb kok\u00ebn lart, por do t\u00eb jet\u00eb &#8221; e qet\u00eb&#8221; aty posht\u00eb e m\u00eb posht\u00eb e zhytur n\u00eb varf\u00ebri pa kthim.<\/p>\n<p>&#8220;Faleminderit Rama&#8221; se vet\u00ebm ti mund t\u00eb arrije &#8220;suksese&#8221; t\u00eb tilla njeri m\u00eb negativ se tjetri, t\u00eb lumt\u00eb se je absolutisht rekordmen i v\u00ebrtet\u00eb i t\u00eb keqes.<\/p>\n","protected":false},"excerpt":{"rendered":"<p>Nga Petrit VASILI &#8220;Sukseset&#8221; e Edi Ram\u00ebs nuk kan\u00eb mbarim, pavar\u00ebsisht se kritik\u00ebt e tij dhe opozita nuk duan ti shohin. Tani e arriti m\u00eb n\u00eb fund q\u00eb Shqip\u00ebria t\u00eb jet\u00eb vendi me kequshqyerjen m\u00eb t\u00eb lart\u00eb n\u00eb Evrop\u00eb dhe lajmin e jep FAO Programi i Kombeve t\u00eb Bashkuara p\u00ebr Ushqimin. Rama me k\u00ebmb\u00ebnguljen e &hellip;<\/p>\n","protected":false},"author":4,"featured_media":54058,"comment_status":"closed","ping_status":"closed","sticky":false,"template":"","format":"standard","meta":{"footnotes":""},"categories":[44],"tags":[],"class_list":["post-121542","post","type-post","status-publish","format-standard","has-post-thumbnail","","category-editorial"],"_links":{"self":[{"href":"https:\/\/rdnews.al\/index.php\/wp-json\/wp\/v2\/posts\/121542","targetHints":{"allow":["GET"]}}],"collection":[{"href":"https:\/\/rdnews.al\/index.php\/wp-json\/wp\/v2\/posts"}],"about":[{"href":"https:\/\/rdnews.al\/index.php\/wp-json\/wp\/v2\/types\/post"}],"author":[{"embeddable":true,"href":"https:\/\/rdnews.al\/index.php\/wp-json\/wp\/v2\/users\/4"}],"replies":[{"embeddable":true,"href":"https:\/\/rdnews.al\/index.php\/wp-json\/wp\/v2\/comments?post=121542"}],"version-history":[{"count":1,"href":"https:\/\/rdnews.al\/index.php\/wp-json\/wp\/v2\/posts\/121542\/revisions"}],"predecessor-version":[{"id":121543,"href":"https:\/\/rdnews.al\/index.php\/wp-json\/wp\/v2\/posts\/121542\/revisions\/121543"}],"wp:featuredmedia":[{"embeddable":true,"href":"https:\/\/rdnews.al\/index.php\/wp-json\/wp\/v2\/media\/54058"}],"wp:attachment":[{"href":"https:\/\/rdnews.al\/index.php\/wp-json\/wp\/v2\/media?parent=121542"}],"wp:term":[{"taxonomy":"category","embeddable":true,"href":"https:\/\/rdnews.al\/index.php\/wp-json\/wp\/v2\/categories?post=121542"},{"taxonomy":"post_tag","embeddable":true,"href":"https:\/\/rdnews.al\/index.php\/wp-json\/wp\/v2\/tags?post=121542"}],"curies":[{"name":"wp","href":"https:\/\/api.w.org\/{rel}","templated":true}]}}