{"id":121544,"date":"2025-08-22T10:31:59","date_gmt":"2025-08-22T10:31:59","guid":{"rendered":"https:\/\/rdnews.al\/?p=121544"},"modified":"2025-08-22T11:17:01","modified_gmt":"2025-08-22T11:17:01","slug":"berisha-rugova-i-mesoi-elites-politike-te-kosoves-doktrinen-e-shtetformimit-dhe-shtetndertimit","status":"publish","type":"post","link":"https:\/\/rdnews.al\/index.php\/2025\/08\/22\/berisha-rugova-i-mesoi-elites-politike-te-kosoves-doktrinen-e-shtetformimit-dhe-shtetndertimit\/","title":{"rendered":"Berisha: Rugova i m\u00ebsoi elit\u00ebs politike t\u00eb Kosov\u00ebs doktrin\u00ebn e shtetformimit dhe shtetnd\u00ebrtimit!"},"content":{"rendered":"<p>Kryetari i PD, Sali Berisha gjat\u00eb fjal\u00ebs s\u00eb tij n\u00eb promovimin e librit \u201cDr. Ibrahim Rugova, Arkitekti i Pavar\u00ebsis\u00eb s\u00eb Kosov\u00ebs\u201d tha se. Rugova i m\u00ebsoi elit\u00ebs politike t\u00eb Kosov\u00ebs doktrin\u00ebn e shtetformimit dhe shtetnd\u00ebrtimit\u201d.<\/p>\n<p>Berisha tha se, Rugova kaloi disa kryeministra, me t\u00eb cil\u00ebt natyrisht u zgjodh me 70 p\u00ebrqind t\u00eb qytetar\u00ebve t\u00eb Kosov\u00ebs.<\/p>\n<p><strong>\u201c<\/strong>N\u00eb k\u00ebt\u00eb tipar, pas lufte&#8230; u them un\u00eb ju, ishte garanti kryesor i pavar\u00ebsis\u00eb s\u00eb Kosov\u00ebs.<\/p>\n<p>Pse?<\/p>\n<p>Sepse nuk ka diskutim q\u00eb p\u00ebr komunitetin nd\u00ebrkomb\u00ebtar, lirit\u00eb dhe t\u00eb drejtat e serb\u00ebve n\u00eb Kosov\u00eb ishin nj\u00eb problem madhor.<\/p>\n<p>Se ata nuk luftuan t\u00eb \u00e7lirojn\u00eb shqiptar\u00ebt q\u00eb t\u00eb shtypen serb\u00ebt, malazez\u00ebt apo etnit\u00eb e tjera.<\/p>\n<p>Por njeriu q\u00eb ishte garant, dhe q\u00eb nuk mund t\u00eb vinin n\u00eb dyshim integritetin dhe vullnetin e tij p\u00ebr t\u00eb qen\u00eb president i t\u00eb gjith\u00eb qytetar\u00ebve t\u00eb Kosov\u00ebs, p\u00ebr nj\u00eb Kosov\u00eb t\u00eb qytetar\u00ebve t\u00eb barabart\u00eb para ligjit, ishte Ibrahim Rugova.<\/p>\n<p>S\u00eb dyti, ai tani n\u00eb t\u00eb gjitha kancelarit\u00eb shpallej si pacifisti radikal.<\/p>\n<p>\u00c7far\u00eb do t\u00eb thoshte kjo? Kjo do t\u00eb thoshte se ai nuk heq dor\u00eb nga projekti i tij.<\/p>\n<p>Takova n\u00eb vitin 2005, m\u00eb priti n\u00eb Strasburg, Havier Solana i cili kishte njohuri shum\u00eb t\u00eb gjata dhe t\u00eb thella p\u00ebr Ballkanin.<\/p>\n<p>I parashtroj tez\u00ebn q\u00eb vet\u00ebm pavar\u00ebsia e Kosov\u00ebs i jep fund fluiditetit t\u00eb faktorit shqiptar n\u00eb Ballkan.<\/p>\n<p>Por kur ra fjala p\u00ebr Rugov\u00ebn, tha: Rugova, nj\u00eb pacifist radikal. Se i thash\u00eb un\u00eb se ai \u00ebsht\u00eb nj\u00eb garant p\u00ebr lirit\u00eb e t\u00eb gjith\u00ebve n\u00eb Kosov\u00eb.<\/p>\n<p>Pra, habi tjet\u00ebr e Ibrahim Rugov\u00ebs. Pas nd\u00ebrtimit t\u00eb shtetit paralel s\u00eb bashku me Bujar Bukoshin dhe qeverin\u00eb e tij, ai b\u00ebri \u00e7do gj\u00eb p\u00ebr mbrojtjen e k\u00ebtij projekti.<\/p>\n<p>Por, mbajti nj\u00eb q\u00ebndrim t\u00eb ndrysh\u00ebm gjat\u00eb luft\u00ebs, n\u00eb m\u00ebnyr\u00eb t\u00eb pamohueshme.<\/p>\n<p>Dhe natyrisht lufta \u00e7lirimtare p\u00ebrb\u00ebn faqen m\u00eb t\u00eb ndritur t\u00eb luft\u00ebrave t\u00eb shqiptar\u00ebve nga koha e Sk\u00ebnderbeut gjer sot.<\/p>\n<p>Dhe ajo luft\u00eb kishte rol p\u00ebrcaktues p\u00ebr pavar\u00ebsin\u00eb e Kosov\u00ebs, por prap\u00eb nuk ishte baras pavar\u00ebsi. Duhet t\u00eb jemi shum\u00eb realist\u00eb, sepse pas \u00e7lirimit t\u00eb Kosov\u00ebs filluan t\u00eb qarkullojn\u00eb idet\u00eb e konfederat\u00ebs dhe p\u00ebr fat t\u00eb keq pati nj\u00eb l\u00ebkundje serioze n\u00eb mb\u00ebshtetjen e k\u00ebtij projekti nga partner\u00ebt evropiane.<\/p>\n<p>Se \u00e7\u2019ndodhi, pak e v\u00ebshtir\u00eb t\u00eb merret vesh, por pas nj\u00eb periudhe q\u00eb e mb\u00ebshtesnin k\u00ebt\u00eb projekt, filluan t\u00eb flasin p\u00ebr konfederat\u00eb.<\/p>\n<p>Rugova q\u00ebndronte p\u00ebrs\u00ebri dhe ai ka nj\u00eb merit\u00eb t\u00eb jasht\u00ebzakonshme t\u00eb fundit, do t\u00eb them, sepse pavar\u00ebsisht nga kund\u00ebrshtit\u00eb q\u00eb pati me udh\u00ebheqjen politike t\u00eb U\u00c7K, ai firmosi Rambujen\u00eb dhe vendosi nj\u00eb bashk\u00ebpunim luajal t\u00eb shk\u00eblqyer pas luft\u00eb.<\/p>\n<p>Duhet t\u00eb them i m\u00ebsoi, t\u00eb themi t\u00eb v\u00ebrtet\u00ebn, elit\u00ebs politike t\u00eb Kosov\u00ebs, doktrin\u00ebn e shtetformimit, e shtetnd\u00ebrtimit dhe t\u00eb nd\u00ebrtimit t\u00eb Kosov\u00ebs s\u00eb pavarur.<\/p>\n<p>Ju u kujtohet, ai kaloi disa kryeministra, me t\u00eb cil\u00ebt natyrisht u zgjodh me 70 p\u00ebrqind t\u00eb qytetar\u00ebve t\u00eb Kosov\u00ebs\u201d, u shpreh Berisha.<\/p>\n","protected":false},"excerpt":{"rendered":"<p>Kryetari i PD, Sali Berisha gjat\u00eb fjal\u00ebs s\u00eb tij n\u00eb promovimin e librit \u201cDr. Ibrahim Rugova, Arkitekti i Pavar\u00ebsis\u00eb s\u00eb Kosov\u00ebs\u201d tha se. Rugova i m\u00ebsoi elit\u00ebs politike t\u00eb Kosov\u00ebs doktrin\u00ebn e shtetformimit dhe shtetnd\u00ebrtimit\u201d. Berisha tha se, Rugova kaloi disa kryeministra, me t\u00eb cil\u00ebt natyrisht u zgjodh me 70 p\u00ebrqind t\u00eb qytetar\u00ebve t\u00eb Kosov\u00ebs. &hellip;<\/p>\n","protected":false},"author":4,"featured_media":121564,"comment_status":"closed","ping_status":"closed","sticky":false,"template":"","format":"standard","meta":{"footnotes":""},"categories":[37],"tags":[],"class_list":["post-121544","post","type-post","status-publish","format-standard","has-post-thumbnail","","category-politike"],"_links":{"self":[{"href":"https:\/\/rdnews.al\/index.php\/wp-json\/wp\/v2\/posts\/121544","targetHints":{"allow":["GET"]}}],"collection":[{"href":"https:\/\/rdnews.al\/index.php\/wp-json\/wp\/v2\/posts"}],"about":[{"href":"https:\/\/rdnews.al\/index.php\/wp-json\/wp\/v2\/types\/post"}],"author":[{"embeddable":true,"href":"https:\/\/rdnews.al\/index.php\/wp-json\/wp\/v2\/users\/4"}],"replies":[{"embeddable":true,"href":"https:\/\/rdnews.al\/index.php\/wp-json\/wp\/v2\/comments?post=121544"}],"version-history":[{"count":1,"href":"https:\/\/rdnews.al\/index.php\/wp-json\/wp\/v2\/posts\/121544\/revisions"}],"predecessor-version":[{"id":121546,"href":"https:\/\/rdnews.al\/index.php\/wp-json\/wp\/v2\/posts\/121544\/revisions\/121546"}],"wp:featuredmedia":[{"embeddable":true,"href":"https:\/\/rdnews.al\/index.php\/wp-json\/wp\/v2\/media\/121564"}],"wp:attachment":[{"href":"https:\/\/rdnews.al\/index.php\/wp-json\/wp\/v2\/media?parent=121544"}],"wp:term":[{"taxonomy":"category","embeddable":true,"href":"https:\/\/rdnews.al\/index.php\/wp-json\/wp\/v2\/categories?post=121544"},{"taxonomy":"post_tag","embeddable":true,"href":"https:\/\/rdnews.al\/index.php\/wp-json\/wp\/v2\/tags?post=121544"}],"curies":[{"name":"wp","href":"https:\/\/api.w.org\/{rel}","templated":true}]}}