{"id":12155,"date":"2022-05-12T17:46:41","date_gmt":"2022-05-12T17:46:41","guid":{"rendered":"https:\/\/rdnews.al\/?p=12155"},"modified":"2022-05-12T17:48:21","modified_gmt":"2022-05-12T17:48:21","slug":"meta-tejet-i-zhgenjyer-nga-rrezimi-i-rezolutes-kunder-genocidit-ne-srebrenice","status":"publish","type":"post","link":"https:\/\/rdnews.al\/index.php\/2022\/05\/12\/meta-tejet-i-zhgenjyer-nga-rrezimi-i-rezolutes-kunder-genocidit-ne-srebrenice\/","title":{"rendered":"Meta: Tejet i zhg\u00ebnjyer nga rr\u00ebzimi i rezolut\u00ebs kund\u00ebr genocidit n\u00eb Srebrenic\u00eb"},"content":{"rendered":"<p>Presidenti Ilir Meta reagoi ashp\u00ebr kund\u00ebr rr\u00ebzimit t\u00eb rezolut\u00ebs kund\u00ebr genocidit serb nga mazhoranca socialiste.<\/p>\n<p>\u201cTejet zhg\u00ebnjyes votimi KUND\u00cbR i mazhoranc\u00ebs ndaj projekt-rezolut\u00ebs s\u00eb paraqitur n\u00eb Kuvendin e Shqip\u00ebris\u00eb p\u00ebr njohjen dhe d\u00ebnimin e genocidit t\u00eb serb\u00ebve t\u00eb Bosnje-Hercegovin\u00ebs n\u00eb Srebrenic\u00eb n\u00eb korrik t\u00eb 1995.<\/p>\n<p>N\u00eb kushtet e agresionit t\u00eb paprovokuar dhe t\u00eb pajustifikuesh\u00ebm rus kund\u00ebr Ukrain\u00ebs, dhe kur n\u00eb rajonin ton\u00eb v\u00ebrehen p\u00ebrpjekje t\u00eb shtuara p\u00ebr t\u00eb mohuar genocidin serb n\u00eb Srebrenic\u00eb dhe p\u00ebr t\u00eb glorifikuar kriminel\u00ebt e luft\u00ebs, seanca e sotme e Kuvendit t\u00eb Shqip\u00ebris\u00eb do t\u00eb duhet t\u00eb shprehte me solemnitet dhe vendosm\u00ebri t\u00eb plot\u00eb vullnetin e patjet\u00ebrsuesh\u00ebm t\u00eb popullit shqiptar kund\u00ebr genocidit barbar, q\u00eb mori jet\u00ebt e 8372 njer\u00ebzve n\u00eb Srebrenic\u00eb.<\/p>\n<p>Jam tejet i keqardhur q\u00eb deputet\u00eb t\u00eb Kuvendit t\u00eb Shqip\u00ebris\u00eb shtremb\u00ebrojn\u00eb n\u00eb m\u00ebnyr\u00eb t\u00eb pamerituar dhe nuk p\u00ebrfaq\u00ebsojn\u00eb vullnetin e qytetar\u00ebve shqiptar\u00eb, t\u00eb cil\u00ebt e kan\u00eb treguar me vepra se jan\u00eb kund\u00ebr spastrimeve etnike, dhe n\u00eb mbrojtje t\u00eb liris\u00eb dhe dinjitetit njer\u00ebzor\u201d, shkruan Meta.<\/p>\n","protected":false},"excerpt":{"rendered":"<p>Presidenti Ilir Meta reagoi ashp\u00ebr kund\u00ebr rr\u00ebzimit t\u00eb rezolut\u00ebs kund\u00ebr genocidit serb nga mazhoranca socialiste. \u201cTejet zhg\u00ebnjyes votimi KUND\u00cbR i mazhoranc\u00ebs ndaj projekt-rezolut\u00ebs s\u00eb paraqitur n\u00eb Kuvendin e Shqip\u00ebris\u00eb p\u00ebr njohjen dhe d\u00ebnimin e genocidit t\u00eb serb\u00ebve t\u00eb Bosnje-Hercegovin\u00ebs n\u00eb Srebrenic\u00eb n\u00eb korrik t\u00eb 1995. N\u00eb kushtet e agresionit t\u00eb paprovokuar dhe t\u00eb pajustifikuesh\u00ebm rus &hellip;<\/p>\n","protected":false},"author":4,"featured_media":0,"comment_status":"open","ping_status":"open","sticky":false,"template":"","format":"standard","meta":{"footnotes":""},"categories":[37],"tags":[],"class_list":["post-12155","post","type-post","status-publish","format-standard","","category-politike"],"_links":{"self":[{"href":"https:\/\/rdnews.al\/index.php\/wp-json\/wp\/v2\/posts\/12155","targetHints":{"allow":["GET"]}}],"collection":[{"href":"https:\/\/rdnews.al\/index.php\/wp-json\/wp\/v2\/posts"}],"about":[{"href":"https:\/\/rdnews.al\/index.php\/wp-json\/wp\/v2\/types\/post"}],"author":[{"embeddable":true,"href":"https:\/\/rdnews.al\/index.php\/wp-json\/wp\/v2\/users\/4"}],"replies":[{"embeddable":true,"href":"https:\/\/rdnews.al\/index.php\/wp-json\/wp\/v2\/comments?post=12155"}],"version-history":[{"count":0,"href":"https:\/\/rdnews.al\/index.php\/wp-json\/wp\/v2\/posts\/12155\/revisions"}],"wp:attachment":[{"href":"https:\/\/rdnews.al\/index.php\/wp-json\/wp\/v2\/media?parent=12155"}],"wp:term":[{"taxonomy":"category","embeddable":true,"href":"https:\/\/rdnews.al\/index.php\/wp-json\/wp\/v2\/categories?post=12155"},{"taxonomy":"post_tag","embeddable":true,"href":"https:\/\/rdnews.al\/index.php\/wp-json\/wp\/v2\/tags?post=12155"}],"curies":[{"name":"wp","href":"https:\/\/api.w.org\/{rel}","templated":true}]}}