{"id":121598,"date":"2025-08-23T08:44:36","date_gmt":"2025-08-23T08:44:36","guid":{"rendered":"https:\/\/rdnews.al\/?p=121598"},"modified":"2025-08-23T08:45:56","modified_gmt":"2025-08-23T08:45:56","slug":"vangjeli-air-albania-ne-krize-te-plote-fshehje-bilancesh-dhe-detyrimesh-si-po-shkaterrohet-kompania-krenari-kombetare","status":"publish","type":"post","link":"https:\/\/rdnews.al\/index.php\/2025\/08\/23\/vangjeli-air-albania-ne-krize-te-plote-fshehje-bilancesh-dhe-detyrimesh-si-po-shkaterrohet-kompania-krenari-kombetare\/","title":{"rendered":"Air Albania n\u00eb kriz\u00eb t\u00eb plot\u00eb, fshehje bilancesh dhe detyrimesh, si po shkat\u00ebrrohet kompania \u201ckrenari komb\u00ebtare\u201d!"},"content":{"rendered":"<p><strong>Deklarata e z\u00ebdh\u00ebn\u00ebses s\u00eb Antikorrupsionit n\u00eb PD, Genta Vangjeli<\/strong><\/p>\n<p>M\u00eb 20 Qershor Air Albania e shpallur nga KM Edi Rama si \u2018krenaria komb\u00ebtare\u2019 njoftoi nisjen e fluturimeve direkte mes Tiran\u00ebs dhe Lubjan\u00ebs, duke rilidhur Shqip\u00ebrin\u00eb dhe Sllovenin\u00eb pas disa vitesh.<\/p>\n<p>Por dy muaj m\u00eb pas, m\u00eb 20 Gusht, mediat Sllovene informuan publikun se kompania i anuloi planet p\u00ebr k\u00ebt\u00eb linj\u00eb p\u00ebr shkak t\u00eb v\u00ebshtir\u00ebsive financiare.<\/p>\n<p>Dhe kjo nuk \u00ebsht\u00eb aspak \u00e7udi.<\/p>\n<div class=\"wp-block-file\" data-wp-interactive=\"core\/file\"><object class=\"wp-block-file__embed\" data=\"https:\/\/pd.al\/wp-content\/uploads\/2025\/08\/Denoncimi-i-PD-Air-Albanian.pdf\" type=\"application\/pdf\" width=\"300\" height=\"150\" data-wp-bind--hidden=\"!state.hasPdfPreview\" aria-label=\"Trup\u00ebzim i Denoncimi i PD Air Albanian.\" data-mce-fragment=\"1\"><\/object><a id=\"wp-block-file--media-5412a093-5551-40ec-9e9a-89e9d82203ae\" href=\"https:\/\/pd.al\/wp-content\/uploads\/2025\/08\/Denoncimi-i-PD-Air-Albanian.pdf\" target=\"_blank\" rel=\"noopener\">Denoncimi i PD Air Albanian<\/a><a class=\"wp-block-file__button wp-element-button\" href=\"https:\/\/pd.al\/wp-content\/uploads\/2025\/08\/Denoncimi-i-PD-Air-Albanian.pdf\" download=\"\" aria-describedby=\"wp-block-file--media-5412a093-5551-40ec-9e9a-89e9d82203ae\" target=\"_blank\" rel=\"noopener\">Download<\/a><\/div>\n<p>Air Albania, themeluar n\u00eb vitin 2018 me 10% pron\u00ebsi shtet\u00ebrore p\u00ebrmes Albcontrol ka dor\u00ebzuar n\u00eb QKB vet\u00ebm bilancin e saj p\u00ebr vitin e par\u00eb t\u00eb operimit (2018), m\u00eb pas asnj\u00eb publikim lidhur me pasqyrat financiare t\u00eb k\u00ebsaj shoq\u00ebrie.<\/p>\n<p>Mungojn\u00eb gjithashtu t\u00eb dh\u00ebna p\u00ebr vendime gjyq\u00ebsore dhe njoftime zyrtare nga p\u00ebrmbarues privat\u00eb p\u00ebr detyrimin miliona euro t\u00eb Air Albania kundrejt pal\u00ebve t\u00eb treta.<\/p>\n<p>Kjo fshehje ngre dyshime p\u00ebr kriz\u00ebn e thell\u00eb financiare t\u00eb kompanis\u00eb.<\/p>\n<p>Nd\u00ebrkoh\u00eb, q\u00eb prej 2020-s, Air Albania ka lidhur nj\u00eb marr\u00ebveshje bashk\u00ebpunimi me Drejtorin\u00eb e P\u00ebrgjithshme t\u00eb Sh\u00ebrbimeve Qeveritare p\u00ebr ofrimin e sh\u00ebrbimit t\u00eb fluturimeve t\u00eb posa\u00e7me charter p\u00ebr KM e RSH.<\/p>\n<p>Opozita ka k\u00ebrkuar transparenc\u00eb dhe nj\u00eb komision hetimor p\u00ebr udh\u00ebtimet e Kryeministrit me charter, por kjo u rr\u00ebzua nga mazhoranca.<\/p>\n<p>Sot k\u00ebrkojm\u00eb q\u00eb Kryeministri dhe kompania t\u00eb japin p\u00ebrgjigje: a po shkon drejt falimentimit \u2018krenaria komb\u00ebtare\u2019 p\u00ebr shkak t\u00eb shpenzimeve t\u00eb pap\u00ebrballueshme q\u00eb vijn\u00eb nga udh\u00ebtimet charter t\u00eb Edi Ram\u00ebs?<\/p>\n","protected":false},"excerpt":{"rendered":"<p>Deklarata e z\u00ebdh\u00ebn\u00ebses s\u00eb Antikorrupsionit n\u00eb PD, Genta Vangjeli M\u00eb 20 Qershor Air Albania e shpallur nga KM Edi Rama si \u2018krenaria komb\u00ebtare\u2019 njoftoi nisjen e fluturimeve direkte mes Tiran\u00ebs dhe Lubjan\u00ebs, duke rilidhur Shqip\u00ebrin\u00eb dhe Sllovenin\u00eb pas disa vitesh. Por dy muaj m\u00eb pas, m\u00eb 20 Gusht, mediat Sllovene informuan publikun se kompania i &hellip;<\/p>\n","protected":false},"author":4,"featured_media":121599,"comment_status":"closed","ping_status":"closed","sticky":false,"template":"","format":"standard","meta":{"footnotes":""},"categories":[37],"tags":[],"class_list":["post-121598","post","type-post","status-publish","format-standard","has-post-thumbnail","","category-politike"],"_links":{"self":[{"href":"https:\/\/rdnews.al\/index.php\/wp-json\/wp\/v2\/posts\/121598","targetHints":{"allow":["GET"]}}],"collection":[{"href":"https:\/\/rdnews.al\/index.php\/wp-json\/wp\/v2\/posts"}],"about":[{"href":"https:\/\/rdnews.al\/index.php\/wp-json\/wp\/v2\/types\/post"}],"author":[{"embeddable":true,"href":"https:\/\/rdnews.al\/index.php\/wp-json\/wp\/v2\/users\/4"}],"replies":[{"embeddable":true,"href":"https:\/\/rdnews.al\/index.php\/wp-json\/wp\/v2\/comments?post=121598"}],"version-history":[{"count":2,"href":"https:\/\/rdnews.al\/index.php\/wp-json\/wp\/v2\/posts\/121598\/revisions"}],"predecessor-version":[{"id":121601,"href":"https:\/\/rdnews.al\/index.php\/wp-json\/wp\/v2\/posts\/121598\/revisions\/121601"}],"wp:featuredmedia":[{"embeddable":true,"href":"https:\/\/rdnews.al\/index.php\/wp-json\/wp\/v2\/media\/121599"}],"wp:attachment":[{"href":"https:\/\/rdnews.al\/index.php\/wp-json\/wp\/v2\/media?parent=121598"}],"wp:term":[{"taxonomy":"category","embeddable":true,"href":"https:\/\/rdnews.al\/index.php\/wp-json\/wp\/v2\/categories?post=121598"},{"taxonomy":"post_tag","embeddable":true,"href":"https:\/\/rdnews.al\/index.php\/wp-json\/wp\/v2\/tags?post=121598"}],"curies":[{"name":"wp","href":"https:\/\/api.w.org\/{rel}","templated":true}]}}