{"id":121602,"date":"2025-08-23T09:13:58","date_gmt":"2025-08-23T09:13:58","guid":{"rendered":"https:\/\/rdnews.al\/?p=121602"},"modified":"2025-08-23T09:16:11","modified_gmt":"2025-08-23T09:16:11","slug":"massimo-dalema-lobist-ne-tirane-a-po-mashtron-me-te-ardhurat-qe-fiton-miku-i-rames","status":"publish","type":"post","link":"https:\/\/rdnews.al\/index.php\/2025\/08\/23\/massimo-dalema-lobist-ne-tirane-a-po-mashtron-me-te-ardhurat-qe-fiton-miku-i-rames\/","title":{"rendered":"Massimo D\u2019Alema lobist n\u00eb Tiran\u00eb, a po mashtron p\u00ebr parat\u00eb q\u00eb merr miku i Ram\u00ebs?"},"content":{"rendered":"<p>Nga<strong> Boldnews<\/strong><\/p>\n<p><a href=\"https:\/\/rdnews.al\/index.php\/2023\/11\/13\/rama-kaq-mundesi-kemi-vetem-120-euro-pension-per-vete-kisha-mundesi-ta-bej-rrogen-4-milione-leke\/\">Massimo<\/a>\u00a0D\u2019Alema mund t\u00eb konsiderohet si \u201cpensionisti\u201d m\u00eb i famsh\u00ebm i huaj n\u00eb Shqip\u00ebri. Ish-kryeministri italian, i shnd\u00ebrruar n\u00eb lobist nd\u00ebrkomb\u00ebtar, ka hapur prej fillimit t\u00eb vitit 2024 nj\u00eb studio konsulence tregtare n\u00eb Shqip\u00ebri. Zyra gjendet n\u00eb pik\u00ebn zero t\u00eb vendit, n\u00eb qend\u00ebr t\u00eb Tiran\u00ebs, n\u00eb \u201cPallatin e Kultur\u00ebs\u201d, nj\u00eb vend q\u00eb shum\u00eb pak njer\u00ebz mund t\u00eb ken\u00eb akses, p\u00ebr shkak t\u00eb \u00e7mimit t\u00eb qiras\u00eb.<\/p>\n<p>Por, as pozicioni, as emri i njohur, duket se nuk kan\u00eb qen\u00eb fat-sjell\u00ebs p\u00ebr njeriun q\u00eb drejtoi Italin\u00eb n\u00eb vitet 1998-2000. Ai deklaron se studioja e tij, \u201c<em>A&amp;I Albania<\/em>\u201d i ka siguruar fitime n\u00eb vler\u00ebn rreth 10 mij\u00eb euro p\u00ebr vitin 2024. Me nj\u00eb mesatare mujore rreth 850 euro, t\u00eb ardhurat e D\u2019Alemas jan\u00eb shum\u00eb m\u00eb t\u00eb ulta edhe t\u00eb nj\u00eb emigranti shqiptar me pun\u00eb t\u00eb r\u00ebndomt\u00eb n\u00eb vendin e tij.<\/p>\n<p>N\u00eb Bilancin Tregtar, t\u00eb dor\u00ebzuar pak dit\u00eb m\u00eb par\u00eb n\u00eb Qendr\u00ebn Komb\u00ebtare t\u00eb Biznesit, Massimo D\u2019Alema deklaron se gjat\u00eb vitit t\u00eb kaluar ka ofruar sh\u00ebrbime konsulence n\u00eb vler\u00eb totale rreth 3 milion\u00eb lek\u00eb t\u00eb reja (rreth 30 mij\u00eb euro). Pjesa m\u00eb e madhe e k\u00ebsaj shume \u00ebsht\u00eb p\u00ebrdorur p\u00ebr shpenzime zyre dhe administrative. N\u00eb fund, ai ka llogaritur nj\u00eb fitim prej 1.04 milion\u00eb lek\u00eb t\u00eb reja (10 mij\u00eb euro).<\/p>\n<figure id=\"attachment_1591757\" class=\"wp-caption alignnone\" aria-describedby=\"caption-attachment-1591757\"><img loading=\"lazy\" decoding=\"async\" class=\"wp-image-1591757 size-full\" src=\"https:\/\/boldnews.al\/wp-content\/uploads\/2025\/08\/Screenshot_3-21.png\" sizes=\"auto, (max-width: 591px) 100vw, 591px\" srcset=\"https:\/\/boldnews.al\/wp-content\/uploads\/2025\/08\/Screenshot_3-21.png 591w, https:\/\/boldnews.al\/wp-content\/uploads\/2025\/08\/Screenshot_3-21-120x86.png 120w\" alt=\"\" width=\"591\" height=\"418\" data-pin-no-hover=\"true\" \/><figcaption id=\"caption-attachment-1591757\" class=\"wp-caption-text\"><em>N\u00eb foto: Bilanci Tregtar p\u00ebr vitin 2024 i studios \u201cA&amp;I Albania\u201d t\u00eb Massimo D\u2019Alema<\/em><\/figcaption><\/figure>\n<p>Referuar shifrave t\u00eb vet\u00ebdeklaruara prej tij, D\u2019Alema \u00ebsht\u00eb miku i huaj \u201cm\u00eb i varf\u00ebr\u201d i kryeministrit shqiptar, Edi Rama.<\/p>\n<p>T\u00eb tjer\u00eb \u201cmiq\u201d nd\u00ebrkomb\u00ebtar t\u00eb shefit t\u00eb qeveris\u00eb shqiptare, jan\u00eb shp\u00ebrndar\u00eb n\u00eb monopole apo investime strategjike, n\u00eb sektor\u00ebt e r\u00ebnd\u00ebsish\u00ebm t\u00eb infrastruktur\u00ebs, energjitik\u00ebs, turizmit, dhe s\u00eb fundmi edhe n\u00eb monopolin e arm\u00ebve, ku shfaqet emri i lobistit izraelit,\u00a0<a href=\"https:\/\/boldnews.al\/2025\/08\/18\/rama-i-jep-monopolin-e-mjeteve-te-ushtrise-mikut-te-tij-izraelit-ron-yeffet-ja-cfare-thoshte-ahmetaj\/\" target=\"_blank\" rel=\"noopener\">Ron Yeffet<\/a>.<\/p>\n<figure id=\"attachment_1591758\" class=\"wp-caption alignnone\" aria-describedby=\"caption-attachment-1591758\"><img loading=\"lazy\" decoding=\"async\" class=\"wp-image-1591758 size-medium\" src=\"https:\/\/boldnews.al\/wp-content\/uploads\/2025\/08\/WhatsApp-Image-2025-08-23-at-10.31.19-AM-1-640x391.jpeg\" sizes=\"auto, (max-width: 640px) 100vw, 640px\" srcset=\"https:\/\/boldnews.al\/wp-content\/uploads\/2025\/08\/WhatsApp-Image-2025-08-23-at-10.31.19-AM-1-640x391.jpeg 640w, https:\/\/boldnews.al\/wp-content\/uploads\/2025\/08\/WhatsApp-Image-2025-08-23-at-10.31.19-AM-1-1024x626.jpeg 1024w, https:\/\/boldnews.al\/wp-content\/uploads\/2025\/08\/WhatsApp-Image-2025-08-23-at-10.31.19-AM-1-750x458.jpeg 750w, https:\/\/boldnews.al\/wp-content\/uploads\/2025\/08\/WhatsApp-Image-2025-08-23-at-10.31.19-AM-1.jpeg 1101w\" alt=\"\" width=\"640\" height=\"391\" data-pin-no-hover=\"true\" \/><figcaption id=\"caption-attachment-1591758\" class=\"wp-caption-text\"><em>N\u00eb foto: Ish-kryeministri italian, Massimo D\u2019Alema, aktualisht lobist nd\u00ebrkomb\u00ebtar<\/em><\/figcaption><\/figure>\n<p>Raporti financiar i Massimo D\u2019Alema-s \u00ebsht\u00eb e mb\u00ebshtjell\u00eb nga diskrecioni p\u00ebr llojin dhe natyr\u00ebn e konsulenc\u00ebs s\u00eb ofruar. Megjithat\u00eb, nisur nga t\u00eb ardhurat minimale t\u00eb vet\u00ebdeklaruara prej tij, ato sh\u00ebrbime, t\u00eb \u00e7do lloji, nuk do t\u00eb p\u00ebrb\u00ebnin aspak interes publik.<\/p>\n<p>Ajo q\u00eb mund t\u00eb p\u00ebrb\u00ebj\u00eb interes \u00ebsht\u00eb fakti se p\u00ebrse, nj\u00eb individ me nj\u00eb back-ground t\u00eb fuqish\u00ebm politik e nd\u00ebrkomb\u00ebtar, do t\u00eb duhej t\u00eb vinte n\u00eb Shqip\u00ebri, p\u00ebr nj\u00eb fitim minimal, m\u00eb t\u00eb vog\u00ebl edhe se t\u00eb nj\u00eb pensionisti italian. N\u00eb vijim, pyetja m\u00eb e natyrshme \u00ebsht\u00eb-a \u00ebsht\u00eb real fitimi i deklaruar?<\/p>\n<p><strong>Lobisti D\u2019Alema<\/strong><\/p>\n<p>Massimo D\u2019Alema, tashm\u00eb 76 vje\u00e7ar, ka qen\u00eb nj\u00eb figur\u00eb qendrore e politik\u00ebs italiane nga fundi i viteve \u201990 deri n\u00eb fund t\u00eb dekad\u00ebs s\u00eb par\u00eb t\u00eb viteve 2000.<\/p>\n<p>Ai ishte lider i s\u00eb majt\u00ebs italiane, kur udh\u00ebhoqi qeverin\u00eb italiane n\u00eb vitet 1998-2000. M\u00eb pas, ai ishte zv.kryeminist\u00ebr e Minist\u00ebr i Jasht\u00ebm n\u00eb qeverin\u00eb e Romano Prodit, n\u00eb vitet 2006-2008.<\/p>\n<p>D\u2019Alema u largua nga politika aktive p\u00ebr t\u2019u shnd\u00ebrruar n\u00eb nj\u00eb ekspert dhe lobist i \u00e7\u00ebshtjeve nd\u00ebrkomb\u00ebtare. Zyra e tij qendrore, \u201cDL&amp;M advisor\u201d i ka siguruar t\u00eb ardhura t\u00eb shumta. Vet\u00ebm p\u00ebr vitin 2024, D\u2019Alema ka fituar mbi 1.5 milion\u00eb euro, sipas nj\u00eb raportimi t\u00eb gazet\u00ebs italiane \u201c<a href=\"https:\/\/www.ilgiornale.it\/news\/economia\/dalema-consulente-15-milioni-2489247.html\" target=\"_blank\" rel=\"noopener\">Il Giornale<\/a>\u201d.<\/p>\n<p>\u201c<em>Shoq\u00ebria ka si objekt \u201ckonsulenc\u00ebn n\u00eb fush\u00ebn e proceseve t\u00eb nd\u00ebrkomb\u00ebtarizimit\u201d t\u00eb tregjeve t\u00eb ndryshme t\u00eb huaja \u201cp\u00ebr k\u00ebrkimin dhe t\u00ebrheqjen e investimeve nga kompani private<\/em>\u201d, thuhet n\u00eb shkrimin e medias italiane, t\u00eb cituar nga \u201c<strong><em>Boldnews.al<\/em><\/strong>\u201d. \u201c<em>Nj\u00eb biznes fitimprur\u00ebs, duke qen\u00eb se bilanci i vitit 2024 \u00ebsht\u00eb mbyllur me 1.578.170 euro fitim, n\u00eb rritje krahasuar me 1.358.662 euro n\u00eb 2023 dhe sidomos me 393.807 euro t\u00eb v\u00ebna m\u00ebnjan\u00eb n\u00eb 2022<\/em>\u201d.<\/p>\n<p><strong><em>Rama: D\u2019Alema, \u201cmik pro-bono\u201d<\/em><\/strong><\/p>\n<p>Lobisti Massimo D\u2019Alema erdhi n\u00eb Shqip\u00ebri si \u201cmik\u201d i kryeministrit Edi Rama. \u201c<em>Kurr\u00eb nuk kam folur p\u00ebr tregti me Massimo D\u2019Aleman. Kam folur gjithnj\u00eb p\u00ebr politik\u00ebn, kam folur gjithnj\u00eb p\u00ebr Shqip\u00ebrin\u00eb, kam folur gjithnj\u00eb p\u00ebr\u2026 Pastaj, ai \u00ebsht\u00eb i lir\u00eb t\u00eb b\u00ebj\u00eb \u00e7far\u00eb t\u00eb doj\u00eb\u201d, deklaroi shefi i qeveris\u00eb shqiptare n\u00eb nj\u00eb mini-bised\u00eb me gazetar\u00ebt e emisionit \u201cReport\u201d t\u00eb Rai 3<\/em>\u201d, n\u00eb fillim t\u00eb vitit 2024.<\/p>\n<p>Rama e paraqiti D\u2019Alema-n si nj\u00eb \u201ck\u00ebshilltar pro-bono\u201d, i cili kishte d\u00ebshir\u00ebn e mir\u00eb p\u00ebr t\u00eb ndihmuar me ide falas kryeministrin shqiptar. D\u2019Alema nuk \u00ebsht\u00eb k\u00ebshilltari i par\u00eb \u201c<em>pro-bono<\/em>\u201d i Ram\u00ebs.<\/p>\n<figure id=\"attachment_1591754\" class=\"wp-caption alignnone\" aria-describedby=\"caption-attachment-1591754\"><img loading=\"lazy\" decoding=\"async\" class=\"size-full wp-image-1591754\" src=\"https:\/\/boldnews.al\/wp-content\/uploads\/2025\/08\/WhatsApp-Image-2025-08-23-at-10.31.21-AM-1.jpeg\" alt=\"\" width=\"606\" height=\"666\" data-pin-no-hover=\"true\" \/><figcaption id=\"caption-attachment-1591754\" class=\"wp-caption-text\"><em>N\u00eb foto: Kryeministri Edi Rama (i pari majtas) dhe ish-kryeministri italian, Massimo D\u2019Alema (i treti majtas)<\/em><\/figcaption><\/figure>\n<p>N\u00eb vitin 2014, ai prezantoi n\u00eb m\u00ebnyr\u00eb t\u00eb ngjashme edhe Tony Blair, ish-kryeministrin britanik, t\u00eb shnd\u00ebrruar n\u00eb lobist nd\u00ebrkomb\u00ebtar. Deri m\u00eb tani, nuk \u00ebsht\u00eb identifikuar asnj\u00eb pages\u00eb zyrtare e qeveris\u00eb shqiptare p\u00ebr Tony Blair. Por, studio \u201cOmnia Strategy\u201d e bashk\u00ebshortes s\u00eb tij, Cherie Blair, ka p\u00ebrfituar mbi 2 milion\u00eb euro p\u00ebr t\u00eb p\u00ebrfaq\u00ebsuar qeverin\u00eb shqiptare n\u00eb p\u00ebrballjen n\u00eb Arbitrazhin Nd\u00ebrkomb\u00ebtar me sip\u00ebrmarr\u00ebsin italian, Francesco Becchetti.<\/p>\n<p><strong>A \u00ebsht\u00eb \u201cpro-bono\u201d Massimo D\u2019Alema?<\/strong><\/p>\n<p>Nj\u00eb nga bashk\u00ebpun\u00ebtor\u00ebt m\u00eb t\u00eb ngusht\u00eb t\u00eb Edi Ram\u00ebs, ish-zv.kryeministri shqiptar, Arben Ahmetaj, n\u00eb arrati prej shum\u00eb muajsh, thot\u00eb \u201cJO\u201d. Ahmetaj, i cili ka mbajtur poste ky\u00e7e qeveritare, si minist\u00ebr i Ekonomis\u00eb dhe m\u00eb pas i Financave n\u00eb dy nga tre kabinetet qeveritare t\u00eb Ram\u00ebs, thot\u00eb se \u201c<em>Massimo D\u2019Alema lobon n\u00eb Shqip\u00ebri p\u00ebr kompani kriptovalutash<\/em>\u201d. D\u2019Alema e mohoi k\u00ebt\u00eb pretendim, sipas citimeve n\u00eb median italiane.<\/p>\n<figure id=\"attachment_1591759\" class=\"wp-caption alignnone\" aria-describedby=\"caption-attachment-1591759\"><img loading=\"lazy\" decoding=\"async\" class=\"size-medium wp-image-1591759\" src=\"https:\/\/boldnews.al\/wp-content\/uploads\/2025\/08\/WhatsApp-Image-2025-08-23-at-10.31.21-AM-2-640x383.jpeg\" sizes=\"auto, (max-width: 640px) 100vw, 640px\" srcset=\"https:\/\/boldnews.al\/wp-content\/uploads\/2025\/08\/WhatsApp-Image-2025-08-23-at-10.31.21-AM-2-640x383.jpeg 640w, https:\/\/boldnews.al\/wp-content\/uploads\/2025\/08\/WhatsApp-Image-2025-08-23-at-10.31.21-AM-2.jpeg 673w\" alt=\"\" width=\"640\" height=\"383\" data-pin-no-hover=\"true\" \/><figcaption id=\"caption-attachment-1591759\" class=\"wp-caption-text\"><em>N\u00eb foto: Ish-kryeministri Arben Ahmetaj, p\u00ebremendi Massimo D\u2019Aleman n\u00eb bised\u00eb me \u201cReport\u201d t\u00eb Rai 3<\/em><\/figcaption><\/figure>\n<p>Nd\u00ebrkoh\u00eb q\u00eb ende nuk ka asnj\u00eb informacion p\u00ebr aktivitetin e Massimo D\u2019Alema-s n\u00eb Shqip\u00ebri, \u201c<strong><em>Boldnews.al<\/em><\/strong>\u201d ka\u00a0<a href=\"https:\/\/boldnews.al\/2024\/06\/09\/perfaqesuesja-e-dalema-ne-tirane-drejton-kompanine-e-ndertuesit-te-resortit-ne\/\" target=\"_blank\" rel=\"noopener\">raportuar<\/a> m\u00eb her\u00ebt se administratorja e zyr\u00ebs s\u00eb tij n\u00eb Shqip\u00ebri, kontabilistja Majlinda Halo\u00e7i, rezulton nj\u00ebkoh\u00ebsisht drejtuese administrative e kompanis\u00eb s\u00eb nj\u00eb italiani, i cili ka marr\u00eb leje nga kryeministri Edi Rama p\u00ebr nd\u00ebrtimin e nj\u00eb resorti (fshati) turistik, n\u00eb bregdetin e Himar\u00ebs, n\u00eb Jug t\u00eb Shqip\u00ebris\u00eb.<\/p>\n<p>N\u00eb qershor t\u00eb vitit 2024, nj\u00eb portal informativ italian \u201c<a href=\"https:\/\/www.open.online\/2024\/06\/02\/massimo-d-alema-nuova-societa-tirana\/\" target=\"_blank\" rel=\"noopener\">open.online<\/a>\u201d, ngriti spekulimet se ish-kryeministri i Italis\u00eb, Massimo D\u2019Alema, \u00ebsht\u00eb pjes\u00eb e nj\u00eb grupi investitor\u00ebsh q\u00eb kan\u00eb p\u00ebrfituar nga shefi i qeveris\u00eb s\u00eb Tiran\u00ebs, Edi Rama, leje nd\u00ebrtimi p\u00ebr fshat turistik n\u00eb zon\u00ebn e Himar\u00ebs.<\/p>\n<p>Sipas \u201cz\u00ebrave q\u00eb qarkullojn\u00eb n\u00eb kryeqytetin shqiptar\u201d, si\u00e7 citohet n\u00eb sitin Italian, D\u2019Alema duket se po p\u00ebrdor nj\u00eb kompani konsulence t\u00eb regjistruar n\u00eb Tiran\u00eb n\u00eb janar t\u00eb vitit 2023, \u201cA&amp;I Albania\u201d, p\u00ebr t\u00eb avancuar interesat e tij financiare n\u00eb bot\u00ebn e nd\u00ebrtimit n\u00eb bregdetin shqiptar.<\/p>\n<p>Megjithat\u00eb, portali citon administratoren e kompanis\u00eb s\u00eb Massimo D\u2019Alema-s n\u00eb Shqip\u00ebri, kontabilisten Majlinda Halo\u00e7i, e cila i mohon k\u00ebto z\u00ebra.<\/p>\n<p>\u201c<em>N\u00eb pun\u00ebn time jam ndjer\u00eb gjithmon\u00eb shum\u00eb e af\u00ebrt me kompanit\u00eb italiane\u2026N\u00eb k\u00ebto kompani p\u00ebrfshihet edhe kompania A&amp;I Albania, n\u00eb t\u00eb cil\u00ebn konfirmoj se nuk kam asnj\u00eb p\u00ebrgjegj\u00ebsi p\u00ebr \u00e7\u00ebshtjen n\u00eb fjal\u00eb<\/em>\u201d, thot\u00eb ajo, lidhet me dyshimet e \u201cOpen.online\u201d p\u00ebr p\u00ebrfshirjen e ish-kryeministri Italian n\u00eb nj\u00eb projekt nd\u00ebrtimi.<\/p>\n<figure id=\"attachment_1591756\" class=\"wp-caption alignnone\" aria-describedby=\"caption-attachment-1591756\"><img loading=\"lazy\" decoding=\"async\" class=\"size-medium wp-image-1591756\" src=\"https:\/\/boldnews.al\/wp-content\/uploads\/2025\/08\/WhatsApp-Image-2025-08-23-at-10.31.20-AM-640x713.jpeg\" sizes=\"auto, (max-width: 640px) 100vw, 640px\" srcset=\"https:\/\/boldnews.al\/wp-content\/uploads\/2025\/08\/WhatsApp-Image-2025-08-23-at-10.31.20-AM-640x713.jpeg 640w, https:\/\/boldnews.al\/wp-content\/uploads\/2025\/08\/WhatsApp-Image-2025-08-23-at-10.31.20-AM.jpeg 739w\" alt=\"\" width=\"640\" height=\"713\" data-pin-no-hover=\"true\" \/><figcaption id=\"caption-attachment-1591756\" class=\"wp-caption-text\"><em>N\u00eb foto: Massimo D\u2019Alema hapi studion \u201cA&amp;I Albania\u201d n\u00eb janar 2024<\/em><\/figcaption><\/figure>\n<p>\u201c<strong><em>Boldnews.al<\/em><\/strong>\u201d avancoi k\u00ebrkimet mbi dokumenta zyrtare, p\u00ebr t\u00eb kuptuar m\u00eb shum\u00eb se nga mund t\u00eb ken\u00eb pasur burimin \u201cz\u00ebrat e p\u00ebrfshirjes s\u00eb D\u2019Alema-s n\u00eb projekte nd\u00ebrtimore\u201d.<\/p>\n<p>Bazuar n\u00eb dokumentat zyrtar\u00eb t\u00eb Qendr\u00ebs Komb\u00ebtare t\u00eb Biznesit (QKB), ekspertja Halo\u00e7i rezulton, nd\u00ebr t\u00eb tjera, administratore n\u00eb shoq\u00ebrin\u00eb \u201cGeosat Group\u201d, me aktivitet projektime e nd\u00ebrtime.<\/p>\n<p>Shoq\u00ebria \u00ebsht\u00eb krijuar n\u00eb vitin 2002 me ortak themelues sip\u00ebrmarr\u00ebsin Italian, Paride Boscheti. Nd\u00ebr vite, shoq\u00ebria ka ndryshuar aksioner\u00eb dhe, prej vitit 2014, Boschetti e zot\u00ebron at\u00eb 100 p\u00ebrqind.<\/p>\n<p>Gjithashtu, Paride Boschetti rezulton pronar me 100 p\u00ebrqind t\u00eb aksioneve n\u00eb shoq\u00ebrin\u00eb \u201cInvestment Group\u201d, ku \u00ebsht\u00eb edhe administrator i saj.<\/p>\n<p>N\u00eb 13 Shtator 2021, K\u00ebshilli i Rregullimit t\u00eb Territorit t\u00eb Republik\u00ebs s\u00eb Shqip\u00ebris\u00eb (KRRT), i drejtuar nga kryeministri Edi Rama, me vendimin nr.15, vendosi \u201cMiratimin me kusht t\u00eb Lejes s\u00eb Nd\u00ebrtimit p\u00ebr objektin: Kompleks Turistik Vila 2 Kat\u201d, Bashkia Himar\u00eb, me subjekt zhvillues shoq\u00ebrin\u00eb \u201cInvestment Group\u201d sh.p.k.\u201d.<\/p>\n<figure id=\"attachment_1591755\" class=\"wp-caption alignnone\" aria-describedby=\"caption-attachment-1591755\"><img loading=\"lazy\" decoding=\"async\" class=\"size-medium wp-image-1591755\" src=\"https:\/\/boldnews.al\/wp-content\/uploads\/2025\/08\/WhatsApp-Image-2025-08-23-at-10.31.21-AM-640x428.jpeg\" sizes=\"auto, (max-width: 640px) 100vw, 640px\" srcset=\"https:\/\/boldnews.al\/wp-content\/uploads\/2025\/08\/WhatsApp-Image-2025-08-23-at-10.31.21-AM-640x428.jpeg 640w, https:\/\/boldnews.al\/wp-content\/uploads\/2025\/08\/WhatsApp-Image-2025-08-23-at-10.31.21-AM.jpeg 714w\" alt=\"\" width=\"640\" height=\"428\" data-pin-no-hover=\"true\" \/><figcaption id=\"caption-attachment-1591755\" class=\"wp-caption-text\"><em>N\u00eb foto: Projekti p\u00ebr kompleksin turistik n\u00eb Himar\u00eb, me investitor \u201cInvestment Group\u201d t\u00eb Paride Boschetti-it<\/em><\/figcaption><\/figure>\n<p>Sipas lejes s\u00eb nd\u00ebrtimit, projektues i kompleksit t\u00eb vilave \u00ebsht\u00eb shoq\u00ebria tjet\u00ebr e Paride Boschetti-t, \u201cGeoSat Group\u201d, n\u00eb t\u00eb cil\u00ebn kontabilistja Majlida Halo\u00e7i \u00ebsht\u00eb administrator.<\/p>\n<p>N\u00eb 25 Prill 2024, KRRT n\u00ebn drejtimin e Ram\u00ebs, miratoi vendimin nr. 21, me objekt \u201cShtyrjen e afatit t\u00eb lejes s\u00eb nd\u00ebrtimit p\u00ebr objektin: Kompleks Turistik Vila 2 Kat\u201d, Bashkia Himar\u00eb, me subjekt zhvillues shoq\u00ebrin\u00eb \u201cInvestment Group\u201d sh.p.k.\u201d, miratuar me vendim nr. 15, dt 13.07.2021 t\u00eb KRRT\u201d.<\/p>\n<p>Duket se ky mund t\u00eb jet\u00eb projekti, p\u00ebr t\u00eb cilin portali italian \u201cOpen.online\u201d pretendon se \u201cka z\u00ebra n\u00eb Tiran\u00eb q\u00eb p\u00ebrfshijn\u00eb interesat e Massimo D\u2019Alema-s n\u00eb industrin\u00eb e nd\u00ebrtimit n\u00eb Shqip\u00ebri\u201d.<\/p>\n<p>Gjith\u00ebsesi, duhet theksuar se p\u00ebrfaq\u00ebsuesja e D\u2019Alema-s n\u00eb Shqip\u00ebri, Majlinda Halo\u00e7i, e mohoi nj\u00eb pretendim t\u00eb till\u00eb. Edhe zyrtarisht, zyra \u201cA&amp;I Albania\u201d e ish-kryeministrit Italian, nuk ka n\u00eb objektin e saj veprimtari nd\u00ebrtimore, por vet\u00ebm konsulenc\u00eb p\u00ebr investitor\u00eb t\u00eb huaj n\u00eb Shqip\u00ebri.<\/p>\n","protected":false},"excerpt":{"rendered":"<p>Nga Boldnews Massimo\u00a0D\u2019Alema mund t\u00eb konsiderohet si \u201cpensionisti\u201d m\u00eb i famsh\u00ebm i huaj n\u00eb Shqip\u00ebri. Ish-kryeministri italian, i shnd\u00ebrruar n\u00eb lobist nd\u00ebrkomb\u00ebtar, ka hapur prej fillimit t\u00eb vitit 2024 nj\u00eb studio konsulence tregtare n\u00eb Shqip\u00ebri. Zyra gjendet n\u00eb pik\u00ebn zero t\u00eb vendit, n\u00eb qend\u00ebr t\u00eb Tiran\u00ebs, n\u00eb \u201cPallatin e Kultur\u00ebs\u201d, nj\u00eb vend q\u00eb shum\u00eb pak &hellip;<\/p>\n","protected":false},"author":4,"featured_media":121603,"comment_status":"closed","ping_status":"closed","sticky":false,"template":"","format":"standard","meta":{"footnotes":""},"categories":[37],"tags":[],"class_list":["post-121602","post","type-post","status-publish","format-standard","has-post-thumbnail","","category-politike"],"_links":{"self":[{"href":"https:\/\/rdnews.al\/index.php\/wp-json\/wp\/v2\/posts\/121602","targetHints":{"allow":["GET"]}}],"collection":[{"href":"https:\/\/rdnews.al\/index.php\/wp-json\/wp\/v2\/posts"}],"about":[{"href":"https:\/\/rdnews.al\/index.php\/wp-json\/wp\/v2\/types\/post"}],"author":[{"embeddable":true,"href":"https:\/\/rdnews.al\/index.php\/wp-json\/wp\/v2\/users\/4"}],"replies":[{"embeddable":true,"href":"https:\/\/rdnews.al\/index.php\/wp-json\/wp\/v2\/comments?post=121602"}],"version-history":[{"count":2,"href":"https:\/\/rdnews.al\/index.php\/wp-json\/wp\/v2\/posts\/121602\/revisions"}],"predecessor-version":[{"id":121605,"href":"https:\/\/rdnews.al\/index.php\/wp-json\/wp\/v2\/posts\/121602\/revisions\/121605"}],"wp:featuredmedia":[{"embeddable":true,"href":"https:\/\/rdnews.al\/index.php\/wp-json\/wp\/v2\/media\/121603"}],"wp:attachment":[{"href":"https:\/\/rdnews.al\/index.php\/wp-json\/wp\/v2\/media?parent=121602"}],"wp:term":[{"taxonomy":"category","embeddable":true,"href":"https:\/\/rdnews.al\/index.php\/wp-json\/wp\/v2\/categories?post=121602"},{"taxonomy":"post_tag","embeddable":true,"href":"https:\/\/rdnews.al\/index.php\/wp-json\/wp\/v2\/tags?post=121602"}],"curies":[{"name":"wp","href":"https:\/\/api.w.org\/{rel}","templated":true}]}}