{"id":121606,"date":"2025-08-23T09:27:18","date_gmt":"2025-08-23T09:27:18","guid":{"rendered":"https:\/\/rdnews.al\/?p=121606"},"modified":"2025-08-23T09:27:18","modified_gmt":"2025-08-23T09:27:18","slug":"reali-i-vendos-cmimin-vinicius-150-milione-euro-per-largimin-e-tij","status":"publish","type":"post","link":"https:\/\/rdnews.al\/index.php\/2025\/08\/23\/reali-i-vendos-cmimin-vinicius-150-milione-euro-per-largimin-e-tij\/","title":{"rendered":"Reali i vendos \u00e7mimin Vinicius, 150 milion\u00eb euro p\u00ebr largimin e tij"},"content":{"rendered":"<p>Real Madrid ka befasuar tregun duke l\u00ebn\u00eb t\u00eb hapur mund\u00ebsin\u00eb e shitjes s\u00eb Vin\u00edcius J\u00fanior vitin e ardhsh\u00ebm, n\u00ebse rinovimi i tij nuk konfirmohet. Sipas Defensa Central, klubi do t\u00eb ishte i gatsh\u00ebm t\u00eb pranonte nj\u00eb ofert\u00eb prej 150 milion\u00eb eurosh, nj\u00eb shif\u00ebr q\u00eb do t\u00eb sh\u00ebnonte nj\u00eb pik\u00eb kthese n\u00eb marr\u00ebdh\u00ebnien mes lojtarit dhe klubit.<\/p>\n<p>Q\u00ebllimi fillestar i t\u00eb dyja pal\u00ebve \u00ebsht\u00eb zgjatja e kontrat\u00ebs, por negociatat nuk po ecin p\u00ebrpara. Brenda bordit ka ndjesin\u00eb se braziliani nuk e ka mbajtur fjal\u00ebn pas nj\u00eb marr\u00ebveshjeje verbale t\u00eb m\u00ebparshme. Shqet\u00ebsimi n\u00eb Bernab\u00e9u \u00ebsht\u00eb se deri n\u00eb ver\u00ebn e vitit 2026, sulmuesi mund t\u00eb ket\u00eb vet\u00ebm nj\u00eb vit kontrat\u00eb t\u00eb mbetur, gj\u00eb q\u00eb do t\u00eb ulte vler\u00ebn e tij n\u00eb treg dhe do ta detyronte klubin t\u00eb merrte vendime drastike.<\/p>\n<p>Precedenti i Mbapp\u00e9 n\u00eb vitin 2022 q\u00ebndron si hije mbi k\u00ebt\u00eb situat\u00eb. Klubi dyshon se braziliani mund t\u00eb synoj\u00eb t\u00eb b\u00ebhet lojtar i lir\u00eb deri n\u00eb vitin 2027 p\u00ebr t\u00eb zgjedhur destinacionin e tij dhe p\u00ebr t\u00eb siguruar nj\u00eb bonus firmosjeje, qoft\u00eb te vet\u00eb Madridi apo te ndonj\u00eb gjigant tjet\u00ebr evropian.<\/p>\n<p>Pasiguria kontraktuale p\u00ebrkon me nj\u00eb r\u00ebnie t\u00eb nivelit t\u00eb lojtarit. Nj\u00eb pjes\u00eb e tifoz\u00ebve jan\u00eb kritik\u00eb ndaj paraqitjeve t\u00eb tij n\u00eb muajt e fundit, duke theksuar se ai nuk \u00ebsht\u00eb m\u00eb lojtari vendimtar q\u00eb shk\u00eblqeu n\u00eb finalet e Champions-it dhe n\u00eb \u201cklasike\u201d. Disa tifoz\u00eb e krahasojn\u00eb at\u00eb me stabilitetin e Rodrit, fituesit aktual t\u00eb Topit t\u00eb Art\u00eb, konsistenca e t\u00eb cilit ka b\u00ebr\u00eb diferenc\u00ebn. Megjithat\u00eb, shumica ende e mb\u00ebshtet Vin\u00edcius, duke kujtuar se ai erdhi n\u00eb mosh\u00ebn 18-vje\u00e7are, p\u00ebrballoi kritikat dhe m\u00eb n\u00eb fund u vendos si nj\u00eb nga an\u00ebsor\u00ebt m\u00eb t\u00eb mir\u00eb n\u00eb bot\u00eb.<\/p>\n<p>Diskursi zyrtar n\u00eb Valdebebas \u00ebsht\u00eb se \u201casgj\u00eb nuk \u00ebsht\u00eb vendosur\u201d. Megjithat\u00eb, ata po p\u00ebrgatiten p\u00ebr t\u00eb gjitha skenar\u00ebt. N\u00ebse rinovimi nuk realizohet, klubi do t\u00eb ishte i gatsh\u00ebm ta shes\u00eb p\u00ebr 150 milion\u00eb, duke kuptuar se mbajtja e nj\u00eb lojtari me vet\u00ebm nj\u00eb vit kontrat\u00eb do t\u00eb ishte e rrezikshme. Nj\u00eb drejtues e p\u00ebrmblodhi situat\u00ebn n\u00eb deklaratat e mbledhura nga Defensa Central: \u201cPrioriteti \u00ebsht\u00eb q\u00eb Vin\u00edcius t\u00eb q\u00ebndroj\u00eb, por jo me \u00e7do \u00e7mim. Madridi gjithmon\u00eb e ka vendosur veten mbi lojtar\u00ebt, dhe kjo nuk do t\u00eb jet\u00eb p\u00ebrjashtim\u201d.<\/p>\n<p>Situata paraqet nj\u00eb dilem\u00eb t\u00eb v\u00ebrtet\u00eb p\u00ebr klubin dhe lojtarin. Tregu i transferimeve mund t\u00eb tronditet nga disponueshm\u00ebria e nj\u00eb lojtari t\u00eb k\u00ebtij kalibri, por ekziston edhe mund\u00ebsia p\u00ebr t\u00eb arritur nj\u00eb marr\u00ebveshje q\u00eb rikthen qet\u00ebsin\u00eb n\u00eb dhom\u00ebn e zhveshjes.<\/p>\n<p>N\u00eb mosh\u00ebn 25-vje\u00e7are, Vin\u00edcius J\u00fanior \u00ebsht\u00eb ende n\u00eb nj\u00eb faz\u00eb vendimtare t\u00eb karrier\u00ebs s\u00eb tij. Madrilen\u00ebt shpresojn\u00eb q\u00eb braziliani t\u00eb rikthej\u00eb form\u00ebn e tij m\u00eb t\u00eb mir\u00eb dhe t\u00eb l\u00ebr\u00eb m\u00ebnjan\u00eb dyshimet kontraktuale p\u00ebr t\u00eb qen\u00eb s\u00ebrish ai lojtari q\u00eb vendoste tituj me shpejt\u00ebsin\u00eb, teknik\u00ebn dhe karakterin e tij.<\/p>\n","protected":false},"excerpt":{"rendered":"<p>Real Madrid ka befasuar tregun duke l\u00ebn\u00eb t\u00eb hapur mund\u00ebsin\u00eb e shitjes s\u00eb Vin\u00edcius J\u00fanior vitin e ardhsh\u00ebm, n\u00ebse rinovimi i tij nuk konfirmohet. Sipas Defensa Central, klubi do t\u00eb ishte i gatsh\u00ebm t\u00eb pranonte nj\u00eb ofert\u00eb prej 150 milion\u00eb eurosh, nj\u00eb shif\u00ebr q\u00eb do t\u00eb sh\u00ebnonte nj\u00eb pik\u00eb kthese n\u00eb marr\u00ebdh\u00ebnien mes lojtarit dhe &hellip;<\/p>\n","protected":false},"author":4,"featured_media":121607,"comment_status":"closed","ping_status":"closed","sticky":false,"template":"","format":"standard","meta":{"footnotes":""},"categories":[39],"tags":[],"class_list":["post-121606","post","type-post","status-publish","format-standard","has-post-thumbnail","","category-sport"],"_links":{"self":[{"href":"https:\/\/rdnews.al\/index.php\/wp-json\/wp\/v2\/posts\/121606","targetHints":{"allow":["GET"]}}],"collection":[{"href":"https:\/\/rdnews.al\/index.php\/wp-json\/wp\/v2\/posts"}],"about":[{"href":"https:\/\/rdnews.al\/index.php\/wp-json\/wp\/v2\/types\/post"}],"author":[{"embeddable":true,"href":"https:\/\/rdnews.al\/index.php\/wp-json\/wp\/v2\/users\/4"}],"replies":[{"embeddable":true,"href":"https:\/\/rdnews.al\/index.php\/wp-json\/wp\/v2\/comments?post=121606"}],"version-history":[{"count":1,"href":"https:\/\/rdnews.al\/index.php\/wp-json\/wp\/v2\/posts\/121606\/revisions"}],"predecessor-version":[{"id":121608,"href":"https:\/\/rdnews.al\/index.php\/wp-json\/wp\/v2\/posts\/121606\/revisions\/121608"}],"wp:featuredmedia":[{"embeddable":true,"href":"https:\/\/rdnews.al\/index.php\/wp-json\/wp\/v2\/media\/121607"}],"wp:attachment":[{"href":"https:\/\/rdnews.al\/index.php\/wp-json\/wp\/v2\/media?parent=121606"}],"wp:term":[{"taxonomy":"category","embeddable":true,"href":"https:\/\/rdnews.al\/index.php\/wp-json\/wp\/v2\/categories?post=121606"},{"taxonomy":"post_tag","embeddable":true,"href":"https:\/\/rdnews.al\/index.php\/wp-json\/wp\/v2\/tags?post=121606"}],"curies":[{"name":"wp","href":"https:\/\/api.w.org\/{rel}","templated":true}]}}