{"id":121616,"date":"2025-08-23T10:16:58","date_gmt":"2025-08-23T10:16:58","guid":{"rendered":"https:\/\/rdnews.al\/?p=121616"},"modified":"2025-08-23T11:14:06","modified_gmt":"2025-08-23T11:14:06","slug":"doris-pack-ajo-qe-ndodhi-me-11-maj-eshte-nje-turp-zgjedhjet-u-manipuluan","status":"publish","type":"post","link":"https:\/\/rdnews.al\/index.php\/2025\/08\/23\/doris-pack-ajo-qe-ndodhi-me-11-maj-eshte-nje-turp-zgjedhjet-u-manipuluan\/","title":{"rendered":"Doris Pack: Ajo q\u00eb ndodhi me 11 maj \u00ebsht\u00eb nj\u00eb turp, zgjedhjet u manipuluan"},"content":{"rendered":"<p>Ish-eurodeputetja Doris Pack ka dh\u00ebn\u00eb nj\u00eb deklarat\u00eb t\u00eb fort\u00eb gjat\u00eb nj\u00eb interviste n\u00eb studion e News24, duke e cil\u00ebsuar procesin zgjedhor t\u00eb 11 majit si nj\u00eb \u201cturp\u201d p\u00ebr nj\u00eb vend q\u00eb synon integrimin n\u00eb Bashkimin Europian.<\/p>\n<p>Ajo theksoi se n\u00eb proces jan\u00eb p\u00ebrfshir\u00eb edhe grupe kriminale, \u00e7ka p\u00ebrb\u00ebn nj\u00eb precedent shum\u00eb t\u00eb rreziksh\u00ebm p\u00ebr demokracin\u00eb.<\/p>\n<p>Ish-eurodeputetja u b\u00ebri thirrje institucioneve nd\u00ebrkomb\u00ebtare q\u00eb t\u00eb trajtojn\u00eb me p\u00ebrgjegj\u00ebsi situat\u00ebn n\u00eb Shqip\u00ebri.<\/p>\n<div class=\"mobile_ad ad_bottom_space\"><ins id=\"revive-0-15\" data-revive-zoneid=\"489\" data-revive-id=\"865a9b17001ac752b0bc1ea1f790187c\" data-revive-seq=\"15\" data-revive-loaded=\"1\"><\/ins>Doris Pack: Grupet kriminale jan\u00eb p\u00ebrfshir\u00eb, di\u00e7ka q\u00eb nuk ka ndodhur n\u00eb vendet e tjera. \u00cbsht\u00eb nj\u00eb turp q\u00eb nj\u00eb gj\u00eb e till\u00eb ka ndodhur n\u00eb nj\u00eb vend q\u00eb aspiron t\u00eb jet\u00eb pjes\u00eb e BE. Shpresoj q\u00eb kjo do t\u00eb shihet n\u00eb raportin e komisionit, q\u00eb t\u00eb tregohet e v\u00ebrteta.<\/div>\n<div id=\"beacon_5f01af9611\"><img loading=\"lazy\" decoding=\"async\" src=\"https:\/\/ads.balkanweb.com\/www\/delivery\/lg.php?bannerid=0&amp;campaignid=0&amp;zoneid=629&amp;loc=https%3A%2F%2Fwww.balkanweb.com%2F11-maji-turp-per-nje-vend-qe-aspiron-te-jete-ne-be-doris-pack-ka-prova-dhe-video-per-manipulimin-e-procesit-u-perfshine-edhe-grupet-kriminale%2F&amp;referer=https%3A%2F%2Fwww.balkanweb.com%2F&amp;cb=5f01af9611\" alt=\"\" width=\"0\" height=\"0\" \/>Askush nuk mund t\u00eb mohoj\u00eb faktet, ka prova e video q\u00eb zgjedhjet jan\u00eb t\u00eb falsifikuara. I kam par\u00eb vet\u00eb faktet dhe mendoj se ODHIR duhet t\u2019i p\u00ebrmbahet gjetjeve dhe shpresoj shum\u00eb q\u00eb KE t\u2019i marr\u00eb k\u00ebto \u00e7\u00ebshtje seriozisht.<\/div>\n<p>&nbsp;<\/p>\n","protected":false},"excerpt":{"rendered":"<p>Ish-eurodeputetja Doris Pack ka dh\u00ebn\u00eb nj\u00eb deklarat\u00eb t\u00eb fort\u00eb gjat\u00eb nj\u00eb interviste n\u00eb studion e News24, duke e cil\u00ebsuar procesin zgjedhor t\u00eb 11 majit si nj\u00eb \u201cturp\u201d p\u00ebr nj\u00eb vend q\u00eb synon integrimin n\u00eb Bashkimin Europian. Ajo theksoi se n\u00eb proces jan\u00eb p\u00ebrfshir\u00eb edhe grupe kriminale, \u00e7ka p\u00ebrb\u00ebn nj\u00eb precedent shum\u00eb t\u00eb rreziksh\u00ebm p\u00ebr demokracin\u00eb. &hellip;<\/p>\n","protected":false},"author":3,"featured_media":5259,"comment_status":"closed","ping_status":"closed","sticky":false,"template":"","format":"standard","meta":{"footnotes":""},"categories":[40],"tags":[],"class_list":["post-121616","post","type-post","status-publish","format-standard","has-post-thumbnail","","category-aktualitet"],"_links":{"self":[{"href":"https:\/\/rdnews.al\/index.php\/wp-json\/wp\/v2\/posts\/121616","targetHints":{"allow":["GET"]}}],"collection":[{"href":"https:\/\/rdnews.al\/index.php\/wp-json\/wp\/v2\/posts"}],"about":[{"href":"https:\/\/rdnews.al\/index.php\/wp-json\/wp\/v2\/types\/post"}],"author":[{"embeddable":true,"href":"https:\/\/rdnews.al\/index.php\/wp-json\/wp\/v2\/users\/3"}],"replies":[{"embeddable":true,"href":"https:\/\/rdnews.al\/index.php\/wp-json\/wp\/v2\/comments?post=121616"}],"version-history":[{"count":1,"href":"https:\/\/rdnews.al\/index.php\/wp-json\/wp\/v2\/posts\/121616\/revisions"}],"predecessor-version":[{"id":121617,"href":"https:\/\/rdnews.al\/index.php\/wp-json\/wp\/v2\/posts\/121616\/revisions\/121617"}],"wp:featuredmedia":[{"embeddable":true,"href":"https:\/\/rdnews.al\/index.php\/wp-json\/wp\/v2\/media\/5259"}],"wp:attachment":[{"href":"https:\/\/rdnews.al\/index.php\/wp-json\/wp\/v2\/media?parent=121616"}],"wp:term":[{"taxonomy":"category","embeddable":true,"href":"https:\/\/rdnews.al\/index.php\/wp-json\/wp\/v2\/categories?post=121616"},{"taxonomy":"post_tag","embeddable":true,"href":"https:\/\/rdnews.al\/index.php\/wp-json\/wp\/v2\/tags?post=121616"}],"curies":[{"name":"wp","href":"https:\/\/api.w.org\/{rel}","templated":true}]}}