{"id":121624,"date":"2025-08-23T11:01:14","date_gmt":"2025-08-23T11:01:14","guid":{"rendered":"https:\/\/rdnews.al\/?p=121624"},"modified":"2025-08-23T11:01:14","modified_gmt":"2025-08-23T11:01:14","slug":"bashkia-e-tiranes-simbol-i-deshtimit-financiar-dhe-mungeses-se-transparences-vetem-20-e-investimeve-publike-te-realizuara","status":"publish","type":"post","link":"https:\/\/rdnews.al\/index.php\/2025\/08\/23\/bashkia-e-tiranes-simbol-i-deshtimit-financiar-dhe-mungeses-se-transparences-vetem-20-e-investimeve-publike-te-realizuara\/","title":{"rendered":"Bashkia e Tiran\u00ebs, simbol i d\u00ebshtimit financiar dhe munges\u00ebs s\u00eb transparenc\u00ebs! Vet\u00ebm 20% e investimeve publike t\u00eb realizuara"},"content":{"rendered":"<p><strong>Deklarata e n\u00ebnkryetarit t\u00eb K\u00ebshillit Bashkiak t\u00eb Tiran\u00ebs, Dorian Teliti:<br \/>\n<\/strong><\/p>\n<p>T\u00eb nderuar qytetar\u00eb,<\/p>\n<p>Tirana \u00ebsht\u00eb sot pasqyra m\u00eb e qart\u00eb e nj\u00eb qeverisjeje vendore t\u00eb degraduar, t\u00eb kapur nga interesa t\u00eb ngushta politike, ku p\u00ebrfaq\u00ebsimi \u00ebsht\u00eb z\u00ebvend\u00ebsuar nga em\u00ebrimi, dhe transparenca nga arroganca.<\/p>\n<p>Pasi d\u00ebshtuan me menaxhimin e territorit n\u00eb kryeqytet, duke lejuar q\u00ebllimisht nd\u00ebrtime pa leje dhe shkat\u00ebrrimin e hap\u00ebsirave publike, pasi braktis\u00ebn procesin e rind\u00ebrtimit dhe mashtruan qytetar\u00ebt me propagand\u00eb e premtime boshe, Bashkia e Tiran\u00ebs po p\u00ebrballet tani me nj\u00eb kriz\u00eb t\u00eb r\u00ebnd\u00eb t\u00eb qeverisjes s\u00eb saj financiare dhe buxhetore.<\/p>\n<p>Sipas t\u00eb dh\u00ebnave zyrtare t\u00eb vet\u00eb bashkis\u00eb p\u00ebr 7 muajt e par\u00eb t\u00eb vitit 2025, vihet re nj\u00eb shp\u00ebrdorim flagrant i taksave t\u00eb qytetar\u00ebve.<\/p>\n<p>13 milion\u00eb euro m\u00eb shum\u00eb jan\u00eb shpenzuar p\u00ebr paga dhe shpenzime operative, p\u00ebr t\u00eb mbajtur n\u00eb k\u00ebmb\u00eb nj\u00eb administrat\u00eb t\u00eb fryr\u00eb dhe politikisht t\u00eb kapur.<\/p>\n<p>Kjo administrat\u00eb \u00ebsht\u00eb rritur trefish n\u00eb 10 vitet e fundit, pa asnj\u00eb reflektim mbi eficienc\u00ebn apo nevoj\u00ebn p\u00ebr sh\u00ebrbim publik m\u00eb cil\u00ebsor.<\/p>\n<p>Nd\u00ebrkoh\u00eb, investimet publike, thelbi i \u00e7do qeverisjeje vendore q\u00eb funksionon n\u00eb sh\u00ebrbim t\u00eb komunitetit, jan\u00eb neglizhuar plot\u00ebsisht.<\/p>\n<p>N\u00eb k\u00ebt\u00eb 7-mujor vet\u00ebm 35 milion\u00eb euro investime jan\u00eb realizuar, q\u00eb p\u00ebrb\u00ebjn\u00eb vet\u00ebm 20% t\u00eb planifikimit p\u00ebr periudh\u00ebn janar-korrik, duke l\u00ebn\u00eb qytetar\u00ebt pa infrastruktur\u00eb, pa sh\u00ebrbime dhe pa zhvillim.<\/p>\n<p>Gjithashtu, t\u00eb shumta jan\u00eb programet kryesore buxhetore q\u00eb kan\u00eb realizime t\u00eb papranueshme. Konkretisht:<\/p>\n<p>Mbrojtja nga zjarri dhe mbrojtja civile 19% realizim<\/p>\n<p>Zhvillimi ekonomik vet\u00ebm 11%<\/p>\n<p>Sh\u00ebrbime bujq\u00ebsore dhe siguria ushqimore 34%<\/p>\n<p>Ujitja dhe kullimi 9%<\/p>\n<p>Rrjeti rrugor rural 18%<\/p>\n<p>Planifikimi urban 13%<\/p>\n<p>Strehimi 4%, strehimi social 5%<\/p>\n<p>Arsimi baz\u00eb dhe i mes\u00ebm 38%<\/p>\n<p>K\u00ebto shifra jan\u00eb tregues i qart\u00eb i nj\u00eb administrate q\u00eb nuk qeveris, jan\u00eb d\u00ebshmi e nj\u00eb pushteti vendor q\u00eb nuk ka as vizion, as vullnet, as legjitimitet p\u00ebr t\u00eb \u00e7uar p\u00ebrpara interesin publik.<\/p>\n<p>Tirana \u00ebsht\u00eb kthyer n\u00eb nj\u00eb qytet t\u00eb shpenzimeve luksoze p\u00ebr propagand\u00eb dhe evente me miliona euro, nd\u00ebrsa komunitetet n\u00eb periferi dhe zonat rurale vuajn\u00eb munges\u00ebn e ujit, t\u00eb kanalizimeve, t\u00eb ndri\u00e7imit publik dhe t\u00eb infrastruktur\u00ebs baz\u00eb, p\u00ebrfshir\u00eb at\u00eb arsimore.<\/p>\n<p>Partia Demokratike e konsideron k\u00ebt\u00eb situat\u00eb t\u00eb papranueshme dhe rikujton qytetar\u00ebt dhe institucionet se qeverisja pa vot\u00eb \u00ebsht\u00eb uzurpim, jo demokraci.<\/p>\n<p>Ndaj ne ritheksojm\u00eb k\u00ebrkes\u00ebn ton\u00eb t\u00eb qart\u00eb:<\/p>\n<p>zgjidhja e vetme p\u00ebr t\u00eb rikthyer normalitetin dhe funksionimin demokratik n\u00eb Bashkin\u00eb e Tiran\u00ebs \u00ebsht\u00eb mbajtja e zgjedhjeve t\u00eb parakohshme t\u00eb lira dhe.<\/p>\n<p>Pa zgjedhje te lira, nuk ka zgjidhje!<\/p>\n<p>Ju faleminderit!<\/p>\n","protected":false},"excerpt":{"rendered":"<p>Deklarata e n\u00ebnkryetarit t\u00eb K\u00ebshillit Bashkiak t\u00eb Tiran\u00ebs, Dorian Teliti: T\u00eb nderuar qytetar\u00eb, Tirana \u00ebsht\u00eb sot pasqyra m\u00eb e qart\u00eb e nj\u00eb qeverisjeje vendore t\u00eb degraduar, t\u00eb kapur nga interesa t\u00eb ngushta politike, ku p\u00ebrfaq\u00ebsimi \u00ebsht\u00eb z\u00ebvend\u00ebsuar nga em\u00ebrimi, dhe transparenca nga arroganca. Pasi d\u00ebshtuan me menaxhimin e territorit n\u00eb kryeqytet, duke lejuar q\u00ebllimisht nd\u00ebrtime &hellip;<\/p>\n","protected":false},"author":4,"featured_media":121625,"comment_status":"closed","ping_status":"closed","sticky":false,"template":"","format":"standard","meta":{"footnotes":""},"categories":[37],"tags":[],"class_list":["post-121624","post","type-post","status-publish","format-standard","has-post-thumbnail","","category-politike"],"_links":{"self":[{"href":"https:\/\/rdnews.al\/index.php\/wp-json\/wp\/v2\/posts\/121624","targetHints":{"allow":["GET"]}}],"collection":[{"href":"https:\/\/rdnews.al\/index.php\/wp-json\/wp\/v2\/posts"}],"about":[{"href":"https:\/\/rdnews.al\/index.php\/wp-json\/wp\/v2\/types\/post"}],"author":[{"embeddable":true,"href":"https:\/\/rdnews.al\/index.php\/wp-json\/wp\/v2\/users\/4"}],"replies":[{"embeddable":true,"href":"https:\/\/rdnews.al\/index.php\/wp-json\/wp\/v2\/comments?post=121624"}],"version-history":[{"count":1,"href":"https:\/\/rdnews.al\/index.php\/wp-json\/wp\/v2\/posts\/121624\/revisions"}],"predecessor-version":[{"id":121626,"href":"https:\/\/rdnews.al\/index.php\/wp-json\/wp\/v2\/posts\/121624\/revisions\/121626"}],"wp:featuredmedia":[{"embeddable":true,"href":"https:\/\/rdnews.al\/index.php\/wp-json\/wp\/v2\/media\/121625"}],"wp:attachment":[{"href":"https:\/\/rdnews.al\/index.php\/wp-json\/wp\/v2\/media?parent=121624"}],"wp:term":[{"taxonomy":"category","embeddable":true,"href":"https:\/\/rdnews.al\/index.php\/wp-json\/wp\/v2\/categories?post=121624"},{"taxonomy":"post_tag","embeddable":true,"href":"https:\/\/rdnews.al\/index.php\/wp-json\/wp\/v2\/tags?post=121624"}],"curies":[{"name":"wp","href":"https:\/\/api.w.org\/{rel}","templated":true}]}}