{"id":121636,"date":"2025-08-23T15:31:30","date_gmt":"2025-08-23T15:31:30","guid":{"rendered":"https:\/\/rdnews.al\/?p=121636"},"modified":"2025-08-25T08:04:48","modified_gmt":"2025-08-25T08:04:48","slug":"bardhi-vetem-ne-shtetet-mafioze-ndodhin-kercenime-gazetaresh","status":"publish","type":"post","link":"https:\/\/rdnews.al\/index.php\/2025\/08\/23\/bardhi-vetem-ne-shtetet-mafioze-ndodhin-kercenime-gazetaresh\/","title":{"rendered":"Bardhi: Vet\u00ebm n\u00eb shtetet mafioze ndodhin k\u00ebrc\u00ebnime gazetar\u00ebsh!"},"content":{"rendered":"<p>Deputeti i PD, Gazment Bardhi ka reaguar ndaj k\u00ebrc\u00ebnimit t\u00eb gazetarit Almer Toska nga biznesmeni Julian Morina, pas publikimit t\u00eb nj\u00eb investigimi n\u00eb portalin Timoni.al.<\/p>\n<p>Bardhi shkruan se, k\u00ebrc\u00ebnimet mafioze ndaj nj\u00eb gazetari p\u00ebr shkak t\u00eb pun\u00ebs s\u00eb tij, tregojn\u00eb se kemi t\u00eb b\u00ebjm\u00eb me nj\u00eb shtet mafioz.<\/p>\n<p>\u201cNj\u00eb shtet q\u00eb lejon k\u00ebrc\u00ebnimet mafioze ndaj nj\u00eb gazetari p\u00ebr shkak t\u00eb pun\u00ebs s\u00eb tij nuk \u00ebsht\u00eb as m\u00eb shum\u00eb dhe as m\u00eb pak por nj\u00eb shtet mafioz! D\u00ebnoj me forc\u00ebn m\u00eb t\u00eb madhe kanosjen e drejtp\u00ebrdrejt\u00eb ndaj gazetarit Almer Toska.<\/p>\n<p>I b\u00ebj thirrje urgjente prokuroris\u00eb t\u00eb veproj\u00eb n\u00eb mbrojtje t\u00eb t\u00eb drejtave t\u00eb gazetar\u00ebve, duke d\u00ebnuar me forc\u00eb k\u00ebt\u00eb akt dhe \u00e7do akt q\u00eb synon t\u00eb shuaj\u00eb z\u00ebrin e tyre. Gazetar\u00ebt duhet t\u00eb ndjehen t\u00eb lir\u00eb n\u00eb pun\u00ebn e tyre dhe askush nuk mund t\u00eb guxoj\u00eb t\u2019i shantazhoj\u00eb apo k\u00ebrc\u00ebnoj\u00eb\u201d, shkruan Bardhi.<\/p>\n","protected":false},"excerpt":{"rendered":"<p>Deputeti i PD, Gazment Bardhi ka reaguar ndaj k\u00ebrc\u00ebnimit t\u00eb gazetarit Almer Toska nga biznesmeni Julian Morina, pas publikimit t\u00eb nj\u00eb investigimi n\u00eb portalin Timoni.al. Bardhi shkruan se, k\u00ebrc\u00ebnimet mafioze ndaj nj\u00eb gazetari p\u00ebr shkak t\u00eb pun\u00ebs s\u00eb tij, tregojn\u00eb se kemi t\u00eb b\u00ebjm\u00eb me nj\u00eb shtet mafioz. \u201cNj\u00eb shtet q\u00eb lejon k\u00ebrc\u00ebnimet mafioze ndaj &hellip;<\/p>\n","protected":false},"author":4,"featured_media":90287,"comment_status":"closed","ping_status":"closed","sticky":false,"template":"","format":"standard","meta":{"footnotes":""},"categories":[37],"tags":[],"class_list":["post-121636","post","type-post","status-publish","format-standard","has-post-thumbnail","","category-politike"],"_links":{"self":[{"href":"https:\/\/rdnews.al\/index.php\/wp-json\/wp\/v2\/posts\/121636","targetHints":{"allow":["GET"]}}],"collection":[{"href":"https:\/\/rdnews.al\/index.php\/wp-json\/wp\/v2\/posts"}],"about":[{"href":"https:\/\/rdnews.al\/index.php\/wp-json\/wp\/v2\/types\/post"}],"author":[{"embeddable":true,"href":"https:\/\/rdnews.al\/index.php\/wp-json\/wp\/v2\/users\/4"}],"replies":[{"embeddable":true,"href":"https:\/\/rdnews.al\/index.php\/wp-json\/wp\/v2\/comments?post=121636"}],"version-history":[{"count":3,"href":"https:\/\/rdnews.al\/index.php\/wp-json\/wp\/v2\/posts\/121636\/revisions"}],"predecessor-version":[{"id":121668,"href":"https:\/\/rdnews.al\/index.php\/wp-json\/wp\/v2\/posts\/121636\/revisions\/121668"}],"wp:featuredmedia":[{"embeddable":true,"href":"https:\/\/rdnews.al\/index.php\/wp-json\/wp\/v2\/media\/90287"}],"wp:attachment":[{"href":"https:\/\/rdnews.al\/index.php\/wp-json\/wp\/v2\/media?parent=121636"}],"wp:term":[{"taxonomy":"category","embeddable":true,"href":"https:\/\/rdnews.al\/index.php\/wp-json\/wp\/v2\/categories?post=121636"},{"taxonomy":"post_tag","embeddable":true,"href":"https:\/\/rdnews.al\/index.php\/wp-json\/wp\/v2\/tags?post=121636"}],"curies":[{"name":"wp","href":"https:\/\/api.w.org\/{rel}","templated":true}]}}