{"id":121640,"date":"2025-08-23T17:59:24","date_gmt":"2025-08-23T17:59:24","guid":{"rendered":"https:\/\/rdnews.al\/?p=121640"},"modified":"2025-08-23T18:01:46","modified_gmt":"2025-08-23T18:01:46","slug":"berisha-i-shpreh-ngueshillime-familjes-per-ndarjen-nga-jeta-te-gazetarit-artur-zheji","status":"publish","type":"post","link":"https:\/\/rdnews.al\/index.php\/2025\/08\/23\/berisha-i-shpreh-ngueshillime-familjes-per-ndarjen-nga-jeta-te-gazetarit-artur-zheji\/","title":{"rendered":"Berisha i shpreh ngu\u00ebshillime familjes p\u00ebr ndarjen nga jeta t\u00eb gazetarit Artur Zheji"},"content":{"rendered":"<p>Kryetari i PD, Sali Berisha i ka shprehur ngush\u00ebllimet ngush\u00ebllimet m\u00eb t\u00eb ndjera familjes p\u00ebr ndarjen nga jeta t\u00eb gazetarit Artur Zheji.<\/p>\n<p>Berisha shkruan n\u00eb mesazhin e ngush\u00ebllimit se gazetari, analisti, botuesi, publicisti i mir\u00ebnjohur Artur Zheji mbylli syt\u00eb p\u00ebrgjithmon\u00eb papritmas dhe parakohe.<\/p>\n<p><strong>Homazh i ngush\u00ebllimit<\/strong><\/p>\n<p>Miq, gazetari, analisti, botuesi, publicisti i mir\u00ebnjohur Artur Zheji mbylli sot, papritmas dhe parakohe, syt\u00eb p\u00ebrgjithmon\u00eb.<\/p>\n<p>Duke shprehur ngush\u00ebllimet e mia m\u00eb t\u00eb ndjera familjes, miqve t\u00eb af\u00ebrmve, un\u00eb lutem s\u00eb bashku me ta q\u00eb shpirti i Arturit t\u00eb tyre t\u00eb dashur t\u00eb gjej\u00eb paqen e merituar. Amin.<\/p>\n","protected":false},"excerpt":{"rendered":"<p>Kryetari i PD, Sali Berisha i ka shprehur ngush\u00ebllimet ngush\u00ebllimet m\u00eb t\u00eb ndjera familjes p\u00ebr ndarjen nga jeta t\u00eb gazetarit Artur Zheji. Berisha shkruan n\u00eb mesazhin e ngush\u00ebllimit se gazetari, analisti, botuesi, publicisti i mir\u00ebnjohur Artur Zheji mbylli syt\u00eb p\u00ebrgjithmon\u00eb papritmas dhe parakohe. Homazh i ngush\u00ebllimit Miq, gazetari, analisti, botuesi, publicisti i mir\u00ebnjohur Artur Zheji &hellip;<\/p>\n","protected":false},"author":4,"featured_media":121643,"comment_status":"closed","ping_status":"closed","sticky":false,"template":"","format":"standard","meta":{"footnotes":""},"categories":[37],"tags":[],"class_list":["post-121640","post","type-post","status-publish","format-standard","has-post-thumbnail","","category-politike"],"_links":{"self":[{"href":"https:\/\/rdnews.al\/index.php\/wp-json\/wp\/v2\/posts\/121640","targetHints":{"allow":["GET"]}}],"collection":[{"href":"https:\/\/rdnews.al\/index.php\/wp-json\/wp\/v2\/posts"}],"about":[{"href":"https:\/\/rdnews.al\/index.php\/wp-json\/wp\/v2\/types\/post"}],"author":[{"embeddable":true,"href":"https:\/\/rdnews.al\/index.php\/wp-json\/wp\/v2\/users\/4"}],"replies":[{"embeddable":true,"href":"https:\/\/rdnews.al\/index.php\/wp-json\/wp\/v2\/comments?post=121640"}],"version-history":[{"count":1,"href":"https:\/\/rdnews.al\/index.php\/wp-json\/wp\/v2\/posts\/121640\/revisions"}],"predecessor-version":[{"id":121642,"href":"https:\/\/rdnews.al\/index.php\/wp-json\/wp\/v2\/posts\/121640\/revisions\/121642"}],"wp:featuredmedia":[{"embeddable":true,"href":"https:\/\/rdnews.al\/index.php\/wp-json\/wp\/v2\/media\/121643"}],"wp:attachment":[{"href":"https:\/\/rdnews.al\/index.php\/wp-json\/wp\/v2\/media?parent=121640"}],"wp:term":[{"taxonomy":"category","embeddable":true,"href":"https:\/\/rdnews.al\/index.php\/wp-json\/wp\/v2\/categories?post=121640"},{"taxonomy":"post_tag","embeddable":true,"href":"https:\/\/rdnews.al\/index.php\/wp-json\/wp\/v2\/tags?post=121640"}],"curies":[{"name":"wp","href":"https:\/\/api.w.org\/{rel}","templated":true}]}}