{"id":12169,"date":"2022-05-12T19:20:14","date_gmt":"2022-05-12T19:20:14","guid":{"rendered":"https:\/\/rdnews.al\/?p=12169"},"modified":"2022-05-12T19:21:38","modified_gmt":"2022-05-12T19:21:38","slug":"si-veshka-midis-padronit-supergrata-dhe-vellait-nongrata-berisha-i-pergjigjet-rames","status":"publish","type":"post","link":"https:\/\/rdnews.al\/index.php\/2022\/05\/12\/si-veshka-midis-padronit-supergrata-dhe-vellait-nongrata-berisha-i-pergjigjet-rames\/","title":{"rendered":"Si veshka midis padronit supergrata dhe v\u00ebllait nongrata! Berisha i p\u00ebrgjigjet Ram\u00ebs"},"content":{"rendered":"<p><strong>Njoftim shtypi<\/strong><\/p>\n<p>Lidhur me deklaraten e Edi Rames per refuzimin nga ana e tij dhe pseudomazhorances se tij te rezolutes per denimin e genocidit serb ne Bosnje, sqaroj sa vijon:<\/p>\n<p>Pretendimi i Edi Rames se paraqitja e rezolutes ishte e papritur eshte nje genjeshter e denje vetem per ate.<\/p>\n<p>Rezoluta per denimin e genocidit ne Bosnje eshte depozituar sipas te gjitha afateve kohore qe percakton rregullorja e Parlamentit, eshte shqyrtuar ne kryesine e parlamentit dhe eshte vendosur ti paraqitej sot seances plenare.<\/p>\n<p>Perfaqesuesit e PS, shumice ne kryesine e Parlamentit kane refuzuar ne kryesi dhe kane votuar me ndergjegje te nxire kunder rezolutes.<\/p>\n<p>Keshtu Edi Rama dhe grupi i tij parlamentar kane patur te gjithe kohen e mjaftueshme qe parashikon regullorja e parlamentit per shqyrtimin e kesaj rezolute, por kane vendosur ne nje akt \u00e7njerezor dhe antikombetar qe te votojne kunder saj me urdher te Aleksander Vu\u00e7i\u00e7. Kjo rezolute eshte miratuar ne Parlamentin Europian, Kongresin e SHBA.<\/p>\n<p>Shtojme ketu se me pare Edi Rama dhe grupi i tij parlamentar kane votuar me vetedije te plote kunder debatit me mocion per Ballkanin e Hapur dhe rezolutes se grupit parlamentar te PD per denimin e genocidit rus ne Ukraine. sb<\/p>\n<p><img decoding=\"async\" src=\"https:\/\/scontent.ftia5-1.fna.fbcdn.net\/v\/t39.30808-6\/280701673_563302475150859_973629551689397892_n.jpg?stp=dst-jpg_s960x960&amp;_nc_cat=109&amp;ccb=1-6&amp;_nc_sid=8bfeb9&amp;_nc_eui2=AeFJLXyxk9dqOlYVHZLnFJehQD-D5QFxZZVAP4PlAXFllc-bRfo3oqbzIxLdE1JtYUs&amp;_nc_ohc=hK0-c5v6htMAX-af_tJ&amp;_nc_ht=scontent.ftia5-1.fna&amp;oh=00_AT_bCHAYYpdFd4qcghStAx2fC0XmeiXQU1d_S4nPG6TQEA&amp;oe=6282FE5F\" alt=\"Mund t\u00eb jet\u00eb nj\u00eb imazh i 3 persona dhe teksti\" \/><\/p>\n","protected":false},"excerpt":{"rendered":"<p>Njoftim shtypi Lidhur me deklaraten e Edi Rames per refuzimin nga ana e tij dhe pseudomazhorances se tij te rezolutes per denimin e genocidit serb ne Bosnje, sqaroj sa vijon: Pretendimi i Edi Rames se paraqitja e rezolutes ishte e papritur eshte nje genjeshter e denje vetem per ate. Rezoluta per denimin e genocidit ne &hellip;<\/p>\n","protected":false},"author":4,"featured_media":0,"comment_status":"open","ping_status":"open","sticky":false,"template":"","format":"standard","meta":{"footnotes":""},"categories":[37],"tags":[],"class_list":["post-12169","post","type-post","status-publish","format-standard","","category-politike"],"_links":{"self":[{"href":"https:\/\/rdnews.al\/index.php\/wp-json\/wp\/v2\/posts\/12169","targetHints":{"allow":["GET"]}}],"collection":[{"href":"https:\/\/rdnews.al\/index.php\/wp-json\/wp\/v2\/posts"}],"about":[{"href":"https:\/\/rdnews.al\/index.php\/wp-json\/wp\/v2\/types\/post"}],"author":[{"embeddable":true,"href":"https:\/\/rdnews.al\/index.php\/wp-json\/wp\/v2\/users\/4"}],"replies":[{"embeddable":true,"href":"https:\/\/rdnews.al\/index.php\/wp-json\/wp\/v2\/comments?post=12169"}],"version-history":[{"count":0,"href":"https:\/\/rdnews.al\/index.php\/wp-json\/wp\/v2\/posts\/12169\/revisions"}],"wp:attachment":[{"href":"https:\/\/rdnews.al\/index.php\/wp-json\/wp\/v2\/media?parent=12169"}],"wp:term":[{"taxonomy":"category","embeddable":true,"href":"https:\/\/rdnews.al\/index.php\/wp-json\/wp\/v2\/categories?post=12169"},{"taxonomy":"post_tag","embeddable":true,"href":"https:\/\/rdnews.al\/index.php\/wp-json\/wp\/v2\/tags?post=12169"}],"curies":[{"name":"wp","href":"https:\/\/api.w.org\/{rel}","templated":true}]}}