{"id":121691,"date":"2025-08-25T10:13:59","date_gmt":"2025-08-25T10:13:59","guid":{"rendered":"https:\/\/rdnews.al\/?p=121691"},"modified":"2025-08-25T10:19:57","modified_gmt":"2025-08-25T10:19:57","slug":"berisha-homazhe-per-gazetarin-artur-zheji-ishte-nje-ze-me-vete-ne-analizat-e-tij","status":"publish","type":"post","link":"https:\/\/rdnews.al\/index.php\/2025\/08\/25\/berisha-homazhe-per-gazetarin-artur-zheji-ishte-nje-ze-me-vete-ne-analizat-e-tij\/","title":{"rendered":"Berisha homazhe p\u00ebr gazetarin: Artur Zheji ishte nj\u00eb z\u00eb m\u00eb vete n\u00eb analizat e tij!"},"content":{"rendered":"<p>Kryetari i Partis\u00eb Demokratike, Sali Berisha, zhvilloi homazhe n\u00eb nder t\u00eb gazetarit dhe publicistin Artur Zheji.<\/p>\n<p>Gjat\u00eb mesazhit t\u00eb tij, kryedemokrati Sali Berisha u shpreh q\u00eb shpirti i Artur Zhejit t\u00eb gjej\u00eb paqen e merituar dhe e p\u00ebrshkroi at\u00eb si nj\u00eb z\u00eb m\u00eb vete n\u00eb analizat e tij.<\/p>\n<figure class=\"wp-block-image size-large\"><img loading=\"lazy\" decoding=\"async\" class=\"wp-image-23219\" src=\"https:\/\/pd.al\/wp-content\/uploads\/2025\/08\/WhatsApp-Image-2025-08-25-at-12.00.01-1024x683.jpeg\" sizes=\"auto, (max-width: 1024px) 100vw, 1024px\" srcset=\"https:\/\/pd.al\/wp-content\/uploads\/2025\/08\/WhatsApp-Image-2025-08-25-at-12.00.01-1024x683.jpeg 1024w, https:\/\/pd.al\/wp-content\/uploads\/2025\/08\/WhatsApp-Image-2025-08-25-at-12.00.01-300x200.jpeg 300w, https:\/\/pd.al\/wp-content\/uploads\/2025\/08\/WhatsApp-Image-2025-08-25-at-12.00.01-768x512.jpeg 768w, https:\/\/pd.al\/wp-content\/uploads\/2025\/08\/WhatsApp-Image-2025-08-25-at-12.00.01-1536x1024.jpeg 1536w, https:\/\/pd.al\/wp-content\/uploads\/2025\/08\/WhatsApp-Image-2025-08-25-at-12.00.01-2048x1365.jpeg 2048w\" alt=\"\" width=\"1024\" height=\"683\" \/><\/figure>\n<p><em>\u2018Erdha t\u00eb shpreh ngush\u00ebllimet m\u00eb t\u00eb ndjera dhe nderimin tim t\u00eb thell\u00eb p\u00ebr Artur Zhejin, nj\u00eb personalitet i mir\u00ebnjohur i gazetaris\u00eb me nj\u00eb eksperienc\u00eb t\u00eb gjat\u00eb, i analiz\u00ebs, publicistik\u00ebs, botimeve.<\/em><\/p>\n<p><em>Artur Zheji ishte nj\u00eb z\u00eb n\u00eb vete n\u00eb analizat e tij, n\u00eb t\u00eb cilat edhe po t\u00eb mos ishe dakord me pik\u00ebpamjen, m\u00ebnyr\u00ebn civile t\u00eb servirjes dhe t\u00eb shtruar t\u00eb mbrojtjes q\u00eb ai b\u00ebnte, do ta respektoje patjet\u00ebr.<\/em><\/p>\n<p><em>Me k\u00ebt\u00eb rast shpreh ngush\u00ebllimet m\u00eb t\u00eb ndjera familjes s\u00eb tij t\u00eb nderuar, miqve, shok\u00ebve dhe lutem s\u00eb bashku me ta q\u00eb shpirti i tij, shpirti i Artur Zhejit t\u00eb gjej\u00eb paqen e merituar\u2019, tha kryetari i PD-s\u00eb, Sali Berisha gjat\u00eb mesazhit t\u00eb tij.<\/em><\/p>\n","protected":false},"excerpt":{"rendered":"<p>Kryetari i Partis\u00eb Demokratike, Sali Berisha, zhvilloi homazhe n\u00eb nder t\u00eb gazetarit dhe publicistin Artur Zheji. Gjat\u00eb mesazhit t\u00eb tij, kryedemokrati Sali Berisha u shpreh q\u00eb shpirti i Artur Zhejit t\u00eb gjej\u00eb paqen e merituar dhe e p\u00ebrshkroi at\u00eb si nj\u00eb z\u00eb m\u00eb vete n\u00eb analizat e tij. \u2018Erdha t\u00eb shpreh ngush\u00ebllimet m\u00eb t\u00eb ndjera &hellip;<\/p>\n","protected":false},"author":4,"featured_media":121696,"comment_status":"closed","ping_status":"closed","sticky":false,"template":"","format":"standard","meta":{"footnotes":""},"categories":[37],"tags":[],"class_list":["post-121691","post","type-post","status-publish","format-standard","has-post-thumbnail","","category-politike"],"_links":{"self":[{"href":"https:\/\/rdnews.al\/index.php\/wp-json\/wp\/v2\/posts\/121691","targetHints":{"allow":["GET"]}}],"collection":[{"href":"https:\/\/rdnews.al\/index.php\/wp-json\/wp\/v2\/posts"}],"about":[{"href":"https:\/\/rdnews.al\/index.php\/wp-json\/wp\/v2\/types\/post"}],"author":[{"embeddable":true,"href":"https:\/\/rdnews.al\/index.php\/wp-json\/wp\/v2\/users\/4"}],"replies":[{"embeddable":true,"href":"https:\/\/rdnews.al\/index.php\/wp-json\/wp\/v2\/comments?post=121691"}],"version-history":[{"count":3,"href":"https:\/\/rdnews.al\/index.php\/wp-json\/wp\/v2\/posts\/121691\/revisions"}],"predecessor-version":[{"id":121697,"href":"https:\/\/rdnews.al\/index.php\/wp-json\/wp\/v2\/posts\/121691\/revisions\/121697"}],"wp:featuredmedia":[{"embeddable":true,"href":"https:\/\/rdnews.al\/index.php\/wp-json\/wp\/v2\/media\/121696"}],"wp:attachment":[{"href":"https:\/\/rdnews.al\/index.php\/wp-json\/wp\/v2\/media?parent=121691"}],"wp:term":[{"taxonomy":"category","embeddable":true,"href":"https:\/\/rdnews.al\/index.php\/wp-json\/wp\/v2\/categories?post=121691"},{"taxonomy":"post_tag","embeddable":true,"href":"https:\/\/rdnews.al\/index.php\/wp-json\/wp\/v2\/tags?post=121691"}],"curies":[{"name":"wp","href":"https:\/\/api.w.org\/{rel}","templated":true}]}}