{"id":12173,"date":"2022-05-12T19:25:45","date_gmt":"2022-05-12T19:25:45","guid":{"rendered":"https:\/\/rdnews.al\/?p=12173"},"modified":"2022-05-12T19:25:45","modified_gmt":"2022-05-12T19:25:45","slug":"srebrenica-nje-gur-ne-qafen-e-edi-rames","status":"publish","type":"post","link":"https:\/\/rdnews.al\/index.php\/2022\/05\/12\/srebrenica-nje-gur-ne-qafen-e-edi-rames\/","title":{"rendered":"Srebrenica &#8211; nj\u00eb gur n\u00eb qaf\u00ebn e Edi Ram\u00ebs?!"},"content":{"rendered":"<p><strong>Enver Byty\u00e7i<\/strong><\/p>\n<p>Sot parlamenti shqiptar, sakt\u00ebsisht mazhoranca e komanduar nga kryeministri i vendit, Edi Rama, hodhi posht\u00eb nj\u00eb rezolut\u00eb t\u00eb sponsorizuar nga opozita e Sali Berish\u00ebs p\u00ebr t\u00eb d\u00ebnuar masakr\u00ebn e Srebrenic\u00ebs dhe p\u00ebr ta cil\u00ebsuar at\u00eb si genocid. Kjo masak\u00ebr \u00ebsht\u00eb njohur si e till\u00eb nga dhjet\u00ebra parlamente t\u00eb vendeve europiane, por edhe n\u00eb rajon. Ajo \u00ebsht\u00eb cil\u00ebsuar si genocid me vendim t\u00eb Gjykat\u00ebs Nd\u00ebrkomb\u00ebtare p\u00ebr Krimet n\u00eb ish-Jugosllavi. Por Edi Rama refuzoi ta pranoj\u00eb k\u00ebt\u00eb fakt. Refuzoi q\u00eb masakrimi i mbi 8000 musliman\u00ebve n\u00eb harkun kohor t\u00eb 48 or\u00ebve n\u00eb korrik t\u00eb vitit 1995 n\u00eb Srebrenic\u00eb t\u00eb quhej genocid.<\/p>\n<p>Jo rast\u00ebsisht ky q\u00ebndrim anti-human dhe pro-dhun\u00ebs e krimeve serbe i Edi Ram\u00ebs u shpreh vet\u00ebm pak or\u00eb pasi ai darkoi me shum\u00eb entusiaz\u00ebm n\u00eb Bruksel n\u00eb krah t\u00eb presidentit t\u00eb Serbis\u00eb, Aleksand\u00ebr Vu\u00e7i\u00e7 dhe p\u00ebrfaq\u00ebsuesit t\u00eb presidenc\u00ebs boshnjake, liderit t\u00eb serb\u00ebve t\u00eb Bosnj\u00ebs, Dodik. Vu\u00e7i\u00e7 dhe Dodik e kan\u00eb refuzuar sistematikisht d\u00ebnimin e k\u00ebsaj masakre. T\u00eb nj\u00ebjt\u00ebn gj\u00eb b\u00ebri sot Edi Rama dhe mazhoranca e tij parlamentare. Madje kjo mazhoranc\u00eb e \u00e7mendur nuk reshti t\u00eb sulmoj\u00eb opozit\u00ebn dhe liderin e saj Berisha me akuza p\u00ebrtej k\u00ebrkes\u00ebs p\u00ebr t\u00eb d\u00ebnuar masakr\u00ebn e Srebrenic\u00ebs.<\/p>\n<p>Nga diskutimet dhe debati n\u00eb sall\u00ebn e parlamentit doli shum\u00eb qart\u00eb se kreu i mazhoranc\u00ebs, si dhe sejmen\u00ebt e tij n\u00eb sall\u00ebn e parlamentit jan\u00eb m\u00eb agresiv dhe urrejn\u00eb m\u00eb shum\u00eb opozit\u00ebn n\u00eb Shqip\u00ebri, sesa krimet serbe n\u00eb Bosnj\u00eb, n\u00eb Kosov\u00eb dhe n\u00eb Kroaci. Ata ishin t\u00eb gatsh\u00ebm t\u00eb d\u00ebnonin \u00e7do opozitar dhe kreun e opozitar\u00ebve, por jo edhe krimet e Aleksand\u00ebr Vuciq e t\u00eb Milorad Dodik kund\u00ebr musliman\u00ebve n\u00eb Bosnj\u00eb-Hercegovin\u00eb e sidomos n\u00eb Srebrenic\u00eb dhe Sarajev\u00eb, ku kan\u00eb humbur jet\u00ebn rreth 25 mij\u00eb njer\u00ebz t\u00eb pafajsh\u00ebm.<\/p>\n<p>Duke mbrojtur masakr\u00ebn serbe n\u00eb Srebrenic\u00eb Edi Rama praktikisht mori n\u00eb mbrojtje kriminel\u00ebt e luft\u00ebs, Ratko Mlladi\u00e7 dhe Radovan Karaxhi\u00e7, dy p\u00ebrgjegj\u00ebsit kryesor\u00eb t\u00eb k\u00ebtij genocidi, t\u00eb d\u00ebnuar tashm\u00eb me burgim t\u00eb p\u00ebrjetsh\u00ebm n\u00eb Gjykat\u00ebn e Hag\u00ebs. P\u00ebr kryeministrin shqiptar masakrat dhe krimet kund\u00ebr njer\u00ebzimit q\u00eb Serbia ka kryer n\u00eb Ballkan, p\u00ebrfshir\u00eb edhe ato n\u00eb Kosov\u00eb, jan\u00eb thjesht nj\u00eb &#8220;rr\u00ebmuj\u00eb&#8221; e rastit dhe e kryeneq\u00ebsis\u00eb s\u00eb nj\u00eb individi, Sllobodan Miloshevi\u00e7it, por jo edhe akte \u00e7&#8217;njer\u00ebzore t\u00eb krahasueshme me genocidin e nazizmit!<\/p>\n<p>N\u00eb fakt Edi Rama po mbron me stoiciz\u00ebm mikun dhe v\u00ebllain e tij, president t\u00eb Serbis\u00eb, i cili \u00ebsht\u00eb nj\u00eb nga autor\u00ebt dhe frym\u00ebzuesit kryesor\u00eb t\u00eb k\u00ebtyre masakrave. N\u00eb koh\u00ebn kur ndodhi Srebrenica Vu\u00e7i\u00e7 deklarohej se &#8220;serb\u00ebt do t\u00eb vrasin 100 musliman\u00eb p\u00ebr nj\u00eb serb q\u00eb ata mund t\u00eb vrisnin&#8221;! Esht\u00eb e mjaftueshme kjo deklarat\u00eb e kreut t\u00eb sot\u00ebm t\u00eb shtetit serb, q\u00eb ai t\u00eb ishte para nj\u00eb toge gjyqtar\u00ebsh nd\u00ebrkomb\u00ebtar\u00eb p\u00ebr t&#8217;u p\u00ebrgjigjur p\u00ebr krime kund\u00ebr njer\u00ebzimit. Dhe pik\u00ebrisht p\u00ebr k\u00ebt\u00eb arsye kreu i ekzekutivit t\u00eb Shqip\u00ebris\u00eb nxiton t&#8217;i b\u00ebj\u00eb paraprit\u00eb akuzave kund\u00ebr shefit t\u00eb shtetit serb.<\/p>\n<p>Nd\u00ebrkaq duhet th\u00ebn\u00eb se nga nj\u00eb parlament i populluar me trafikant\u00eb, hajdut\u00eb dhe kriminel\u00eb n\u00eb fush\u00ebn e pastrimit t\u00eb parave nuk pritej di\u00e7ka ndryshe. Ky parlament me p\u00ebrfaq\u00ebsues t\u00eb shumt\u00eb t\u00eb organizat\u00ebs kriminale n\u00eb pushtet, nuk mund t\u00eb votoj\u00eb d\u00ebnimin dhe nd\u00ebshkimin e krimeve kund\u00ebr njer\u00ebzimit! Vota e Edi Ram\u00ebs, Taulant Ball\u00ebs, Damian Gjiknurit, Arben Ahmetajt, e t\u00eb nj\u00ebjt\u00ebve t\u00eb tjer\u00eb n\u00eb at\u00eb sall\u00eb nuk pritet t\u00eb shkoj\u00eb n\u00eb favor t\u00eb viktimave t\u00eb krimit shtet\u00ebror serb, por n\u00eb mbrojtje t\u00eb agresor\u00ebve dhe kriminel\u00ebve serb\u00eb q\u00eb i kan\u00eb shkaktuar ato viktima. Kriminel\u00ebt nuk votojn\u00eb kund\u00ebr kriminel\u00ebve!<\/p>\n<p>Vota e sotme kund\u00ebr rezolut\u00ebs q\u00eb d\u00ebnon genocidin serb n\u00eb Srebrenic\u00eb \u00ebsht\u00eb paralajm\u00ebrim i nj\u00eb vote tjet\u00ebr kund\u00ebr nga ana e mazhoranc\u00ebs s\u00eb Edi Ram\u00ebs n\u00eb parlamentin shqiptar p\u00ebr nj\u00eb rezolut\u00eb tjet\u00ebr q\u00eb do t\u00eb paraqitet aty p\u00ebr t\u00eb d\u00ebnuar genicidin serb n\u00eb Kosov\u00eb! Pas dy ose tri jav\u00ebsh n\u00eb at\u00eb sall\u00eb do t\u00eb ket\u00eb edhe nj\u00eb rezolut\u00eb p\u00ebr Kosov\u00ebn. Por edhe n\u00eb k\u00ebt\u00eb rast garda mbrojt\u00ebse e Beogradit do t\u00eb sulmoj\u00eb opozit\u00ebn dhe Sali Berish\u00ebn, n\u00eb vend q\u00eb t\u00eb d\u00ebnoj\u00eb krimet kund\u00ebr njer\u00ebzimit q\u00eb Serbia ka kryer n\u00eb Kosov\u00eb.<\/p>\n<p>Edi Rama \u00ebsht\u00eb i gatsh\u00ebm t\u00eb p\u00ebrballet e ta sulmoj\u00eb edhe George Sorosin, n\u00ebse ky i del kund\u00ebr, por jo edhe Serbin\u00eb. Sepse po d\u00ebnoi Serbin\u00eb, at\u00ebher\u00eb atij do t&#8217;i duhet t\u00eb p\u00ebrballet me zem\u00ebrimin e Aleksand\u00ebr Vu\u00e7i\u00e7. Dhe kjo do t\u00eb thot\u00eb m\u00eb pas t\u00eb zbulohen aferat politike e jo politike midis tyre. Ndaj dhe akti i sot\u00ebm i paprecedent\u00eb i refuzimit t\u00eb Srebrenic\u00ebs duhet lexuar si akt bashk\u00ebpunimi dhe pengmarrjeje t\u00eb kryeministrit t\u00eb Shqip\u00ebris\u00eb nga ana e Beogradit!<\/p>\n","protected":false},"excerpt":{"rendered":"<p>Enver Byty\u00e7i Sot parlamenti shqiptar, sakt\u00ebsisht mazhoranca e komanduar nga kryeministri i vendit, Edi Rama, hodhi posht\u00eb nj\u00eb rezolut\u00eb t\u00eb sponsorizuar nga opozita e Sali Berish\u00ebs p\u00ebr t\u00eb d\u00ebnuar masakr\u00ebn e Srebrenic\u00ebs dhe p\u00ebr ta cil\u00ebsuar at\u00eb si genocid. Kjo masak\u00ebr \u00ebsht\u00eb njohur si e till\u00eb nga dhjet\u00ebra parlamente t\u00eb vendeve europiane, por edhe n\u00eb &hellip;<\/p>\n","protected":false},"author":4,"featured_media":0,"comment_status":"open","ping_status":"open","sticky":false,"template":"","format":"standard","meta":{"footnotes":""},"categories":[44],"tags":[],"class_list":["post-12173","post","type-post","status-publish","format-standard","","category-editorial"],"_links":{"self":[{"href":"https:\/\/rdnews.al\/index.php\/wp-json\/wp\/v2\/posts\/12173","targetHints":{"allow":["GET"]}}],"collection":[{"href":"https:\/\/rdnews.al\/index.php\/wp-json\/wp\/v2\/posts"}],"about":[{"href":"https:\/\/rdnews.al\/index.php\/wp-json\/wp\/v2\/types\/post"}],"author":[{"embeddable":true,"href":"https:\/\/rdnews.al\/index.php\/wp-json\/wp\/v2\/users\/4"}],"replies":[{"embeddable":true,"href":"https:\/\/rdnews.al\/index.php\/wp-json\/wp\/v2\/comments?post=12173"}],"version-history":[{"count":0,"href":"https:\/\/rdnews.al\/index.php\/wp-json\/wp\/v2\/posts\/12173\/revisions"}],"wp:attachment":[{"href":"https:\/\/rdnews.al\/index.php\/wp-json\/wp\/v2\/media?parent=12173"}],"wp:term":[{"taxonomy":"category","embeddable":true,"href":"https:\/\/rdnews.al\/index.php\/wp-json\/wp\/v2\/categories?post=12173"},{"taxonomy":"post_tag","embeddable":true,"href":"https:\/\/rdnews.al\/index.php\/wp-json\/wp\/v2\/tags?post=12173"}],"curies":[{"name":"wp","href":"https:\/\/api.w.org\/{rel}","templated":true}]}}