{"id":121730,"date":"2025-08-25T12:08:48","date_gmt":"2025-08-25T12:08:48","guid":{"rendered":"https:\/\/rdnews.al\/?p=121730"},"modified":"2025-08-25T12:08:48","modified_gmt":"2025-08-25T12:08:48","slug":"te-njohesh-keto-zgjedhje-do-te-thote-te-behesh-bashkeautor-ne-krimin-me-te-madh-elektoral-te-shqiperise-pas-1946","status":"publish","type":"post","link":"https:\/\/rdnews.al\/index.php\/2025\/08\/25\/te-njohesh-keto-zgjedhje-do-te-thote-te-behesh-bashkeautor-ne-krimin-me-te-madh-elektoral-te-shqiperise-pas-1946\/","title":{"rendered":"T\u00eb njoh\u00ebsh k\u00ebto zgjedhje do t\u00eb thot\u00eb t\u00eb b\u00ebhesh bashk\u00ebautor n\u00eb krimin m\u00eb t\u00eb madh elektoral t\u00eb Shqip\u00ebris\u00eb, pas 1946!"},"content":{"rendered":"<p>Kryetari i PD, Sali Berisha tha gjat\u00eb konferenc\u00ebs p\u00ebr shtyp se, zgjedhjet e fundit p\u00ebrfaq\u00ebsojn\u00eb krimin m\u00eb t\u00eb madh elektoral n\u00eb historin\u00eb e Shqip\u00ebris\u00eb pas vitit 1946. Ai i cil\u00ebsoi zgjedhjet nj\u00eb fars\u00eb t\u00eb orkestruar nga qeveria dhe administrata publike n\u00eb sh\u00ebrbim t\u00eb Partis\u00eb Socialiste.<\/p>\n<p>Berisha deklaroi se, Partia Demokratike nuk do t\u2019i njoh\u00eb kurr\u00eb k\u00ebto zgjedhje dhe paralajm\u00ebroi nj\u00eb betej\u00eb pa kompromis n\u00eb mbrojtje t\u00eb vot\u00ebs s\u00eb lir\u00eb.<\/p>\n<p>\u201cPo afrohet momenti kur, PD do t\u00eb marr\u00eb vendimet p\u00ebrkat\u00ebse.<\/p>\n<p>Nj\u00eb gj\u00eb \u00ebsht\u00eb e sigurt q\u00eb, PD k\u00ebto zgjedhje nuk do t\u2019i njoh\u00eb kurr\u00eb.<\/p>\n<p>Un\u00eb t\u00eb kuptoj, por t\u00eb imagjinosh p\u00ebr nj\u00eb moment t\u00eb njoh\u00ebsh k\u00ebto zgjedhje, do t\u00eb thot\u00eb t\u00eb b\u00ebhesh bashk\u00ebautor n\u00eb krim, n\u00eb krimin m\u00eb t\u00eb madh elektoral n\u00eb historin\u00eb e Shqip\u00ebris\u00eb pas 1946.<\/p>\n<p>Pas zgjedhjeve pluraliste t\u00eb vitit 1946 t\u00eb cilat pat\u00ebn nj\u00eb fat t\u00eb ngjash\u00ebm, por n\u00eb at\u00eb koh\u00eb kishim t\u00eb b\u00ebnim me diktatur\u00eb totalitare, e cila kishte zero toleranc\u00eb ndaj pluralizmit, kurse tani kemi t\u00eb b\u00ebjm\u00eb me nj\u00eb diktatur\u00eb autoritare, e cila e pranon pluralizmin duke e shtypur at\u00eb, si\u00e7 e shihni.<\/p>\n<p>Pra, un\u00eb deklaroj k\u00ebtu se \u00e7do shqiptar, \u00e7do opozitar, q\u00eb mendon se mund t\u00eb tolerohen k\u00ebto zgjedhje b\u00ebhet bashkautor n\u00eb k\u00ebt\u00eb megakrim elektoral dhe shkelmon mbi idealet e tij t\u00eb liris\u00eb, t\u00eb vot\u00ebs s\u00eb lir\u00eb.<\/p>\n<p>Kam besim se, shqiptar\u00ebt do t\u2019i p\u00ebrgjigjen n\u00eb m\u00ebnyr\u00ebn m\u00eb t\u00eb fuqishme k\u00ebsaj farse q\u00eb Edi Rama m\u00eb 11 maj.<\/p>\n<p>Edhe nj\u00ebher\u00eb theksoj: mjaftojn\u00eb k\u00ebto t\u00eb dh\u00ebna, t\u00eb cilat faktojn\u00eb m\u00eb m\u00ebnyr\u00ebn m\u00eb absolute angazhimin total t\u00eb administrat\u00ebs n\u00eb interes t\u00eb partis\u00eb s\u00eb krimit, faktojn\u00eb ekzistenc\u00ebn e partis\u00eb shtet, p\u00ebr t\u00eb d\u00ebshmuar se, k\u00ebtu nuk kishte zgjedhje, por kishte fars\u00eb.<\/p>\n<p>U p\u00ebrket shqiptar\u00ebve dhe opozit\u00ebs, t\u00eb ngrihen me gjith\u00eb fuqin\u00eb e tyre, t\u00eb gatsh\u00ebm p\u00ebr \u00e7dolloj, me vendosm\u00ebri p\u00ebr \u00e7do betej\u00eb p\u00ebr rikthimin e vot\u00ebs s\u00eb lir\u00eb t\u00eb qytetar\u00ebve shqiptar\u00eb&#8230;.<\/p>\n<p>PD do ta b\u00ebj\u00eb k\u00ebt\u00eb betej\u00eb kudo, kudo&#8230;kudo! \u00cbsht\u00eb betej\u00eb p\u00ebr jet\u00ebn ose vdekjen e vot\u00ebs s\u00eb lir\u00eb\u201d, tha Berisha.<\/p>\n","protected":false},"excerpt":{"rendered":"<p>Kryetari i PD, Sali Berisha tha gjat\u00eb konferenc\u00ebs p\u00ebr shtyp se, zgjedhjet e fundit p\u00ebrfaq\u00ebsojn\u00eb krimin m\u00eb t\u00eb madh elektoral n\u00eb historin\u00eb e Shqip\u00ebris\u00eb pas vitit 1946. Ai i cil\u00ebsoi zgjedhjet nj\u00eb fars\u00eb t\u00eb orkestruar nga qeveria dhe administrata publike n\u00eb sh\u00ebrbim t\u00eb Partis\u00eb Socialiste. Berisha deklaroi se, Partia Demokratike nuk do t\u2019i njoh\u00eb kurr\u00eb &hellip;<\/p>\n","protected":false},"author":4,"featured_media":121731,"comment_status":"closed","ping_status":"closed","sticky":false,"template":"","format":"standard","meta":{"footnotes":""},"categories":[37],"tags":[],"class_list":["post-121730","post","type-post","status-publish","format-standard","has-post-thumbnail","","category-politike"],"_links":{"self":[{"href":"https:\/\/rdnews.al\/index.php\/wp-json\/wp\/v2\/posts\/121730","targetHints":{"allow":["GET"]}}],"collection":[{"href":"https:\/\/rdnews.al\/index.php\/wp-json\/wp\/v2\/posts"}],"about":[{"href":"https:\/\/rdnews.al\/index.php\/wp-json\/wp\/v2\/types\/post"}],"author":[{"embeddable":true,"href":"https:\/\/rdnews.al\/index.php\/wp-json\/wp\/v2\/users\/4"}],"replies":[{"embeddable":true,"href":"https:\/\/rdnews.al\/index.php\/wp-json\/wp\/v2\/comments?post=121730"}],"version-history":[{"count":1,"href":"https:\/\/rdnews.al\/index.php\/wp-json\/wp\/v2\/posts\/121730\/revisions"}],"predecessor-version":[{"id":121732,"href":"https:\/\/rdnews.al\/index.php\/wp-json\/wp\/v2\/posts\/121730\/revisions\/121732"}],"wp:featuredmedia":[{"embeddable":true,"href":"https:\/\/rdnews.al\/index.php\/wp-json\/wp\/v2\/media\/121731"}],"wp:attachment":[{"href":"https:\/\/rdnews.al\/index.php\/wp-json\/wp\/v2\/media?parent=121730"}],"wp:term":[{"taxonomy":"category","embeddable":true,"href":"https:\/\/rdnews.al\/index.php\/wp-json\/wp\/v2\/categories?post=121730"},{"taxonomy":"post_tag","embeddable":true,"href":"https:\/\/rdnews.al\/index.php\/wp-json\/wp\/v2\/tags?post=121730"}],"curies":[{"name":"wp","href":"https:\/\/api.w.org\/{rel}","templated":true}]}}