{"id":121795,"date":"2025-08-26T09:48:45","date_gmt":"2025-08-26T09:48:45","guid":{"rendered":"https:\/\/rdnews.al\/?p=121795"},"modified":"2025-08-26T09:48:45","modified_gmt":"2025-08-26T09:48:45","slug":"kosova-zgjedh-kryeparlamentarin-pas-6-muajve-bllokim","status":"publish","type":"post","link":"https:\/\/rdnews.al\/index.php\/2025\/08\/26\/kosova-zgjedh-kryeparlamentarin-pas-6-muajve-bllokim\/","title":{"rendered":"Kosova zgjedh Kryeparlamentarin pas 6 muajve bllokim"},"content":{"rendered":"<p>Pas gjasht\u00eb muajve t\u00eb ng\u00ebr\u00e7it politik, deputet\u00ebt e Kuvendit t\u00eb Kosov\u00ebs arrit\u00ebn ta zgjedhin p\u00ebr kryeparlamentar Dimal Bash\u00ebn.<\/p>\n<p>Basha mori 73 vota p\u00ebr, kund\u00ebr ishin 30 dhe 3 kan\u00eb abstenuar. Ishte hera e dyt\u00eb q\u00eb emri i Bash\u00ebs u propozua p\u00ebr kryeparlamentar, nd\u00ebrkaq ishte emri i pest\u00eb me radh\u00eb i propozuar nga L\u00ebvizja Vet\u00ebvendosje.<\/p>\n<div class=\"teads-inread sm-screen\">\n<div>\n<div class=\"teads-ui-components-label\"><\/div>\n<div id=\"teads0\" class=\"teads-player\">Fillimisht, propozimin e Bash\u00ebs e b\u00ebri deputetja dhe ministrja n\u00eb detyr\u00eb e Arsimit, Arb\u00ebrie Nagavci. Pas propozimit, kryesuesi i seanc\u00ebs e hodhi n\u00eb votim k\u00ebt\u00eb propozim, nd\u00ebrsa zgjedhja e tij n\u00eb krye t\u00eb Kuvendit u arrit me votat e Partis\u00eb Demokratike t\u00eb Kosov\u00ebs.<\/div>\n<\/div>\n<\/div>\n<p>Kreu i PDK-s\u00eb para nisjes s\u00eb seanc\u00ebs tha se kandidati i L\u00ebvizjes Vet\u00ebvendosje, Dimal Basha nuk i plot\u00ebson kriteret p\u00ebr kryetar t\u00eb Kuvendit, mir\u00ebpo sipas tij, n\u00ebse LVV nuk ka kandidat m\u00eb t\u00eb mir\u00eb at\u00ebher\u00eb do ta votojn\u00eb.<\/p>\n<p>\u201cN\u00ebse L\u00ebvizja Vet\u00ebvendosje v\u00ebrtet konsideron se Dimal Basha apo nj\u00eb i till\u00eb \u00ebsht\u00eb kandidati m\u00eb i mir\u00eb q\u00eb ata kan\u00eb p\u00ebr k\u00ebt\u00eb pozicion dhe i p\u00ebrfaq\u00ebson qytetar\u00ebt ne do ta votojm\u00eb edhe pse nuk besojm\u00eb se nj\u00eb gj\u00eb e till\u00eb q\u00ebndron\u201d, ishte shprehur ai.<\/p>\n","protected":false},"excerpt":{"rendered":"<p>Pas gjasht\u00eb muajve t\u00eb ng\u00ebr\u00e7it politik, deputet\u00ebt e Kuvendit t\u00eb Kosov\u00ebs arrit\u00ebn ta zgjedhin p\u00ebr kryeparlamentar Dimal Bash\u00ebn. Basha mori 73 vota p\u00ebr, kund\u00ebr ishin 30 dhe 3 kan\u00eb abstenuar. Ishte hera e dyt\u00eb q\u00eb emri i Bash\u00ebs u propozua p\u00ebr kryeparlamentar, nd\u00ebrkaq ishte emri i pest\u00eb me radh\u00eb i propozuar nga L\u00ebvizja Vet\u00ebvendosje. Fillimisht, &hellip;<\/p>\n","protected":false},"author":3,"featured_media":121796,"comment_status":"closed","ping_status":"closed","sticky":false,"template":"","format":"standard","meta":{"footnotes":""},"categories":[38],"tags":[],"class_list":["post-121795","post","type-post","status-publish","format-standard","has-post-thumbnail","","category-bota"],"_links":{"self":[{"href":"https:\/\/rdnews.al\/index.php\/wp-json\/wp\/v2\/posts\/121795","targetHints":{"allow":["GET"]}}],"collection":[{"href":"https:\/\/rdnews.al\/index.php\/wp-json\/wp\/v2\/posts"}],"about":[{"href":"https:\/\/rdnews.al\/index.php\/wp-json\/wp\/v2\/types\/post"}],"author":[{"embeddable":true,"href":"https:\/\/rdnews.al\/index.php\/wp-json\/wp\/v2\/users\/3"}],"replies":[{"embeddable":true,"href":"https:\/\/rdnews.al\/index.php\/wp-json\/wp\/v2\/comments?post=121795"}],"version-history":[{"count":1,"href":"https:\/\/rdnews.al\/index.php\/wp-json\/wp\/v2\/posts\/121795\/revisions"}],"predecessor-version":[{"id":121797,"href":"https:\/\/rdnews.al\/index.php\/wp-json\/wp\/v2\/posts\/121795\/revisions\/121797"}],"wp:featuredmedia":[{"embeddable":true,"href":"https:\/\/rdnews.al\/index.php\/wp-json\/wp\/v2\/media\/121796"}],"wp:attachment":[{"href":"https:\/\/rdnews.al\/index.php\/wp-json\/wp\/v2\/media?parent=121795"}],"wp:term":[{"taxonomy":"category","embeddable":true,"href":"https:\/\/rdnews.al\/index.php\/wp-json\/wp\/v2\/categories?post=121795"},{"taxonomy":"post_tag","embeddable":true,"href":"https:\/\/rdnews.al\/index.php\/wp-json\/wp\/v2\/tags?post=121795"}],"curies":[{"name":"wp","href":"https:\/\/api.w.org\/{rel}","templated":true}]}}