{"id":121820,"date":"2025-08-26T11:08:01","date_gmt":"2025-08-26T11:08:01","guid":{"rendered":"https:\/\/rdnews.al\/?p=121820"},"modified":"2025-08-26T11:08:01","modified_gmt":"2025-08-26T11:08:01","slug":"perfshirja-e-ushtrise-ne-administrate-berisha-qellimi-madhor-i-edi-rames-jane-pronat-e-saj-ky-eshte-atentat-mafioz-ndaj-kushtetutes","status":"publish","type":"post","link":"https:\/\/rdnews.al\/index.php\/2025\/08\/26\/perfshirja-e-ushtrise-ne-administrate-berisha-qellimi-madhor-i-edi-rames-jane-pronat-e-saj-ky-eshte-atentat-mafioz-ndaj-kushtetutes\/","title":{"rendered":"P\u00ebrfshirja e ushtris\u00eb n\u00eb administrat\u00eb\/ Berisha: Q\u00ebllimi madhor i Edi Ram\u00ebs jan\u00eb pronat e saj! Ky \u00ebsht\u00eb atentat mafioz ndaj Kushtetut\u00ebs!"},"content":{"rendered":"<p>Kryetari i PD, Sali Berisha tha se, p\u00ebrfshirja e ushtris\u00eb n\u00eb administrat\u00eb \u00ebsht\u00eb atentat mafioz ndaj Kushtetut\u00ebs. Gjat\u00eb konferenc\u00ebs p\u00ebr shtyp Berisha tha se, q\u00ebllimi madhor i Edi Ram\u00ebs jan\u00eb pronat e saj!<\/p>\n<p>\u201cPra, tani me k\u00ebt\u00eb ligj Edi Rama k\u00ebrkon t\u00eb p\u00ebrligj\u00eb post-factum dhe t\u00eb hap\u00eb rrug\u00ebn p\u00ebr vendime dhe akte t\u00eb tilla n\u00eb rastin e forcave t\u00eb armatosura.<\/p>\n<p>Theksoj se n\u00eb Kushtetut\u00eb, shtabi i p\u00ebrgjithsh\u00ebm \u00ebsht\u00eb institucion kushtetues.<\/p>\n<p>Se n\u00eb buxhetin e shtetit \u00ebsht\u00eb institucion me buxhet t\u00eb ve\u00e7ant\u00eb nga ministria.<\/p>\n<p>Inkludimi i forcave t\u00eb armatosura n\u00eb ombrell\u00ebn e k\u00ebtij ligji, legjitimon keqp\u00ebrdorimin e tyre n\u00eb \u00e7do rast p\u00ebr interesa mafioze apo t\u00eb pushtetit t\u00eb Edi Ram\u00ebs.<\/p>\n<p>Por ka edhe nj\u00eb q\u00ebllim tjet\u00ebr madhor. Q\u00ebllimi madhor tjet\u00ebr jan\u00eb pronat e ushtris\u00eb.<\/p>\n<p>Si\u00e7 jeni n\u00eb dijeni, pronat e ushtris\u00eb, t\u00eb cilat ndahen n\u00eb dy grupe, nj\u00ebri grup i pronave t\u00eb ushtris\u00eb q\u00eb \u00ebsht\u00eb n\u00eb funksion t\u00eb planit t\u00eb shp\u00ebrndarjes, ato jan\u00eb t\u00eb paprekshme. Jan\u00eb t\u00eb patjet\u00ebrsueshme. P\u00ebr sa koh\u00eb mbahen n\u00eb planin e shp\u00ebrndarjes.<\/p>\n<p>Plani i shp\u00ebrndarjes s\u00eb forcave t\u00eb armatosura p\u00ebrb\u00ebn sekretin m\u00eb t\u00eb r\u00ebnd\u00ebsish\u00ebm aktual t\u00eb forcave t\u00eb armatosura. Ai plan firmoset nga presidenti dhe mbahet nga ai dhe shefi i shtabit.<\/p>\n<p>Si\u00e7 \u00ebsht\u00eb faktuar, gjat\u00eb k\u00ebtyre viteve t\u00eb fundit jan\u00eb dhuruar nga Edi Rama biznesmen\u00ebve t\u00eb af\u00ebrt me t\u00eb dhe ortak me t\u00eb, porte ushtarake, prona ushtrie t\u00eb panxjerra nga presidenti i Republik\u00ebs, pa u pyetur fare presidenti i Republik\u00ebs.<\/p>\n<p>P\u00ebrb\u00ebn nj\u00eb krim t\u00eb r\u00ebnd\u00eb q\u00eb mbrohet nga Altin Troplini.<\/p>\n<p>Tani, i gjetur para k\u00ebtij fakti, q\u00eb ka nj\u00eb ligj, i cili ndalon tjet\u00ebrsimin e nj\u00eb prone ushtrie q\u00eb \u00ebsht\u00eb n\u00eb planin e p\u00ebrhapjes s\u00eb forcave t\u00eb armatosura, Edi Rrama k\u00ebrkon q\u00eb k\u00ebto atribute t\u2019i marr\u00eb vet\u00eb.<\/p>\n<p>Interesat e tij q\u00ebndrojn\u00eb pik\u00ebrisht n\u00eb nj\u00eb nga shkaqet m\u00eb themelore n\u00eb p\u00ebrfshirjen n\u00eb ombrell\u00ebn e k\u00ebtij ligji t\u00eb forcave t\u00eb armatosura. Ky \u00ebsht\u00eb nj\u00eb atentat ndaj Kushtetut\u00ebs. Ky \u00ebsht\u00eb nj\u00eb akt mafioz shum\u00eb i rreziksh\u00ebm q\u00eb k\u00ebrc\u00ebnon sigurin\u00eb komb\u00ebtare, sepse ata t\u00eb cil\u00ebt nd\u00ebrtojn\u00eb planin e p\u00ebrhapjes s\u00eb forcave t\u00eb armatosura, ata kan\u00eb parasysh mbi t\u00eb gjitha rreziqet potenciale t\u00eb sulmeve dhe pikat m\u00eb t\u00eb r\u00ebnd\u00ebsishme strategjike q\u00eb ushtria duhet t\u00eb ket\u00eb n\u00eb dispozicion n\u00eb \u00e7do rast p\u00ebr t\u00eb p\u00ebrmbushur misionin e saj.<\/p>\n<p>P\u00ebr Edi Ram\u00ebn, mbrojtja dhe siguria e nj\u00eb vendi an\u00ebtar t\u00eb NATO-s, \u00ebsht\u00eb e par\u00ebnd\u00ebsishme n\u00eb krahasim me ambiciet e tij mafioze p\u00ebr pasurimin e vet dhe t\u00eb klaneve af\u00ebr tij\u201d, tha Berisha.<\/p>\n","protected":false},"excerpt":{"rendered":"<p>Kryetari i PD, Sali Berisha tha se, p\u00ebrfshirja e ushtris\u00eb n\u00eb administrat\u00eb \u00ebsht\u00eb atentat mafioz ndaj Kushtetut\u00ebs. Gjat\u00eb konferenc\u00ebs p\u00ebr shtyp Berisha tha se, q\u00ebllimi madhor i Edi Ram\u00ebs jan\u00eb pronat e saj! \u201cPra, tani me k\u00ebt\u00eb ligj Edi Rama k\u00ebrkon t\u00eb p\u00ebrligj\u00eb post-factum dhe t\u00eb hap\u00eb rrug\u00ebn p\u00ebr vendime dhe akte t\u00eb tilla n\u00eb &hellip;<\/p>\n","protected":false},"author":4,"featured_media":121821,"comment_status":"closed","ping_status":"closed","sticky":false,"template":"","format":"standard","meta":{"footnotes":""},"categories":[37],"tags":[],"class_list":["post-121820","post","type-post","status-publish","format-standard","has-post-thumbnail","","category-politike"],"_links":{"self":[{"href":"https:\/\/rdnews.al\/index.php\/wp-json\/wp\/v2\/posts\/121820","targetHints":{"allow":["GET"]}}],"collection":[{"href":"https:\/\/rdnews.al\/index.php\/wp-json\/wp\/v2\/posts"}],"about":[{"href":"https:\/\/rdnews.al\/index.php\/wp-json\/wp\/v2\/types\/post"}],"author":[{"embeddable":true,"href":"https:\/\/rdnews.al\/index.php\/wp-json\/wp\/v2\/users\/4"}],"replies":[{"embeddable":true,"href":"https:\/\/rdnews.al\/index.php\/wp-json\/wp\/v2\/comments?post=121820"}],"version-history":[{"count":1,"href":"https:\/\/rdnews.al\/index.php\/wp-json\/wp\/v2\/posts\/121820\/revisions"}],"predecessor-version":[{"id":121822,"href":"https:\/\/rdnews.al\/index.php\/wp-json\/wp\/v2\/posts\/121820\/revisions\/121822"}],"wp:featuredmedia":[{"embeddable":true,"href":"https:\/\/rdnews.al\/index.php\/wp-json\/wp\/v2\/media\/121821"}],"wp:attachment":[{"href":"https:\/\/rdnews.al\/index.php\/wp-json\/wp\/v2\/media?parent=121820"}],"wp:term":[{"taxonomy":"category","embeddable":true,"href":"https:\/\/rdnews.al\/index.php\/wp-json\/wp\/v2\/categories?post=121820"},{"taxonomy":"post_tag","embeddable":true,"href":"https:\/\/rdnews.al\/index.php\/wp-json\/wp\/v2\/tags?post=121820"}],"curies":[{"name":"wp","href":"https:\/\/api.w.org\/{rel}","templated":true}]}}