{"id":121826,"date":"2025-08-26T11:18:40","date_gmt":"2025-08-26T11:18:40","guid":{"rendered":"https:\/\/rdnews.al\/?p=121826"},"modified":"2025-08-26T11:20:36","modified_gmt":"2025-08-26T11:20:36","slug":"berisha-me-kete-ndryshim-ligjor-edi-rama-perligj-funksionimin-e-perfaqesive-diplomatike-si-seksione-te-partise-se-krimit","status":"publish","type":"post","link":"https:\/\/rdnews.al\/index.php\/2025\/08\/26\/berisha-me-kete-ndryshim-ligjor-edi-rama-perligj-funksionimin-e-perfaqesive-diplomatike-si-seksione-te-partise-se-krimit\/","title":{"rendered":"Me k\u00ebt\u00eb ndryshim ligjor, Rama p\u00ebrligj funksionimin e p\u00ebrfaq\u00ebsive diplomatike si seksione t\u00eb partis\u00eb s\u00eb krimit"},"content":{"rendered":"<p>Kryetari i PD, Sali Berisha tha gjat\u00eb konferenc\u00ebs p\u00ebr shtyp se, me k\u00ebt\u00eb ndryshim ligjor, Edi Rama p\u00ebrligj funksionimin e p\u00ebrfaq\u00ebsive diplomatike si seksione t\u00eb partis\u00eb s\u00eb krimit.<\/p>\n<p>\u201cPra, shikoni forc\u00ebn e mafies n\u00eb legjislacion, se si mafia, droga sulmon Kushtetut\u00ebn.<\/p>\n<p>I nj\u00ebjt\u00eb \u00ebsht\u00eb rasti i Alabar n\u00eb Durr\u00ebs.<\/p>\n<p>Ju besoj e keni t\u00eb qart\u00eb q\u00eb n\u00eb Durr\u00ebs, Edi Rama me kartelet e tij po lan miliardat n\u00eb em\u00ebr t\u00eb Alabarit, t\u00eb \u00c7opjave, Troplin\u00ebve etj.<\/p>\n<p>Asnj\u00eb vendim p\u00ebr t\u00eb nxjerr\u00eb portin e Durr\u00ebsit, i cili, duhet ta dini, n\u00eb planet e deritanishme ka qen\u00eb pik\u00ebmb\u00ebshtetje kryesore detare, port kryesor detar edhe p\u00ebr ushtrin\u00eb.<\/p>\n<p>Dhe ushtria ka pasur pjes\u00ebn e vet t\u00eb portit.<\/p>\n<p>Ky mafioz b\u00ebn \u00e7do gj\u00eb p\u00ebr t\u00eb t\u00ebrhequr NATO-n n\u00eb nj\u00eb af\u00ebr\u00eb mafioze, por un\u00eb e p\u00ebrsh\u00ebndes NATO-n q\u00eb refuzon n\u00eb m\u00ebnyr\u00eb t\u00eb p\u00ebrs\u00ebritur t\u00eb p\u00ebrfshihet n\u00eb k\u00ebt\u00eb afer\u00eb, prapa t\u00eb cil\u00ebs q\u00ebndrojn\u00eb miliarda euro t\u00eb karteleve shqiptare m\u00eb t\u00eb fuqishme n\u00eb Europ\u00eb, dhe q\u00eb ky ka gjetur nj\u00eb prestanome p\u00ebr t\u2019i lar\u00eb ato n\u00eb Durr\u00ebs.<\/p>\n<p>Pra, e kuptoni ju se \u00e7far\u00eb b\u00ebhet me p\u00ebrfshirjen e forcave t\u00eb armatosura n\u00eb administrat\u00ebn shtet\u00ebrore t\u00eb Edi Ram\u00ebs?<\/p>\n<p>Natyrisht do thoni ju pse nuk ka futur edhe Haramin? At\u00eb e ka n\u00eb xhep Bajramin, e l\u00eb formalisht sepse aq sa \u00ebsht\u00eb shefi i shtabit t\u00eb p\u00ebrgjithsh\u00ebm, aq mund t\u00eb ishte edhe presidenti. Vend pa president ka, por vend pa shef shtabi t\u00eb p\u00ebrgjithsh\u00ebm nuk ka.<\/p>\n<p>Tjet\u00ebr pun\u00eb se si i b\u00ebn ky organizimet.<\/p>\n<p>Pra, k\u00ebto jan\u00eb interesat mafioze dhe etja e pashuar p\u00ebr pushtet p\u00ebr t\u00eb p\u00ebrqendruar \u00e7do kompetenc\u00eb n\u00eb duart e narkodiktatorit Edi Rama.<\/p>\n<p>Tani, p\u00ebrfaq\u00ebsit\u00eb diplomatike, ato kan\u00eb marr\u00eb fund, jan\u00eb shnd\u00ebrruar n\u00eb organizata elektorale t\u00eb PS.<\/p>\n<p>Por me k\u00ebt\u00eb ndryshim ligjor, Edi Rama p\u00ebrligj dhe krijon pik\u00ebrisht baz\u00ebn ligjore t\u00eb funksionimit t\u00eb p\u00ebrfaq\u00ebsive diplomatike si seksione t\u00eb partis\u00eb s\u00eb krimit, PS-s\u00eb.<\/p>\n<p>Kjo \u00ebsht\u00eb nj\u00eb gj\u00eb&#8230; p\u00ebr arsye se edhe ato n\u00eb \u00e7do vend jan\u00eb nj\u00eb ndarje pushteti.<\/p>\n<p>Edhe vendet, t\u00eb cilat jan\u00eb republika t\u00eb mir\u00ebfillta parlamentare apo monarki kushtetuese, p\u00ebrs\u00ebri em\u00ebrimet e ambasador\u00ebve b\u00ebhen nga kryetari i shtetit dhe ky \u00ebsht\u00eb nj\u00eb p\u00ebrcaktim ligjor n\u00eb m\u00ebnyr\u00eb q\u00eb aty t\u2019u jepet nj\u00eb lloj hap\u00ebsire p\u00ebr t\u00eb p\u00ebrfaq\u00ebsuar shtetin dhe jo vet\u00ebm ministrin dhe qeverin\u00eb sepse ato vijn\u00eb dhe shkojn\u00eb\u201d, tha Berisha.<\/p>\n","protected":false},"excerpt":{"rendered":"<p>Kryetari i PD, Sali Berisha tha gjat\u00eb konferenc\u00ebs p\u00ebr shtyp se, me k\u00ebt\u00eb ndryshim ligjor, Edi Rama p\u00ebrligj funksionimin e p\u00ebrfaq\u00ebsive diplomatike si seksione t\u00eb partis\u00eb s\u00eb krimit. \u201cPra, shikoni forc\u00ebn e mafies n\u00eb legjislacion, se si mafia, droga sulmon Kushtetut\u00ebn. I nj\u00ebjt\u00eb \u00ebsht\u00eb rasti i Alabar n\u00eb Durr\u00ebs. Ju besoj e keni t\u00eb qart\u00eb &hellip;<\/p>\n","protected":false},"author":4,"featured_media":121829,"comment_status":"closed","ping_status":"closed","sticky":false,"template":"","format":"standard","meta":{"footnotes":""},"categories":[37],"tags":[],"class_list":["post-121826","post","type-post","status-publish","format-standard","has-post-thumbnail","","category-politike"],"_links":{"self":[{"href":"https:\/\/rdnews.al\/index.php\/wp-json\/wp\/v2\/posts\/121826","targetHints":{"allow":["GET"]}}],"collection":[{"href":"https:\/\/rdnews.al\/index.php\/wp-json\/wp\/v2\/posts"}],"about":[{"href":"https:\/\/rdnews.al\/index.php\/wp-json\/wp\/v2\/types\/post"}],"author":[{"embeddable":true,"href":"https:\/\/rdnews.al\/index.php\/wp-json\/wp\/v2\/users\/4"}],"replies":[{"embeddable":true,"href":"https:\/\/rdnews.al\/index.php\/wp-json\/wp\/v2\/comments?post=121826"}],"version-history":[{"count":2,"href":"https:\/\/rdnews.al\/index.php\/wp-json\/wp\/v2\/posts\/121826\/revisions"}],"predecessor-version":[{"id":121830,"href":"https:\/\/rdnews.al\/index.php\/wp-json\/wp\/v2\/posts\/121826\/revisions\/121830"}],"wp:featuredmedia":[{"embeddable":true,"href":"https:\/\/rdnews.al\/index.php\/wp-json\/wp\/v2\/media\/121829"}],"wp:attachment":[{"href":"https:\/\/rdnews.al\/index.php\/wp-json\/wp\/v2\/media?parent=121826"}],"wp:term":[{"taxonomy":"category","embeddable":true,"href":"https:\/\/rdnews.al\/index.php\/wp-json\/wp\/v2\/categories?post=121826"},{"taxonomy":"post_tag","embeddable":true,"href":"https:\/\/rdnews.al\/index.php\/wp-json\/wp\/v2\/tags?post=121826"}],"curies":[{"name":"wp","href":"https:\/\/api.w.org\/{rel}","templated":true}]}}