{"id":12183,"date":"2022-05-13T09:02:16","date_gmt":"2022-05-13T09:02:16","guid":{"rendered":"https:\/\/rdnews.al\/?p=12183"},"modified":"2022-05-13T09:09:16","modified_gmt":"2022-05-13T09:09:16","slug":"media-austriake-jehone-rezolutes-per-genocidin-serb-ps-votoi-ne-emer-te-vucic","status":"publish","type":"post","link":"https:\/\/rdnews.al\/index.php\/2022\/05\/13\/media-austriake-jehone-rezolutes-per-genocidin-serb-ps-votoi-ne-emer-te-vucic\/","title":{"rendered":"Media austriake jehon\u00eb rezolut\u00ebs p\u00ebr genocidin serb: \u201cPS votoi n\u00eb em\u00ebr t\u00eb Vu\u00e7i\u00e7\u201d"},"content":{"rendered":"<p>Lajmi q\u00eb parlamenti shqiptar votoi kund\u00ebr nj\u00eb rezolute q\u00eb d\u00ebnon gjenocidin serb n\u00eb Srebrenic\u00eb po b\u00ebn buj\u00eb jo vet\u00ebm n\u00eb rajon.<\/p>\n<p>Revista austriake, Kosmo shkruan se, kjo rezolut\u00eb u rr\u00ebzua me 51 vota, nd\u00ebrsa citon deklaratat e liderit historik demokrat, Sali Berisha.<\/p>\n<p>\u201cParlamenti shqiptar hodhi posht\u00eb rezolut\u00ebn q\u00eb i klasifikonte aktet n\u00eb Srebrenic\u00eb si gjenocid.\u00a0Kund\u00ebr k\u00ebsaj rezolute votuan 51 deputet\u00eb. Pas votimit, Sali Berisha iu drejtua Kuvendit dhe akuzoi deputet\u00ebt e mazhoranc\u00ebs se kan\u00eb votuar \u2018n\u00eb em\u00ebr t\u00eb Aleksand\u00ebr Vu\u00e7i\u00e7it\u2019.<\/p>\n<p>\u2018Nuk ka pasur kurr\u00eb nj\u00eb Shqip\u00ebri antishqiptare si n\u00eb koh\u00ebn e Edi Ram\u00ebs\u201d, tha Berisha.\u00a0Kurse deputeti Tritan Shehu tha se, kjo ishte nj\u00eb dit\u00eb e hidhur p\u00ebr Kuvendin e Shqip\u00ebris\u00eb\u201d,\u00a0shkruan revista.<\/p>\n<p>\u201cNe jemi i vetmi parlament q\u00eb nuk kemi nj\u00eb dokument formal q\u00eb d\u00ebnon gjenocidin. \u00cbsht\u00eb nj\u00eb dit\u00eb q\u00eb ka pasur nj\u00eb ndikim t\u00eb thell\u00eb n\u00eb bot\u00ebn demokratike. Disa dit\u00eb m\u00eb par\u00eb, k\u00ebta zot\u00ebrinj votuan kund\u00ebr rezolut\u00ebs q\u00eb d\u00ebnon gjenocidin rus n\u00eb Ukrain\u00eb. Sot ata nuk pranojn\u00eb d\u00ebnimin e gjenocidit serb n\u00eb Bosnje. Nes\u00ebr nuk do t\u00eb pranojn\u00eb d\u00ebnimin e gjenocidit serb n\u00eb Kosov\u00eb. Pse? K\u00ebto jan\u00eb lidhje, angazhime, Vu\u00e7i\u00e7i \u00ebsht\u00eb lart\u201d, tha Shehu.<\/p>\n<p>&nbsp;<\/p>\n","protected":false},"excerpt":{"rendered":"<p>Lajmi q\u00eb parlamenti shqiptar votoi kund\u00ebr nj\u00eb rezolute q\u00eb d\u00ebnon gjenocidin serb n\u00eb Srebrenic\u00eb po b\u00ebn buj\u00eb jo vet\u00ebm n\u00eb rajon. Revista austriake, Kosmo shkruan se, kjo rezolut\u00eb u rr\u00ebzua me 51 vota, nd\u00ebrsa citon deklaratat e liderit historik demokrat, Sali Berisha. \u201cParlamenti shqiptar hodhi posht\u00eb rezolut\u00ebn q\u00eb i klasifikonte aktet n\u00eb Srebrenic\u00eb si gjenocid.\u00a0Kund\u00ebr &hellip;<\/p>\n","protected":false},"author":4,"featured_media":12188,"comment_status":"open","ping_status":"open","sticky":false,"template":"","format":"standard","meta":{"footnotes":""},"categories":[40],"tags":[],"class_list":["post-12183","post","type-post","status-publish","format-standard","has-post-thumbnail","","category-aktualitet"],"_links":{"self":[{"href":"https:\/\/rdnews.al\/index.php\/wp-json\/wp\/v2\/posts\/12183","targetHints":{"allow":["GET"]}}],"collection":[{"href":"https:\/\/rdnews.al\/index.php\/wp-json\/wp\/v2\/posts"}],"about":[{"href":"https:\/\/rdnews.al\/index.php\/wp-json\/wp\/v2\/types\/post"}],"author":[{"embeddable":true,"href":"https:\/\/rdnews.al\/index.php\/wp-json\/wp\/v2\/users\/4"}],"replies":[{"embeddable":true,"href":"https:\/\/rdnews.al\/index.php\/wp-json\/wp\/v2\/comments?post=12183"}],"version-history":[{"count":0,"href":"https:\/\/rdnews.al\/index.php\/wp-json\/wp\/v2\/posts\/12183\/revisions"}],"wp:featuredmedia":[{"embeddable":true,"href":"https:\/\/rdnews.al\/index.php\/wp-json\/wp\/v2\/media\/12188"}],"wp:attachment":[{"href":"https:\/\/rdnews.al\/index.php\/wp-json\/wp\/v2\/media?parent=12183"}],"wp:term":[{"taxonomy":"category","embeddable":true,"href":"https:\/\/rdnews.al\/index.php\/wp-json\/wp\/v2\/categories?post=12183"},{"taxonomy":"post_tag","embeddable":true,"href":"https:\/\/rdnews.al\/index.php\/wp-json\/wp\/v2\/tags?post=12183"}],"curies":[{"name":"wp","href":"https:\/\/api.w.org\/{rel}","templated":true}]}}