{"id":121835,"date":"2025-08-26T11:38:14","date_gmt":"2025-08-26T11:38:14","guid":{"rendered":"https:\/\/rdnews.al\/?p=121835"},"modified":"2025-08-26T11:44:05","modified_gmt":"2025-08-26T11:44:05","slug":"berisha-konformizmi-i-universiteteve-me-keto-ndryshime-ligjore-te-edi-rames-do-te-ishte-nje-akt-vetevrases-per-lirine-akademike-2","status":"publish","type":"post","link":"https:\/\/rdnews.al\/index.php\/2025\/08\/26\/berisha-konformizmi-i-universiteteve-me-keto-ndryshime-ligjore-te-edi-rames-do-te-ishte-nje-akt-vetevrases-per-lirine-akademike-2\/","title":{"rendered":"Berisha: Konformizmi i universiteteve me k\u00ebto ndryshime ligjore t\u00eb Edi Ram\u00ebs do t\u00eb ishte nj\u00eb akt vet\u00ebvras\u00ebs p\u00ebr lirin\u00eb akademike"},"content":{"rendered":"<p>Kryetari i PD, Sali Berisha, gjat\u00eb konferenc\u00ebs p\u00ebr shtyp tha se, konformizmi i universiteteve me k\u00ebto ndryshime ligjore t\u00eb Edi Ram\u00ebs do t\u00eb ishte nj\u00eb akt vet\u00ebvras\u00ebs p\u00ebr lirin\u00eb akademike.<br \/>\nBerisha tha se, ligji i ri nuk \u00ebsht\u00eb reform\u00eb, por nj\u00eb \u201cshgarravin\u00eb juridike\u201d q\u00eb synon t\u00eb p\u00ebrqendroj\u00eb t\u00eb gjitha kompetencat dhe vendimmarrjen tek nj\u00eb person i vet\u00ebm\u00a0kryeministri. \u201cKurse p\u00ebr sa u p\u00ebrket universiteteve, q\u00eb kur Edi Rama shpalli veten shkenc\u00ebtar i par\u00eb i vendit, at\u00ebher\u00eb u pa puna se ato jan\u00eb institucione t\u00ebr\u00ebsisht formale.<br \/>\nKeni parasysh se para nj\u00eb viti, Edi Rama krijoi k\u00ebshillin komb\u00ebtar t\u00eb shkenc\u00ebs me n\u00eb krye veten e tij, dhe pastaj Lubi Ballukun me diploma si ato, etj si Lubia, pra k\u00ebtyre universiteteve, t\u00eb cilat konfirmohen, u them se konformizmi juaj \u00ebsht\u00eb nj\u00eb akt suicidal p\u00ebr lirin\u00eb akademike, dhe i rikujtoj \u00e7do pedagogu dhe intelektual se rreziku i konformizmit, thot\u00eb Albert Ajnshtajni, \u00ebsht\u00eb m\u00eb i madh se rreziku nuklear p\u00ebr nj\u00eb shoq\u00ebri.<br \/>\nLigj nuk \u00ebsht\u00eb ligj, \u00ebsht\u00eb nj\u00eb ese e keqe, nj\u00eb shgarravin\u00eb.<br \/>\nPor nga fillimi n\u00eb fund \u00ebsht\u00eb se si t\u00eb zhduk\u00eb parimet e dekoncentrimit, parimet e decentralizimit, si t\u00eb zvog\u00ebloj\u00eb dhe t\u00eb ngushtoj\u00eb hap\u00ebsirat dhe se si t\u00eb \u00e7oj\u00eb t\u00eb gjitha fijet tek Edi Rrama.<br \/>\n\u00cbsht\u00eb b\u00ebr\u00eb&#8230; nuk po ndalem sepse \u00ebsht\u00eb skandaloz&#8230;<br \/>\nInstitucionet e vetme q\u00eb do mbeten n\u00eb var\u00ebsi t\u00eb institucioneve kushtetuese, ose ato prioritare, po t\u00eb cilat jan\u00eb ato prioritare, ato i gjen vet\u00eb&#8230;<br \/>\nAi i merr bashkive t\u00eb gjitha kompetencat, ka hequr delegimet tek pushteti vendor.<br \/>\nPra, de facto t\u00eb gjitha vendimet shkojn\u00eb n\u00eb nj\u00eb dor\u00eb.<br \/>\n\u00c7far\u00eb ka ndodhur?<br \/>\nMinistrat nuk kan\u00eb t\u00eb drejt\u00eb vendimi.<br \/>\nTani Shqip\u00ebria b\u00ebhet vendi i drejtor\u00ebve. Drejtor\u00ebt e kan\u00eb t\u00eb drejt\u00ebn e vendimit.<br \/>\nMinistrat duhet t\u2019u hiqet e drejta p\u00ebr prokurimet publike. por ndryshimi i par\u00eb q\u00eb b\u00ebn\u00eb kur erdh\u00ebn n\u00eb pushtet, ishte rikthimi i kompetenc\u00ebs si kryetar\u00eb t\u00eb autoriteteve kontraktuese.<br \/>\nDhe ju e shihni \u00e7far\u00eb kan\u00eb b\u00ebr\u00eb k\u00ebta me miliardat q\u00eb kan\u00eb vjedhur k\u00ebto vite.<br \/>\nNatyrisht heqja e k\u00ebsaj kompetence nga ministrat \u00ebsht\u00eb, p\u00ebr mua e domosdoshme, por heqja e kompetencave p\u00ebr t\u00eb tjerat, at\u00ebher\u00eb Shqip\u00ebria nuk ka ministra, por ka kryeminist\u00ebr dhe drejtora.<br \/>\nE kuptoni vet\u00eb si jan\u00eb drejtor\u00ebt, si liliput\u00ebt rreth tij.<br \/>\nPra, ka nj\u00eb deformim dhe t\u00eb gjitha k\u00ebto n\u00eb em\u00ebr t\u00eb pushtetit t\u00eb Edi Ram\u00ebs shpallen sikur po b\u00ebhen p\u00ebr t\u2019u pajtuar me standardet e BE, por n\u00eb t\u00eb v\u00ebrtet\u00eb kjo shkon absolutisht n\u00eb drejtim t\u00eb kund\u00ebrt me Kushtetut\u00ebn, me parimet baz\u00eb t\u00eb funksionimit t\u00eb vendeve an\u00ebtare t\u00eb BE dhe nj\u00eb shteti demokratik\u201d, tha Berisha.<\/p>\n","protected":false},"excerpt":{"rendered":"<p>Kryetari i PD, Sali Berisha, gjat\u00eb konferenc\u00ebs p\u00ebr shtyp tha se, konformizmi i universiteteve me k\u00ebto ndryshime ligjore t\u00eb Edi Ram\u00ebs do t\u00eb ishte nj\u00eb akt vet\u00ebvras\u00ebs p\u00ebr lirin\u00eb akademike. Berisha tha se, ligji i ri nuk \u00ebsht\u00eb reform\u00eb, por nj\u00eb \u201cshgarravin\u00eb juridike\u201d q\u00eb synon t\u00eb p\u00ebrqendroj\u00eb t\u00eb gjitha kompetencat dhe vendimmarrjen tek nj\u00eb person &hellip;<\/p>\n","protected":false},"author":4,"featured_media":121821,"comment_status":"closed","ping_status":"closed","sticky":false,"template":"","format":"standard","meta":{"footnotes":""},"categories":[37],"tags":[],"class_list":["post-121835","post","type-post","status-publish","format-standard","has-post-thumbnail","","category-politike"],"_links":{"self":[{"href":"https:\/\/rdnews.al\/index.php\/wp-json\/wp\/v2\/posts\/121835","targetHints":{"allow":["GET"]}}],"collection":[{"href":"https:\/\/rdnews.al\/index.php\/wp-json\/wp\/v2\/posts"}],"about":[{"href":"https:\/\/rdnews.al\/index.php\/wp-json\/wp\/v2\/types\/post"}],"author":[{"embeddable":true,"href":"https:\/\/rdnews.al\/index.php\/wp-json\/wp\/v2\/users\/4"}],"replies":[{"embeddable":true,"href":"https:\/\/rdnews.al\/index.php\/wp-json\/wp\/v2\/comments?post=121835"}],"version-history":[{"count":1,"href":"https:\/\/rdnews.al\/index.php\/wp-json\/wp\/v2\/posts\/121835\/revisions"}],"predecessor-version":[{"id":121836,"href":"https:\/\/rdnews.al\/index.php\/wp-json\/wp\/v2\/posts\/121835\/revisions\/121836"}],"wp:featuredmedia":[{"embeddable":true,"href":"https:\/\/rdnews.al\/index.php\/wp-json\/wp\/v2\/media\/121821"}],"wp:attachment":[{"href":"https:\/\/rdnews.al\/index.php\/wp-json\/wp\/v2\/media?parent=121835"}],"wp:term":[{"taxonomy":"category","embeddable":true,"href":"https:\/\/rdnews.al\/index.php\/wp-json\/wp\/v2\/categories?post=121835"},{"taxonomy":"post_tag","embeddable":true,"href":"https:\/\/rdnews.al\/index.php\/wp-json\/wp\/v2\/tags?post=121835"}],"curies":[{"name":"wp","href":"https:\/\/api.w.org\/{rel}","templated":true}]}}