{"id":121839,"date":"2025-08-26T11:46:11","date_gmt":"2025-08-26T11:46:11","guid":{"rendered":"https:\/\/rdnews.al\/?p=121839"},"modified":"2025-08-26T11:47:09","modified_gmt":"2025-08-26T11:47:09","slug":"berisha-edi-rama-nuk-ka-legjitimitet-keto-zgjedhje-ishin-nje-farse-e-vertete-elektorale","status":"publish","type":"post","link":"https:\/\/rdnews.al\/index.php\/2025\/08\/26\/berisha-edi-rama-nuk-ka-legjitimitet-keto-zgjedhje-ishin-nje-farse-e-vertete-elektorale\/","title":{"rendered":"Berisha: Edi Rama nuk ka legjitimitet, k\u00ebto zgjedhje ishin nj\u00eb fars\u00eb e v\u00ebrtet\u00eb elektorale!"},"content":{"rendered":"<p>Kryetari i PD, Sali Berisha tha gjat\u00eb konferenc\u00ebs p\u00ebr shtyp se, Edi Rama nuk ka asnj\u00eb legjitimitet p\u00ebr t\u00eb qeverisur vendin, pasi zgjedhjet q\u00eb soll\u00ebn k\u00ebt\u00eb \u201cpseudomazhoranc\u00eb\u201d ishin nj\u00eb fars\u00eb e mir\u00eborganizuar.<\/p>\n<p>\u201c\u00c7\u00ebshtja q\u00eb ju shtroni nuk mund t\u00eb jet\u00eb kurr\u00eb \u00e7\u00ebshtje emrash, por \u00e7\u00ebshtje legjitimiteti. A ka legjitimitet Edi Rama t\u00eb krijoj\u00eb qeveri me fars\u00eb elektorale, un\u00eb t\u00eb them kurr\u00eb.<\/p>\n<p>Kurr\u00eb nuk ka legjitimitet, mbasi pseudomazhoranca e tij p\u00ebrfaq\u00ebson mbi t\u00eb gjitha interesat e Edi Ram\u00ebs, karteleve t\u00eb drog\u00ebs, partis\u00eb-shtet n\u00eb t\u00eb cil\u00ebn nuk ka zgjedhje normale.<br \/>\nPra k\u00ebtu nuk \u00ebsht\u00eb \u00e7\u00ebshtja e personave, k\u00ebtu \u00ebsht\u00eb \u00e7\u00ebshtja e themelit. K\u00ebto zgjedhje ishin nj\u00eb fars\u00eb e v\u00ebrtet\u00eb elektorale\u201d, tha Berisha.<\/p>\n","protected":false},"excerpt":{"rendered":"<p>Kryetari i PD, Sali Berisha tha gjat\u00eb konferenc\u00ebs p\u00ebr shtyp se, Edi Rama nuk ka asnj\u00eb legjitimitet p\u00ebr t\u00eb qeverisur vendin, pasi zgjedhjet q\u00eb soll\u00ebn k\u00ebt\u00eb \u201cpseudomazhoranc\u00eb\u201d ishin nj\u00eb fars\u00eb e mir\u00eborganizuar. \u201c\u00c7\u00ebshtja q\u00eb ju shtroni nuk mund t\u00eb jet\u00eb kurr\u00eb \u00e7\u00ebshtje emrash, por \u00e7\u00ebshtje legjitimiteti. A ka legjitimitet Edi Rama t\u00eb krijoj\u00eb qeveri me &hellip;<\/p>\n","protected":false},"author":4,"featured_media":121817,"comment_status":"closed","ping_status":"closed","sticky":false,"template":"","format":"standard","meta":{"footnotes":""},"categories":[37],"tags":[],"class_list":["post-121839","post","type-post","status-publish","format-standard","has-post-thumbnail","","category-politike"],"_links":{"self":[{"href":"https:\/\/rdnews.al\/index.php\/wp-json\/wp\/v2\/posts\/121839","targetHints":{"allow":["GET"]}}],"collection":[{"href":"https:\/\/rdnews.al\/index.php\/wp-json\/wp\/v2\/posts"}],"about":[{"href":"https:\/\/rdnews.al\/index.php\/wp-json\/wp\/v2\/types\/post"}],"author":[{"embeddable":true,"href":"https:\/\/rdnews.al\/index.php\/wp-json\/wp\/v2\/users\/4"}],"replies":[{"embeddable":true,"href":"https:\/\/rdnews.al\/index.php\/wp-json\/wp\/v2\/comments?post=121839"}],"version-history":[{"count":1,"href":"https:\/\/rdnews.al\/index.php\/wp-json\/wp\/v2\/posts\/121839\/revisions"}],"predecessor-version":[{"id":121840,"href":"https:\/\/rdnews.al\/index.php\/wp-json\/wp\/v2\/posts\/121839\/revisions\/121840"}],"wp:featuredmedia":[{"embeddable":true,"href":"https:\/\/rdnews.al\/index.php\/wp-json\/wp\/v2\/media\/121817"}],"wp:attachment":[{"href":"https:\/\/rdnews.al\/index.php\/wp-json\/wp\/v2\/media?parent=121839"}],"wp:term":[{"taxonomy":"category","embeddable":true,"href":"https:\/\/rdnews.al\/index.php\/wp-json\/wp\/v2\/categories?post=121839"},{"taxonomy":"post_tag","embeddable":true,"href":"https:\/\/rdnews.al\/index.php\/wp-json\/wp\/v2\/tags?post=121839"}],"curies":[{"name":"wp","href":"https:\/\/api.w.org\/{rel}","templated":true}]}}