{"id":121845,"date":"2025-08-26T11:58:23","date_gmt":"2025-08-26T11:58:23","guid":{"rendered":"https:\/\/rdnews.al\/?p=121845"},"modified":"2025-08-26T11:58:23","modified_gmt":"2025-08-26T11:58:23","slug":"berisha-ky-eshte-parlamenti-i-partise-shtet-une-nuk-do-ta-hap-ate-nuk-perfaqeson-vullnetin-e-qytetareve","status":"publish","type":"post","link":"https:\/\/rdnews.al\/index.php\/2025\/08\/26\/berisha-ky-eshte-parlamenti-i-partise-shtet-une-nuk-do-ta-hap-ate-nuk-perfaqeson-vullnetin-e-qytetareve\/","title":{"rendered":"Berisha: Ky \u00ebsht\u00eb parlamenti i partis\u00eb shtet, un\u00eb nuk do ta hap at\u00eb! Nuk p\u00ebrfaq\u00ebson vullnetin e qytetar\u00ebve!"},"content":{"rendered":"<p>Kryetarii PD, Sali Berisha tha se, nuk mund ta hap\u00eb kurr\u00eb nj\u00eb parlament jo legjitim! \u00a0Ai th se, ky \u00ebsht\u00eb parlamenti i partis\u00eb shtet dhe nuk p\u00ebrfaq\u00ebson vullnetin e qytetar\u00ebve, por \u00ebsht\u00eb produkt i manipulimeve dhe kontrollit t\u00eb partis\u00eb-shtet.<\/p>\n<p><strong>Berisha:<\/strong> E v\u00ebrteta \u00ebsht\u00eb q\u00eb, \u00e7do njeri ka t\u00eb drejt\u00eb q\u00eb t\u00eb ket\u00eb mendimin e tij. Por koalicioni \u00ebsht\u00eb b\u00ebr\u00eb mbi baz\u00ebn e rekordeve elektorale. Un\u00eb nuk di ndonj\u00eb teknik\u00eb tjet\u00ebr m\u00eb t\u00eb drejt\u00eb, m\u00eb t\u00eb ndershme, se sa rekordin elektoral p\u00ebr t\u00eb b\u00ebr\u00eb koalicionin.<\/p>\n<p>Gjithmon\u00eb n\u00eb eksperienc\u00ebn e gjat\u00eb, koalicionet kan\u00eb pasur n\u00eb baz\u00eb rekordin elektoral.<\/p>\n<p>Natyrisht koalicioni i ardhsh\u00ebm do t\u00eb ket\u00eb n\u00eb baz\u00eb, rezultatin e k\u00ebtyre zgjedhjeve. Pra, nuk di ndonj\u00eb m\u00ebnyr\u00eb tjet\u00ebr, n\u00ebse do t\u00eb b\u00ebsh koalicion. P\u00ebrndryshe mos b\u00ebj koalicion, ec vet\u00eb&#8230;<\/p>\n<p>&#8230; Nj\u00eb parlament jo legjitim, nuk mund ta hap kurr\u00eb, kurr\u00eb. Nuk mund ti b\u00ebj vendit tim un\u00eb nj\u00eb antish\u00ebrbim t\u00eb till\u00eb. Harroje.<\/p>\n<p>Po t\u00eb ishte legjitim, me k\u00ebnaq\u00ebsi do ta b\u00ebja, do ta kisha patur k\u00ebnaq\u00ebsi, por ky \u00ebsht\u00eb nj\u00eb parlament jo legjitim. Nuk p\u00ebrfaq\u00ebson vullnetin e qytetar\u00ebve shqiptar\u00eb, sipas t\u00eb gjitha dokumenteve komb\u00ebtare dhe nd\u00ebrkomb\u00ebtare.<\/p>\n<p>\u00cbsht\u00eb rekomandim i K\u00ebshillit t\u00eb Europ\u00ebs q\u00eb thot\u00eb; n\u00eb Shqip\u00ebri duhet t\u00eb ndahet partia nga shteti. Kaq mjafton kjo fraz\u00eb p\u00ebr t\u00eb treguar se ky \u00ebsht\u00eb parlamenti i partis\u00eb-shtet. E si mund ta hap un\u00eb at\u00eb? Si mund t\u00eb ja lejoj vetes t\u00eb ulem un\u00eb aty? Kurr\u00eb&#8230;<\/p>\n<p>&#8230;Nuk kam biseduar me asnj\u00eb njeri, por un\u00eb shpreha mendimin tim. Nuk kam biseduar. Pas Tritanit vjen Edi Rama, apo kush vjen?<\/p>\n<p>&#8230;Thash\u00eb mos ishte Edi&#8230;<\/p>\n","protected":false},"excerpt":{"rendered":"<p>Kryetarii PD, Sali Berisha tha se, nuk mund ta hap\u00eb kurr\u00eb nj\u00eb parlament jo legjitim! \u00a0Ai th se, ky \u00ebsht\u00eb parlamenti i partis\u00eb shtet dhe nuk p\u00ebrfaq\u00ebson vullnetin e qytetar\u00ebve, por \u00ebsht\u00eb produkt i manipulimeve dhe kontrollit t\u00eb partis\u00eb-shtet. Berisha: E v\u00ebrteta \u00ebsht\u00eb q\u00eb, \u00e7do njeri ka t\u00eb drejt\u00eb q\u00eb t\u00eb ket\u00eb mendimin e tij. &hellip;<\/p>\n","protected":false},"author":4,"featured_media":121821,"comment_status":"closed","ping_status":"closed","sticky":false,"template":"","format":"standard","meta":{"footnotes":""},"categories":[37],"tags":[],"class_list":["post-121845","post","type-post","status-publish","format-standard","has-post-thumbnail","","category-politike"],"_links":{"self":[{"href":"https:\/\/rdnews.al\/index.php\/wp-json\/wp\/v2\/posts\/121845","targetHints":{"allow":["GET"]}}],"collection":[{"href":"https:\/\/rdnews.al\/index.php\/wp-json\/wp\/v2\/posts"}],"about":[{"href":"https:\/\/rdnews.al\/index.php\/wp-json\/wp\/v2\/types\/post"}],"author":[{"embeddable":true,"href":"https:\/\/rdnews.al\/index.php\/wp-json\/wp\/v2\/users\/4"}],"replies":[{"embeddable":true,"href":"https:\/\/rdnews.al\/index.php\/wp-json\/wp\/v2\/comments?post=121845"}],"version-history":[{"count":1,"href":"https:\/\/rdnews.al\/index.php\/wp-json\/wp\/v2\/posts\/121845\/revisions"}],"predecessor-version":[{"id":121846,"href":"https:\/\/rdnews.al\/index.php\/wp-json\/wp\/v2\/posts\/121845\/revisions\/121846"}],"wp:featuredmedia":[{"embeddable":true,"href":"https:\/\/rdnews.al\/index.php\/wp-json\/wp\/v2\/media\/121821"}],"wp:attachment":[{"href":"https:\/\/rdnews.al\/index.php\/wp-json\/wp\/v2\/media?parent=121845"}],"wp:term":[{"taxonomy":"category","embeddable":true,"href":"https:\/\/rdnews.al\/index.php\/wp-json\/wp\/v2\/categories?post=121845"},{"taxonomy":"post_tag","embeddable":true,"href":"https:\/\/rdnews.al\/index.php\/wp-json\/wp\/v2\/tags?post=121845"}],"curies":[{"name":"wp","href":"https:\/\/api.w.org\/{rel}","templated":true}]}}