{"id":121884,"date":"2025-08-26T19:59:35","date_gmt":"2025-08-26T19:59:35","guid":{"rendered":"https:\/\/rdnews.al\/?p=121884"},"modified":"2025-08-26T19:59:35","modified_gmt":"2025-08-26T19:59:35","slug":"trump-rikthen-rendin-ne-uashington-kush-vret-do-te-vritet","status":"publish","type":"post","link":"https:\/\/rdnews.al\/index.php\/2025\/08\/26\/trump-rikthen-rendin-ne-uashington-kush-vret-do-te-vritet\/","title":{"rendered":"Trump rikthen rendin n\u00eb Uashington\/ Kush vret do t\u00eb vritet"},"content":{"rendered":"<p>Presidenti amerikan, Donald Trump ka th\u00ebn\u00eb t\u00eb mart\u00ebn se do t\u00eb k\u00ebrkoj\u00eb d\u00ebnime me vdekje p\u00ebr vras\u00ebsit n\u00eb Uashington, n\u00eb kuad\u00ebr t\u00eb luftimit t\u00eb atij q\u00eb e p\u00ebrshkruan si krim t\u00eb dal\u00eb p\u00ebrtej kontrollit n\u00eb kryeqytetin amerikan.<\/p>\n<p>\u201cN\u00ebse dikush vret dik\u00eb n\u00eb Uashington, ne do t\u00eb k\u00ebrkojm\u00eb d\u00ebnim me vdekje\u201d, ka th\u00ebn\u00eb Trump n\u00eb nj\u00eb takim t\u00eb kabinetit t\u00eb tij n\u00eb Sht\u00ebpin\u00eb e Bardh\u00eb.<\/p>\n<p>\u201c\u00cbsht\u00eb mas\u00eb e fuqishme parandaluese dhe secili q\u00eb ka d\u00ebgjuar p\u00ebr t\u00eb, pajtohet\u201d.<\/p>\n<p>Propozimi p\u00ebr d\u00ebnim me vdekje vjen pasi republikani Trump e ka angazhuar Gard\u00ebn Komb\u00ebtare n\u00eb Uashingtonin e udh\u00ebhequr nga demokrat\u00ebt, dhe e ka marr\u00eb kontrollin federal t\u00eb departamentit policor t\u00eb qytetit m\u00eb her\u00ebt gjat\u00eb muajit.<\/p>\n<p>Uashingtoni e ka pezulluar d\u00ebnimin me vdekje m\u00eb 1981.<\/p>\n<p>Kryeqyteti amerikan ka status unik ligjor pasi nuk \u00ebsht\u00eb shtet dhe operon sipas nj\u00eb marr\u00ebveshjeje me Qeverin\u00eb federale, e cila ia kufizon autonomin\u00eb dhe i mund\u00ebson Kongresit kontroll t\u00eb jasht\u00ebzakonsh\u00ebm n\u00eb \u00e7\u00ebshtjet lokale.<\/p>\n<p>Trump e ka shfryt\u00ebzuar k\u00ebt\u00eb hap\u00ebsir\u00eb ligjore p\u00ebr t\u00eb angazhuar Gard\u00ebn Komb\u00ebtare n\u00eb Uashington m\u00eb her\u00ebt gjat\u00eb muajit p\u00ebr t\u00eb luftuar at\u00eb q\u00eb e ka p\u00ebrshkruar si krim, por dhe numrin e madh t\u00eb t\u00eb pastreh\u00ebve.<\/p>\n<p>Presidenti amerikan \u00ebsht\u00eb mburrur t\u00eb h\u00ebn\u00ebn q\u00eb jan\u00eb regjistruar disa dit\u00eb pa vrasje n\u00eb qytet dhe ka b\u00ebr\u00eb t\u00eb ditur se do t\u00eb marr\u00eb hapa p\u00ebr ta zbukuruar qytetin n\u00eb t\u00eb cilin gjendet Sht\u00ebpia e Bardh\u00eb, Kongresi amerikan dhe institucione tjera t\u00eb r\u00ebnd\u00ebsishme amerikane.<\/p>\n<p>Prej t\u00eb diel\u00ebs, pjes\u00ebtar\u00ebt e Gard\u00ebs Komb\u00ebtare kan\u00eb nisur t\u00eb l\u00ebvizin me arm\u00eb n\u00ebp\u00ebr rrug\u00ebt e Uashingtonit.<\/p>\n<p>Trump ka th\u00ebn\u00eb se po e shqyrton mund\u00ebsin\u00eb e marrjes s\u00eb masave t\u00eb ngjashme edhe n\u00eb qytetet tjera t\u00eb drejtuara nga demokrat\u00ebt, p\u00ebrfshir\u00eb \u00c7ikagon, Nju Jorkun dhe Baltimoren.<\/p>\n","protected":false},"excerpt":{"rendered":"<p>Presidenti amerikan, Donald Trump ka th\u00ebn\u00eb t\u00eb mart\u00ebn se do t\u00eb k\u00ebrkoj\u00eb d\u00ebnime me vdekje p\u00ebr vras\u00ebsit n\u00eb Uashington, n\u00eb kuad\u00ebr t\u00eb luftimit t\u00eb atij q\u00eb e p\u00ebrshkruan si krim t\u00eb dal\u00eb p\u00ebrtej kontrollit n\u00eb kryeqytetin amerikan. \u201cN\u00ebse dikush vret dik\u00eb n\u00eb Uashington, ne do t\u00eb k\u00ebrkojm\u00eb d\u00ebnim me vdekje\u201d, ka th\u00ebn\u00eb Trump n\u00eb nj\u00eb &hellip;<\/p>\n","protected":false},"author":3,"featured_media":121885,"comment_status":"closed","ping_status":"closed","sticky":false,"template":"","format":"standard","meta":{"footnotes":""},"categories":[38],"tags":[],"class_list":["post-121884","post","type-post","status-publish","format-standard","has-post-thumbnail","","category-bota"],"_links":{"self":[{"href":"https:\/\/rdnews.al\/index.php\/wp-json\/wp\/v2\/posts\/121884","targetHints":{"allow":["GET"]}}],"collection":[{"href":"https:\/\/rdnews.al\/index.php\/wp-json\/wp\/v2\/posts"}],"about":[{"href":"https:\/\/rdnews.al\/index.php\/wp-json\/wp\/v2\/types\/post"}],"author":[{"embeddable":true,"href":"https:\/\/rdnews.al\/index.php\/wp-json\/wp\/v2\/users\/3"}],"replies":[{"embeddable":true,"href":"https:\/\/rdnews.al\/index.php\/wp-json\/wp\/v2\/comments?post=121884"}],"version-history":[{"count":1,"href":"https:\/\/rdnews.al\/index.php\/wp-json\/wp\/v2\/posts\/121884\/revisions"}],"predecessor-version":[{"id":121886,"href":"https:\/\/rdnews.al\/index.php\/wp-json\/wp\/v2\/posts\/121884\/revisions\/121886"}],"wp:featuredmedia":[{"embeddable":true,"href":"https:\/\/rdnews.al\/index.php\/wp-json\/wp\/v2\/media\/121885"}],"wp:attachment":[{"href":"https:\/\/rdnews.al\/index.php\/wp-json\/wp\/v2\/media?parent=121884"}],"wp:term":[{"taxonomy":"category","embeddable":true,"href":"https:\/\/rdnews.al\/index.php\/wp-json\/wp\/v2\/categories?post=121884"},{"taxonomy":"post_tag","embeddable":true,"href":"https:\/\/rdnews.al\/index.php\/wp-json\/wp\/v2\/tags?post=121884"}],"curies":[{"name":"wp","href":"https:\/\/api.w.org\/{rel}","templated":true}]}}