{"id":121904,"date":"2025-08-27T10:23:39","date_gmt":"2025-08-27T10:23:39","guid":{"rendered":"https:\/\/rdnews.al\/?p=121904"},"modified":"2025-08-27T10:31:15","modified_gmt":"2025-08-27T10:31:15","slug":"fantazia-e-mashtruesit-ska-kufi-drone-me-kamera-termike-kunder-zjarreve","status":"publish","type":"post","link":"https:\/\/rdnews.al\/index.php\/2025\/08\/27\/fantazia-e-mashtruesit-ska-kufi-drone-me-kamera-termike-kunder-zjarreve\/","title":{"rendered":"Fantazia e mashtruesit s&#8217;ka kufi: Dron\u00eb me kamera termike kund\u00ebr zjarreve"},"content":{"rendered":"<p><strong>Pasi ka l\u00ebn\u00eb t\u00eb digjen mbi 110 mij\u00eb hektar\u00eb pyje n\u00eb 2 vite kryemashtruesi i k\u00ebtij vendi ka shfrenuar s\u00ebrish fantazin\u00eb. Pas satelit\u00ebve, tani ai thot\u00eb se do t\u00eb p\u00ebrdor\u00eb kamera termike kund\u00ebr zjarreve.<\/strong><\/p>\n<p>Rama ka deklaruar se shum\u00eb shpejt edhe Shqip\u00ebria do t\u00eb ket\u00eb flot\u00ebn e avion\u00ebve p\u00ebr t\u2019u p\u00ebrballur me situatat e zjarreve.<\/p>\n<p>Rama u shpreh se flota do t\u00eb nis\u00eb me dy avion\u00eb zjarrfik\u00ebs, nd\u00ebrkoh\u00eb q\u00eb qeveria po p\u00ebrgatit nj\u00eb strategji t\u00eb re p\u00ebr parandalimin dhe menaxhimin m\u00eb efikas t\u00eb situatave t\u00eb zjarrit.<\/p>\n<p>Kreu i qeveris\u00eb foli gjithashtu p\u00ebr investime t\u00eb reja n\u00eb teknologji dhe infrastruktur\u00eb, duke p\u00ebrfshir\u00eb sisteme alarmi t\u00eb hersh\u00ebm dhe qendra t\u00eb integruara t\u00eb kontrollit, t\u00eb cilat do t\u00eb mund\u00ebsojn\u00eb nj\u00eb reagim m\u00eb t\u00eb shpejt\u00eb dhe m\u00eb t\u00eb koordinuar me mjetet tok\u00ebsore.<\/p>\n<p>\u201cEdhe ne do t\u00eb kemi s\u00eb shpejti flot\u00ebn e avion\u00ebve tan\u00eb, e cila do t\u00eb nis\u00eb t\u00eb nd\u00ebrtohet me dy avion\u00eb zjarrfik\u00ebs, por \u201cmagjia\u201d \u00ebsht\u00eb bashk\u00ebrendimi dhe sakrifica n\u00eb tok\u00eb.<\/p>\n<p>Po p\u00ebrgatitemi p\u00ebr \u00e7far\u00eb mund t\u00eb b\u00ebjm\u00eb m\u00eb shum\u00eb. Parandalim me t\u00eb men\u00e7ur, pastrim pyjesh, krijim korridoresh natyrore, futje n\u00eb p\u00ebrdorim t\u00eb m\u00eb shum\u00eb dron\u00ebve n\u00eb p\u00ebrdorim me kamera termike dhe futjen n\u00eb p\u00ebrdorim t\u00eb dron\u00ebve p\u00ebr mbjelljet e reja n\u00eb sip\u00ebrfaqet e djegura.<\/p>\n<p>Teknologji dhe inteligjenc\u00eb \u00a0me sisteme alarmi t\u00eb hersh\u00ebm dhe nj\u00eb funksionim m\u00eb i mir\u00eb fal\u00eb edhe investimeve q\u00eb duhet t\u00eb b\u00ebjm\u00eb m\u00eb tej i qendrave t\u00eb integruara t\u00eb kontrollit p\u00ebr t\u00eb pasur nj\u00eb reagim m\u00eb t\u00eb shpejte me mjete tok\u00ebsore\u201d, tha kryeministri Rama ne ceremonin\u00eb e Mir\u00ebnjohjes Komb\u00ebtare t\u00eb dh\u00ebnies s\u00eb medaljeve dhe shp\u00ebrblimeve p\u00ebr t\u00eb gjith\u00eb forcat e angazhuara n\u00eb operacionet e shp\u00ebtimit ndaj zjarreve.<\/p>\n","protected":false},"excerpt":{"rendered":"<p>Pasi ka l\u00ebn\u00eb t\u00eb digjen mbi 110 mij\u00eb hektar\u00eb pyje n\u00eb 2 vite kryemashtruesi i k\u00ebtij vendi ka shfrenuar s\u00ebrish fantazin\u00eb. Pas satelit\u00ebve, tani ai thot\u00eb se do t\u00eb p\u00ebrdor\u00eb kamera termike kund\u00ebr zjarreve. Rama ka deklaruar se shum\u00eb shpejt edhe Shqip\u00ebria do t\u00eb ket\u00eb flot\u00ebn e avion\u00ebve p\u00ebr t\u2019u p\u00ebrballur me situatat e zjarreve. &hellip;<\/p>\n","protected":false},"author":3,"featured_media":121906,"comment_status":"closed","ping_status":"closed","sticky":false,"template":"","format":"standard","meta":{"footnotes":""},"categories":[37],"tags":[],"class_list":["post-121904","post","type-post","status-publish","format-standard","has-post-thumbnail","","category-politike"],"_links":{"self":[{"href":"https:\/\/rdnews.al\/index.php\/wp-json\/wp\/v2\/posts\/121904","targetHints":{"allow":["GET"]}}],"collection":[{"href":"https:\/\/rdnews.al\/index.php\/wp-json\/wp\/v2\/posts"}],"about":[{"href":"https:\/\/rdnews.al\/index.php\/wp-json\/wp\/v2\/types\/post"}],"author":[{"embeddable":true,"href":"https:\/\/rdnews.al\/index.php\/wp-json\/wp\/v2\/users\/3"}],"replies":[{"embeddable":true,"href":"https:\/\/rdnews.al\/index.php\/wp-json\/wp\/v2\/comments?post=121904"}],"version-history":[{"count":2,"href":"https:\/\/rdnews.al\/index.php\/wp-json\/wp\/v2\/posts\/121904\/revisions"}],"predecessor-version":[{"id":121909,"href":"https:\/\/rdnews.al\/index.php\/wp-json\/wp\/v2\/posts\/121904\/revisions\/121909"}],"wp:featuredmedia":[{"embeddable":true,"href":"https:\/\/rdnews.al\/index.php\/wp-json\/wp\/v2\/media\/121906"}],"wp:attachment":[{"href":"https:\/\/rdnews.al\/index.php\/wp-json\/wp\/v2\/media?parent=121904"}],"wp:term":[{"taxonomy":"category","embeddable":true,"href":"https:\/\/rdnews.al\/index.php\/wp-json\/wp\/v2\/categories?post=121904"},{"taxonomy":"post_tag","embeddable":true,"href":"https:\/\/rdnews.al\/index.php\/wp-json\/wp\/v2\/tags?post=121904"}],"curies":[{"name":"wp","href":"https:\/\/api.w.org\/{rel}","templated":true}]}}