{"id":121920,"date":"2025-08-27T11:35:44","date_gmt":"2025-08-27T11:35:44","guid":{"rendered":"https:\/\/rdnews.al\/?p=121920"},"modified":"2025-08-27T11:35:44","modified_gmt":"2025-08-27T11:35:44","slug":"skandali-rama-kerkon-denimin-e-gjyqtareve-dhe-te-prokuroreve","status":"publish","type":"post","link":"https:\/\/rdnews.al\/index.php\/2025\/08\/27\/skandali-rama-kerkon-denimin-e-gjyqtareve-dhe-te-prokuroreve\/","title":{"rendered":"Skandali\/ Rama k\u00ebrkon d\u00ebnimin e gjyqtar\u00ebve dhe t\u00eb prokuror\u00ebve"},"content":{"rendered":"<div class=\"xdj266r x14z9mp xat24cr x1lziwak x1vvkbs x126k92a\">\n<div dir=\"auto\"><strong>Ivi KASO<\/strong><\/div>\n<div dir=\"auto\"><\/div>\n<div dir=\"auto\">Paralajm\u00ebrimi i sot\u00ebm i Edi Ram\u00ebs p\u00ebr gjyqtar\u00ebt dhe prokuror\u00ebt nuk \u00ebsht\u00eb as lajthitje e \u00e7astit, as produkt i ndonj\u00eb vizioni distopik p\u00ebr Kushtetut\u00ebn.<\/div>\n<\/div>\n<div class=\"x14z9mp xat24cr x1lziwak x1vvkbs xtlvy1s x126k92a\">\n<div dir=\"auto\">Nuk \u00ebsht\u00eb as pasoj\u00eb padijeje, kur b\u00ebn sikur harron se drejt\u00ebsia \u00ebsht\u00eb vet\u00eb shteti dhe jo veg\u00ebl e ekzekutivit t\u00eb tij t\u00eb korruptuar, q\u00eb ka uzurpuar atributet e \u00e7do pushteti.<\/div>\n<\/div>\n<div class=\"x14z9mp xat24cr x1lziwak x1vvkbs xtlvy1s x126k92a\">\n<div dir=\"auto\">Ky \u00ebsht\u00eb nj\u00eb k\u00ebrc\u00ebnim i hapur: vet\u00ebm gjyqtar\u00ebt dhe prokuror\u00ebt q\u00eb konformohen me objektivin e tij politik, \u201cShqip\u00ebria 2030\u201d, do t\u00eb shpallen \u201czyrtar\u00eb shteti\u201d. T\u00eb tjer\u00ebt do t\u00eb stigmatizohen e sulmohen, si\u00e7 kemi par\u00eb jav\u00ebt e fundit, n\u00eb stilin e nj\u00eb mazhorance q\u00eb skandalet e p\u00ebrditshme p\u00ebrpiqet t\u2019i mbuloj\u00eb me shosh\u00ebn e retorik\u00ebs p\u00ebr drejt\u00ebsi.<\/div>\n<\/div>\n<div class=\"x14z9mp xat24cr x1lziwak x1vvkbs xtlvy1s x126k92a\">\n<div dir=\"auto\">Ky \u00ebsht\u00eb paralajm\u00ebrimi p\u00ebrfundimtar p\u00ebr ata q\u00eb ende ushqejn\u00eb iluzionin e \u201cReform\u00ebs n\u00eb Drejt\u00ebsi\u201d. Sot u \u00ebsht\u00eb b\u00ebr\u00eb e qart\u00eb se reforma nuk \u00ebsht\u00eb m\u00eb projekt p\u00ebr shtet ligjor, por p\u00ebr shtet partie.<\/div>\n<\/div>\n","protected":false},"excerpt":{"rendered":"<p>Ivi KASO Paralajm\u00ebrimi i sot\u00ebm i Edi Ram\u00ebs p\u00ebr gjyqtar\u00ebt dhe prokuror\u00ebt nuk \u00ebsht\u00eb as lajthitje e \u00e7astit, as produkt i ndonj\u00eb vizioni distopik p\u00ebr Kushtetut\u00ebn. Nuk \u00ebsht\u00eb as pasoj\u00eb padijeje, kur b\u00ebn sikur harron se drejt\u00ebsia \u00ebsht\u00eb vet\u00eb shteti dhe jo veg\u00ebl e ekzekutivit t\u00eb tij t\u00eb korruptuar, q\u00eb ka uzurpuar atributet e \u00e7do &hellip;<\/p>\n","protected":false},"author":3,"featured_media":121921,"comment_status":"closed","ping_status":"closed","sticky":false,"template":"","format":"standard","meta":{"footnotes":""},"categories":[37],"tags":[],"class_list":["post-121920","post","type-post","status-publish","format-standard","has-post-thumbnail","","category-politike"],"_links":{"self":[{"href":"https:\/\/rdnews.al\/index.php\/wp-json\/wp\/v2\/posts\/121920","targetHints":{"allow":["GET"]}}],"collection":[{"href":"https:\/\/rdnews.al\/index.php\/wp-json\/wp\/v2\/posts"}],"about":[{"href":"https:\/\/rdnews.al\/index.php\/wp-json\/wp\/v2\/types\/post"}],"author":[{"embeddable":true,"href":"https:\/\/rdnews.al\/index.php\/wp-json\/wp\/v2\/users\/3"}],"replies":[{"embeddable":true,"href":"https:\/\/rdnews.al\/index.php\/wp-json\/wp\/v2\/comments?post=121920"}],"version-history":[{"count":1,"href":"https:\/\/rdnews.al\/index.php\/wp-json\/wp\/v2\/posts\/121920\/revisions"}],"predecessor-version":[{"id":121922,"href":"https:\/\/rdnews.al\/index.php\/wp-json\/wp\/v2\/posts\/121920\/revisions\/121922"}],"wp:featuredmedia":[{"embeddable":true,"href":"https:\/\/rdnews.al\/index.php\/wp-json\/wp\/v2\/media\/121921"}],"wp:attachment":[{"href":"https:\/\/rdnews.al\/index.php\/wp-json\/wp\/v2\/media?parent=121920"}],"wp:term":[{"taxonomy":"category","embeddable":true,"href":"https:\/\/rdnews.al\/index.php\/wp-json\/wp\/v2\/categories?post=121920"},{"taxonomy":"post_tag","embeddable":true,"href":"https:\/\/rdnews.al\/index.php\/wp-json\/wp\/v2\/tags?post=121920"}],"curies":[{"name":"wp","href":"https:\/\/api.w.org\/{rel}","templated":true}]}}