{"id":121987,"date":"2025-08-28T09:55:29","date_gmt":"2025-08-28T09:55:29","guid":{"rendered":"https:\/\/rdnews.al\/?p=121987"},"modified":"2025-08-28T10:00:44","modified_gmt":"2025-08-28T10:00:44","slug":"kalaja-pse-spak-nuk-jep-asnje-informacion-per-fazen-e-hetimeve-rama-mcgonigal","status":"publish","type":"post","link":"https:\/\/rdnews.al\/index.php\/2025\/08\/28\/kalaja-pse-spak-nuk-jep-asnje-informacion-per-fazen-e-hetimeve-rama-mcgonigal\/","title":{"rendered":"Avokatja: Pse SPAK nuk jep asnj\u00eb informacion p\u00ebr faz\u00ebn e hetimeve Rama-McGonigal"},"content":{"rendered":"<p>Avokatja Adrijana Kalaja, n\u00eb nj\u00eb deklarat\u00eb p\u00ebr mediat tha se, ka nd\u00ebrmarr\u00eb disa p\u00ebrpjekje p\u00ebr t\u00eb marr\u00eb informacion zyrtar nga SPAK lidhur me hetimet n\u00eb \u00e7\u00ebshtjen McGonigal, n\u00eb t\u00eb cil\u00ebn m\u00eb 21 mars 2025 u depozituan prova t\u00eb reja.<\/p>\n<p>Kalaja theksoi se, megjith\u00ebse k\u00ebrkoi informacionin brenda afateve ligjore, p\u00ebrgjigje nuk mori deri m\u00eb 29 maj, kur u njoftua se p\u00ebrgjigjet do t\u2019i jepeshin vet\u00ebm kall\u00ebzuesit dhe jo asaj, duke e l\u00ebn\u00eb pa mund\u00ebsi p\u00ebr t\u00eb ndjekur procesin n\u00eb interes t\u00eb drejt\u00ebsis\u00eb dhe publikut.<\/p>\n<p>&#8220;Lidhur me kall\u00ebzimin q\u00eb \u00ebsht\u00eb b\u00ebr\u00eb m\u00eb her\u00ebt nga Gazment Bardhi p\u00ebr \u00e7\u00ebshtjen \u201cMcGonigal\u201d dhe kall\u00ebzimin shtes\u00eb q\u00eb \u00ebsht\u00eb b\u00ebr\u00eb nga un\u00eb m\u00eb dat\u00ebn 21 mars 2025, po p\u00ebr \u00e7\u00ebshtjen \u201cMcGonigal\u201d, p\u00ebr t\u00eb cil\u00ebn dol\u00ebn prova t\u00eb reja n\u00eb SHBA, t\u00eb cilat krijuan indicie nga ana jon\u00eb p\u00ebr t\u00eb depozituar kall\u00ebzimin penal.<\/p>\n<p>Nd\u00ebrkoh\u00eb, m\u00eb dat\u00eb 18 mars 2025, ne k\u00ebrkuam nj\u00eb informacion t\u00eb holl\u00ebsish\u00ebm lidhur me faz\u00ebn n\u00eb t\u00eb cil\u00ebn ndodheshin hetimet nga ana e SPAK, k\u00ebrkes\u00eb e cila nuk mori p\u00ebrgjigje deri m\u00eb dat\u00eb 29 maj, kur un\u00eb jam drejtuar me nj\u00eb k\u00ebrkes\u00eb t\u00eb dyt\u00eb SPAK-ut p\u00ebr nj\u00eb informacion duke k\u00ebrkuar ruajtjen e sekretit hetimor, por duke na dh\u00ebn\u00eb informacion p\u00ebr nj\u00eb \u00e7\u00ebshtje aq t\u00eb r\u00ebnd\u00ebsishme q\u00eb prek interesat jo vet\u00ebm t\u00eb Shqip\u00ebris\u00eb, por edhe t\u00eb SHBA.<\/p>\n<p>K\u00ebrkes\u00eb kjo e cila jo vet\u00ebm q\u00eb nuk mori p\u00ebrgjigje, por \u00e7udit\u00ebrisht m\u00eb dat\u00eb 29 maj, kur un\u00eb k\u00ebt\u00eb k\u00ebrkes\u00eb ja kam b\u00ebr\u00eb me dije ambasad\u00ebs, Kongresit dhe Senatit Amerikan, m\u00eb vjen nj\u00eb p\u00ebrgjigje nga zoti Dumani, ku sqarohet se p\u00ebrgjigjet lidhur me k\u00ebt\u00eb k\u00ebrkes\u00eb do t\u2019ia adresonte vet\u00ebm kall\u00ebzuesit, ku n\u00eb k\u00ebt\u00eb rast \u00ebsht\u00eb Bardhi.<\/p>\n<p>Un\u00eb jam drejtuar SPAK jo si individ, por p\u00ebr \u00e7\u00ebshtje t\u00eb cilat i takojn\u00eb Partis\u00eb Demokratike dhe mbi t\u00eb gjitha p\u00ebr \u00e7\u00ebshtje q\u00eb kan\u00eb interes publik.<\/p>\n<p>Sjellim n\u00eb v\u00ebmendje k\u00ebtu rastin e ngjash\u00ebm t\u00eb Agron Malajt, ku kall\u00ebzimi i par\u00eb \u00ebsht\u00eb b\u00ebr\u00eb nga deputeti Flamur Noka dhe informacioni i k\u00ebrkuar nga un\u00eb, me cil\u00ebsin\u00eb e kryetares s\u00eb Komisionit t\u00eb Apelimit, \u00ebsht\u00eb v\u00ebn\u00eb n\u00eb dispozicion nga SPAK.<\/p>\n<p>Shkelja e tret\u00eb lidhet me shp\u00ebrdorim detyre dhe ligji thot\u00eb se, edhe sikur k\u00ebrkesa t\u00eb refuzohet, p\u00ebrgjigjja duhet t\u00eb jepet brenda 10 dit\u00ebve&#8221;, tha Kalaja.<\/p>\n","protected":false},"excerpt":{"rendered":"<p>Avokatja Adrijana Kalaja, n\u00eb nj\u00eb deklarat\u00eb p\u00ebr mediat tha se, ka nd\u00ebrmarr\u00eb disa p\u00ebrpjekje p\u00ebr t\u00eb marr\u00eb informacion zyrtar nga SPAK lidhur me hetimet n\u00eb \u00e7\u00ebshtjen McGonigal, n\u00eb t\u00eb cil\u00ebn m\u00eb 21 mars 2025 u depozituan prova t\u00eb reja. Kalaja theksoi se, megjith\u00ebse k\u00ebrkoi informacionin brenda afateve ligjore, p\u00ebrgjigje nuk mori deri m\u00eb 29 maj, &hellip;<\/p>\n","protected":false},"author":4,"featured_media":38451,"comment_status":"closed","ping_status":"closed","sticky":false,"template":"","format":"standard","meta":{"footnotes":""},"categories":[37],"tags":[],"class_list":["post-121987","post","type-post","status-publish","format-standard","has-post-thumbnail","","category-politike"],"_links":{"self":[{"href":"https:\/\/rdnews.al\/index.php\/wp-json\/wp\/v2\/posts\/121987","targetHints":{"allow":["GET"]}}],"collection":[{"href":"https:\/\/rdnews.al\/index.php\/wp-json\/wp\/v2\/posts"}],"about":[{"href":"https:\/\/rdnews.al\/index.php\/wp-json\/wp\/v2\/types\/post"}],"author":[{"embeddable":true,"href":"https:\/\/rdnews.al\/index.php\/wp-json\/wp\/v2\/users\/4"}],"replies":[{"embeddable":true,"href":"https:\/\/rdnews.al\/index.php\/wp-json\/wp\/v2\/comments?post=121987"}],"version-history":[{"count":2,"href":"https:\/\/rdnews.al\/index.php\/wp-json\/wp\/v2\/posts\/121987\/revisions"}],"predecessor-version":[{"id":121989,"href":"https:\/\/rdnews.al\/index.php\/wp-json\/wp\/v2\/posts\/121987\/revisions\/121989"}],"wp:featuredmedia":[{"embeddable":true,"href":"https:\/\/rdnews.al\/index.php\/wp-json\/wp\/v2\/media\/38451"}],"wp:attachment":[{"href":"https:\/\/rdnews.al\/index.php\/wp-json\/wp\/v2\/media?parent=121987"}],"wp:term":[{"taxonomy":"category","embeddable":true,"href":"https:\/\/rdnews.al\/index.php\/wp-json\/wp\/v2\/categories?post=121987"},{"taxonomy":"post_tag","embeddable":true,"href":"https:\/\/rdnews.al\/index.php\/wp-json\/wp\/v2\/tags?post=121987"}],"curies":[{"name":"wp","href":"https:\/\/api.w.org\/{rel}","templated":true}]}}