{"id":122000,"date":"2025-08-28T11:07:02","date_gmt":"2025-08-28T11:07:02","guid":{"rendered":"https:\/\/rdnews.al\/?p=122000"},"modified":"2025-08-28T11:07:02","modified_gmt":"2025-08-28T11:07:02","slug":"berisha-akuzat-e-trump-nje-akt-historik-soros-dhe-i-biri-ndihmuan-edi-ramen-per-te-ngritur-narkoshtetin-monist-ne-shqiperi","status":"publish","type":"post","link":"https:\/\/rdnews.al\/index.php\/2025\/08\/28\/berisha-akuzat-e-trump-nje-akt-historik-soros-dhe-i-biri-ndihmuan-edi-ramen-per-te-ngritur-narkoshtetin-monist-ne-shqiperi\/","title":{"rendered":"Berisha: Akuzat e Trump nj\u00eb akt historik! Soros dhe i biri ndihmuan Edi Ram\u00ebn p\u00ebr t\u00eb ngritur narkoshtetin monist n\u00eb Shqip\u00ebri"},"content":{"rendered":"<p>Kryetari i PD,\u00a0Sali Berisha, n\u00eb nj\u00eb deklarat\u00eb p\u00ebr mediat tha se, n\u00eb nj\u00eb akt historik, presidenti i SHBA, akuzoi dje bazuar n\u00eb aktin ligjor t\u00eb RICO-s, Xhorxh Sorosin dhe djalin e tij, ekstremist t\u00eb majt\u00eb, Aleksis Soros si organizat\u00eb kriminale q\u00eb kan\u00eb ushtruar nj\u00eb veprimtari intensive kund\u00ebr rendit dhe siguris\u00eb s\u00eb SHBA.<br \/>\nBerisha rip\u00ebrs\u00ebriti q\u00ebndrimin e tij ndaj George\u00a0Soros dhe djalit t\u00eb tij, duke rikujtuar fjal\u00ebt e presidentit amerikan q\u00eb pak dit\u00eb m\u00eb par\u00eb i ka cil\u00ebsuar ata si element\u00eb t\u00eb nj\u00eb organizate kriminale me an\u00eb t\u00eb ligjit RICO.<br \/>\n\u201cN\u00eb nj\u00eb akt historik, presidenti i SHBA, akuzoi dje bazuar n\u00eb aktin ligjor t\u00eb RICO-s, Xhorxh Sorosin dhe djalin e tij, ekstremist t\u00eb majt\u00eb, Aleksis Soros si organizat\u00eb kriminale q\u00eb kan\u00eb ushtruar nj\u00eb veprimtari intensive kund\u00ebr rendit dhe siguris\u00eb s\u00eb SHBA.<br \/>\nXhorxh Sorosi dhe i biri i tij jan\u00eb sot mb\u00ebshtetja kryesore e grupeve kryesore dhe ideologjis\u00eb marksiste dhe post-marksiste n\u00eb SHBA dhe n\u00eb bot\u00eb.<br \/>\nUn\u00eb vij sot edhe p\u00ebr t\u00eb rikujtuar se 8 vite m\u00eb par\u00eb e kam shpallur Sorosin nj\u00eb monst\u00ebr t\u00eb njer\u00ebzimit.<br \/>\nI kam k\u00ebrkuar publikisht Senatit dhe Kongresit t\u00eb SHBA q\u00eb t\u00eb ndalojn\u00eb me ligj veprimtarin\u00eb e tij kriminale, antidemokratike jasht\u00eb SHBA.<br \/>\nT\u00eb nj\u00ebjt\u00ebn k\u00ebrkes\u00eb i kam paraqitur publikisht edhe Parlamentit Europian.<br \/>\nP\u00ebr Shqip\u00ebrin\u00eb, e kam konsideruar dhe e konsideroj at\u00eb nj\u00eb armik t\u00eb eg\u00ebr t\u00eb demokracis\u00eb shqiptare.<br \/>\nE v\u00ebrteta \u00ebsht\u00eb se po n\u00eb k\u00ebt\u00eb fjal\u00eb publike, un\u00eb k\u00ebrkova shpalljen e tij non-grata.<br \/>\nGjat\u00eb k\u00ebtyre viteve ai p\u00ebrdori t\u00eb gjith\u00eb fuqin\u00eb e tij politike, monetare kund\u00ebr demokracis\u00eb n\u00eb Shqip\u00ebri, n\u00eb mb\u00ebshtetje t\u00eb nj\u00eb organizate kriminale q\u00eb kryesohet nga Edi Rama.<br \/>\nPor rikujtoj shqiptar\u00ebt se Soros dhe i biri, pas Nju Jorkut, kryeqytetin e dyt\u00eb m\u00eb t\u00eb r\u00ebnd\u00ebsish\u00ebm n\u00eb bot\u00eb kan\u00eb pasur Tiran\u00ebn.<br \/>\nN\u00eb Tiran\u00ebm, ata, me investimet e tyre t\u00eb pakufishme financiare, me lobimet e tyre kriminale, ata arrit\u00ebn t\u00eb transformojn\u00eb rendin demokratik dhe Kushtetut\u00ebn e vendit.<br \/>\nP\u00ebr t\u00eb konsoliduar pushtetin e krimit t\u00eb Edi Ram\u00ebs, Xhorxh Soros, fondacioni i tij dhe i biri i tij, u angazhuan n\u00eb t\u00eb ashtuquajturat reforma q\u00eb kishin vet\u00ebm nj\u00eb q\u00ebllim: monizmin dhe narkoshtetin n\u00eb Shqip\u00ebri.<br \/>\nAta ndikuan shum\u00eb n\u00eb administrat\u00ebn e Xho Bajden, por ndikuan edhe n\u00eb kancelari t\u00eb tjera.<br \/>\nAta u b\u00ebn\u00eb mb\u00ebshtetje kryesore e dhunimit t\u00eb zgjedhjeve dhe pranimit t\u00eb zgjedhjeve t\u00eb dhunuara pa u num\u00ebruar ende votat si\u00e7 ishte rasti i vitit 2021.<br \/>\nAta u b\u00ebn\u00eb mburoj\u00eb e kanabizimit t\u00eb plot\u00eb t\u00eb vendit dhe m\u00eb von\u00eb hapjes s\u00eb karteleve t\u00eb drog\u00ebs, m\u00eb t\u00eb fuqishme n\u00eb Europ\u00eb.<br \/>\nShtoj k\u00ebtu se ai dyshim i madh q\u00eb ekziston p\u00ebr udh\u00ebtimet me \u00e7arter t\u00eb Edi Ram\u00ebs, 140 udh\u00ebtime n\u00eb 2 vite, p\u00ebr t\u00eb cilat ka indicie se jan\u00eb transportuar para dhe drog\u00eb me valixhe diplomatike, dyshime shum\u00eb serioze ngrihen mbi vizitat 2-3 javore t\u00eb viteve t\u00eb fundit n\u00eb Shqip\u00ebri t\u00eb Aleksand\u00ebr Sorosit.<br \/>\nSe cili ka qen\u00eb motivi i tyre, por k\u00ebto vizita me avion n\u00eb dispozicion dhe fluturime, kan\u00eb pa asnj\u00eb diskutim dyshime t\u00eb m\u00ebdha\u201d, u shpreh Berisha.<\/p>\n","protected":false},"excerpt":{"rendered":"<p>Kryetari i PD,\u00a0Sali Berisha, n\u00eb nj\u00eb deklarat\u00eb p\u00ebr mediat tha se, n\u00eb nj\u00eb akt historik, presidenti i SHBA, akuzoi dje bazuar n\u00eb aktin ligjor t\u00eb RICO-s, Xhorxh Sorosin dhe djalin e tij, ekstremist t\u00eb majt\u00eb, Aleksis Soros si organizat\u00eb kriminale q\u00eb kan\u00eb ushtruar nj\u00eb veprimtari intensive kund\u00ebr rendit dhe siguris\u00eb s\u00eb SHBA. Berisha rip\u00ebrs\u00ebriti q\u00ebndrimin &hellip;<\/p>\n","protected":false},"author":4,"featured_media":122001,"comment_status":"closed","ping_status":"closed","sticky":false,"template":"","format":"standard","meta":{"footnotes":""},"categories":[37],"tags":[],"class_list":["post-122000","post","type-post","status-publish","format-standard","has-post-thumbnail","","category-politike"],"_links":{"self":[{"href":"https:\/\/rdnews.al\/index.php\/wp-json\/wp\/v2\/posts\/122000","targetHints":{"allow":["GET"]}}],"collection":[{"href":"https:\/\/rdnews.al\/index.php\/wp-json\/wp\/v2\/posts"}],"about":[{"href":"https:\/\/rdnews.al\/index.php\/wp-json\/wp\/v2\/types\/post"}],"author":[{"embeddable":true,"href":"https:\/\/rdnews.al\/index.php\/wp-json\/wp\/v2\/users\/4"}],"replies":[{"embeddable":true,"href":"https:\/\/rdnews.al\/index.php\/wp-json\/wp\/v2\/comments?post=122000"}],"version-history":[{"count":1,"href":"https:\/\/rdnews.al\/index.php\/wp-json\/wp\/v2\/posts\/122000\/revisions"}],"predecessor-version":[{"id":122002,"href":"https:\/\/rdnews.al\/index.php\/wp-json\/wp\/v2\/posts\/122000\/revisions\/122002"}],"wp:featuredmedia":[{"embeddable":true,"href":"https:\/\/rdnews.al\/index.php\/wp-json\/wp\/v2\/media\/122001"}],"wp:attachment":[{"href":"https:\/\/rdnews.al\/index.php\/wp-json\/wp\/v2\/media?parent=122000"}],"wp:term":[{"taxonomy":"category","embeddable":true,"href":"https:\/\/rdnews.al\/index.php\/wp-json\/wp\/v2\/categories?post=122000"},{"taxonomy":"post_tag","embeddable":true,"href":"https:\/\/rdnews.al\/index.php\/wp-json\/wp\/v2\/tags?post=122000"}],"curies":[{"name":"wp","href":"https:\/\/api.w.org\/{rel}","templated":true}]}}